{"id":17543,"date":"2026-02-06T07:02:37","date_gmt":"2026-02-06T06:02:37","guid":{"rendered":"https:\/\/fine-weddings.de\/blog\/?p=17543"},"modified":"2026-02-06T16:10:07","modified_gmt":"2026-02-06T15:10:07","slug":"tag-der-ehe","status":"publish","type":"post","link":"https:\/\/fine-weddings.de\/blog\/tag-der-ehe\/","title":{"rendered":"Tag der Ehe: Warum die Ehe l\u00e4ngst nicht aus der Mode ist!"},"content":{"rendered":"<section class=\"wpb-content-wrapper\"><p>[vc_row][vc_column]<div class=\"ult-spacer spacer-69f0877918036\" data-id=\"69f0877918036\" data-height=\"20\" data-height-mobile=\"20\" data-height-tab=\"\" data-height-tab-portrait=\"\" data-height-mobile-landscape=\"\" style=\"clear:both;display:block;\"><\/div>[vc_column_text]<\/p>\n<p style=\"font-weight: 400;\">Was viele nicht wissen: Der Valentinstag hat gro\u00dfe Konkurrenz! Am 8. Februar feiern wir den Tag der Ehe. Das klingt erst einmal nach Trauschein, Steuerklasse und leicht angestaubter Romantik. Doch wer sich fragt,was der Tag der Ehe eigentlich ist, merkt schnell: Die Bedeutung der Ehe heute ist aktueller denn je. Zwischen Dating-Apps und neuen Beziehungsmodellen stellt sich die Frage: Warum heiraten Menschen heute noch?<\/p>\n<p>[\/vc_column_text][\/vc_column][\/vc_row][vc_row][vc_column]<div class=\"ult-spacer spacer-69f087791805d\" data-id=\"69f087791805d\" data-height=\"20\" data-height-mobile=\"20\" data-height-tab=\"\" data-height-tab-portrait=\"\" data-height-mobile-landscape=\"\" style=\"clear:both;display:block;\"><\/div><div class=\"ult-spacer spacer-69f0877918074\" data-id=\"69f0877918074\" data-height=\"20\" data-height-mobile=\"20\" data-height-tab=\"\" data-height-tab-portrait=\"\" data-height-mobile-landscape=\"\" style=\"clear:both;display:block;\"><\/div>[vc_single_image image=&#8220;17334&#8243; img_size=&#8220;full&#8220; add_caption=&#8220;yes&#8220; alignment=&#8220;center&#8220;]<div class=\"ult-spacer spacer-69f0877918089\" data-id=\"69f0877918089\" data-height=\"20\" data-height-mobile=\"20\" data-height-tab=\"\" data-height-tab-portrait=\"\" data-height-mobile-landscape=\"\" style=\"clear:both;display:block;\"><\/div><div class=\"ult-spacer spacer-69f087791809d\" data-id=\"69f087791809d\" data-height=\"20\" data-height-mobile=\"20\" data-height-tab=\"\" data-height-tab-portrait=\"\" data-height-mobile-landscape=\"\" style=\"clear:both;display:block;\"><\/div>[vc_column_text]<\/p>\n<p style=\"font-weight: 400;\"><strong>Tag der Ehe: Bedeutung und Ursprung<\/strong><\/p>\n<p style=\"font-weight: 400;\">Der Tag der Ehe findet jedes Jahr am zweiten Sonntag im Februar statt \u2013 bewusst kurz vor dem Valentinstag. W\u00e4hrend der Valentinstag die Liebe feiert, geht es am Tag der Ehe um das Danach: um Verbindlichkeit, Partnerschaft und das gemeinsame \u201eWir\u201c. Entstanden ist der Tag 1993 aus kirchlichen Initiativen. Heute ist der Tag der Ehe l\u00e4ngst kein religi\u00f6ser Aktions-Werbetag mehr, sondern eine Einladung zur Wertsch\u00e4tzung \u2013 unabh\u00e4ngig davon, wie modern oder klassisch eine Ehe gelebt wird.<\/p>\n<p style=\"font-weight: 400;\"><strong>Ehe war nicht immer romantisch<\/strong><\/p>\n<p style=\"font-weight: 400;\">Die urspr\u00fcngliche Bedeutung der Ehe war jahrhundertelang wenig romantisch. Sie diente der Absicherung, dem Zusammenhalt von Familien und klaren gesellschaftlichen Regeln. Liebe spielte dabei eher eine Nebenrolle. Heute ist das Gegenteil der Fall. Die Ehe heute ist freiwillig. Niemand muss heiraten \u2013 und genau deshalb tun es viele ganz bewusst. Vielleicht ist genau das die modernste Antwort auf die Frage, ob die Ehe noch zeitgem\u00e4\u00df ist.<\/p>\n<p>[\/vc_column_text]<div class=\"ult-spacer spacer-69f08779180b0\" data-id=\"69f08779180b0\" data-height=\"20\" data-height-mobile=\"20\" data-height-tab=\"\" data-height-tab-portrait=\"\" data-height-mobile-landscape=\"\" style=\"clear:both;display:block;\"><\/div><div class=\"ult-spacer spacer-69f08779180c4\" data-id=\"69f08779180c4\" data-height=\"20\" data-height-mobile=\"20\" data-height-tab=\"\" data-height-tab-portrait=\"\" data-height-mobile-landscape=\"\" style=\"clear:both;display:block;\"><\/div>[vc_column_text]<\/p>\n<p style=\"font-weight: 400;\"><strong>Ehe heute: Zahlen, Fakten und Statistiken<\/strong><\/p>\n<p style=\"font-weight: 400;\">Ein Blick auf die Ehe Statistik Deutschland zeigt: Die Ehe ist keineswegs ein Auslaufmodell. J\u00e4hrlich heiraten rund 400.000 Paare. Die Scheidungsquote liegt seit Jahren relativ stabil bei etwa 35 bis 40 Prozent \u2013 Tendenz leicht r\u00fcckl\u00e4ufig. Auff\u00e4llig ist auch das steigende Heiratsalter. Die meisten Paare heiraten heute Anfang bis Mitte 30. Die Ehe wird also nicht mehr \u00fcberst\u00fcrzt, sondern \u00fcberlegt geschlossen. Das spricht f\u00fcr Reife \u2013 nicht f\u00fcr Romantikverlust.<\/p>\n<p style=\"font-weight: 400;\"><strong>Warum heiraten Menschen heute noch?<\/strong><\/p>\n<p style=\"font-weight: 400;\">Die Frage \u201eWarum heiraten Menschen heute noch?\u201c taucht bei so manchen Dinner-Runden immer wieder auf. Meine Antwort ist klar: Viele sehnen sich nach Verl\u00e4sslichkeit. In einer Welt voller Optionen, Swipe-M\u00f6glichkeiten und K\u00fcndigungsfristen wirkt die Ehe fast schon wie ein bewusstes Gegenmodell. Der Tag der Ehe erinnert daran, dass Verbindlichkeit nichts Altmodisches ist, sondern eine Entscheidung mit Haltung!<\/p>\n<p>[\/vc_column_text]<div class=\"ult-spacer spacer-69f08779180d7\" data-id=\"69f08779180d7\" data-height=\"20\" data-height-mobile=\"20\" data-height-tab=\"\" data-height-tab-portrait=\"\" data-height-mobile-landscape=\"\" style=\"clear:both;display:block;\"><\/div><div class=\"ult-spacer spacer-69f08779180e8\" data-id=\"69f08779180e8\" data-height=\"20\" data-height-mobile=\"20\" data-height-tab=\"\" data-height-tab-portrait=\"\" data-height-mobile-landscape=\"\" style=\"clear:both;display:block;\"><\/div>[vc_single_image image=&#8220;17078&#8243; img_size=&#8220;full&#8220; add_caption=&#8220;yes&#8220; alignment=&#8220;center&#8220;]<div class=\"ult-spacer spacer-69f08779180f9\" data-id=\"69f08779180f9\" data-height=\"20\" data-height-mobile=\"20\" data-height-tab=\"\" data-height-tab-portrait=\"\" data-height-mobile-landscape=\"\" style=\"clear:both;display:block;\"><\/div><div class=\"ult-spacer spacer-69f087791810a\" data-id=\"69f087791810a\" data-height=\"20\" data-height-mobile=\"20\" data-height-tab=\"\" data-height-tab-portrait=\"\" data-height-mobile-landscape=\"\" style=\"clear:both;display:block;\"><\/div>[vc_column_text]<\/p>\n<p style=\"font-weight: 400;\"><strong>Ist die Ehe noch zeitgem\u00e4\u00df? Spoiler: Ja.<\/strong><\/p>\n<p style=\"font-weight: 400;\">Die Ehe heute ist kein starres Konstrukt mehr. Rollenbilder haben sich ver\u00e4ndert, Lebensmodelle sind vielf\u00e4ltiger geworden \u2013 und genau das h\u00e4lt die Ehe aus. Sie ist flexibler, individueller und ehrlicher als fr\u00fcher. Der Tag der Ehe feiert deshalb keine perfekte Beziehung, sondern echte Partnerschaften. Mit Alltag, Entwicklung und dem gemeinsamen Willen, dranzubleiben.<\/p>\n<p style=\"font-weight: 400;\"><strong>Warum der Tag der Ehe heute wichtiger ist denn je<\/strong><\/p>\n<p style=\"font-weight: 400;\">Gerade in Zeiten schneller Urteile und schneller Trennungen tut ein Tag der Ehe gut, der den Blick auf Wertsch\u00e4tzung lenkt. Nicht als Pflichtveranstaltung, sondern als Einladung zum Innehalten. Die Bedeutung der Ehe heute liegt nicht in Perfektion, sondern in Best\u00e4ndigkeit. Und genau das darf man feiern.<\/p>\n<p>[\/vc_column_text]<div class=\"ult-spacer spacer-69f087791811b\" data-id=\"69f087791811b\" data-height=\"20\" data-height-mobile=\"20\" data-height-tab=\"\" data-height-tab-portrait=\"\" data-height-mobile-landscape=\"\" style=\"clear:both;display:block;\"><\/div>[vc_single_image image=&#8220;17546&#8243; img_size=&#8220;full&#8220; alignment=&#8220;center&#8220;]<div class=\"ult-spacer spacer-69f0877918132\" data-id=\"69f0877918132\" data-height=\"20\" data-height-mobile=\"20\" data-height-tab=\"\" data-height-tab-portrait=\"\" data-height-mobile-landscape=\"\" style=\"clear:both;display:block;\"><\/div>[vc_column_text]<\/p>\n<p style=\"font-weight: 400;\"><strong>Mein Fazit zum Tag der Ehe<\/strong><\/p>\n<p style=\"font-weight: 400;\">Der Tag der Ehe zeigt sehr deutlich: Die Ehe ist nicht aus der Mode gekommen \u2013 sie hat sich weiterentwickelt. Wer heute heiratet, tut das nicht, weil man es muss, sondern weil man es will. Und vielleicht ist genau das die sch\u00f6nste Antwort auf die Frage, warum die Ehe auch heute noch relevant ist!<\/p>\n<p>[\/vc_column_text]<div class=\"ult-spacer spacer-69f0877918143\" data-id=\"69f0877918143\" data-height=\"20\" data-height-mobile=\"20\" data-height-tab=\"\" data-height-tab-portrait=\"\" data-height-mobile-landscape=\"\" style=\"clear:both;display:block;\"><\/div><div class=\"ult-spacer spacer-69f0877918153\" data-id=\"69f0877918153\" data-height=\"20\" data-height-mobile=\"20\" data-height-tab=\"\" data-height-tab-portrait=\"\" data-height-mobile-landscape=\"\" style=\"clear:both;display:block;\"><\/div>[\/vc_column][\/vc_row][vc_row][vc_column]<div class=\"ult-spacer spacer-69f0877918166\" data-id=\"69f0877918166\" data-height=\"20\" data-height-mobile=\"20\" data-height-tab=\"\" data-height-tab-portrait=\"\" data-height-mobile-landscape=\"\" style=\"clear:both;display:block;\"><\/div>[vc_column_text]<\/p>\n<div>\n<p>Auch du willst deine Hochzeit im Ausland feiern? Zum Beispiel auf <a href=\"https:\/\/fine-weddings.de\/blog\/heiraten-auf-santorini\/\" target=\"_blank\" rel=\"noopener\">Santorini<\/a>, <a href=\"https:\/\/fine-weddings.de\/blog\/real-wedding-mallorca2024\/\" target=\"_blank\" rel=\"noopener\">Mallorca<\/a> oder <a href=\"https:\/\/fine-weddings.de\/blog\/destination-wedding-ibiza\/\" target=\"_blank\" rel=\"noopener\">Ibiza<\/a>? Dann melde dich gerne per E-Mail bei mir unter <a href=\"mailto:nm@fine-weddings.de\" target=\"_blank\" rel=\"noopener\">nm@fine-weddings.de<\/a> und wir schauen gemeinsam, wie wir dir helfen k\u00f6nnen.<\/p>\n<p style=\"font-weight: 400;\">Alles Liebe,<\/p>\n<p style=\"font-weight: 400;\">Deine Nadine<\/p>\n<\/div>\n<p>[\/vc_column_text]<div class=\"ult-spacer spacer-69f0877918175\" data-id=\"69f0877918175\" data-height=\"20\" data-height-mobile=\"20\" data-height-tab=\"\" data-height-tab-portrait=\"\" data-height-mobile-landscape=\"\" style=\"clear:both;display:block;\"><\/div><div class=\"ult-spacer spacer-69f0877918185\" data-id=\"69f0877918185\" data-height=\"20\" data-height-mobile=\"20\" data-height-tab=\"\" data-height-tab-portrait=\"\" data-height-mobile-landscape=\"\" style=\"clear:both;display:block;\"><\/div>[vc_column_text]Bildcredits:<\/p>\n<p>Steffen und Kristin Fotografie<\/p>\n<p>Hopestudio[\/vc_column_text]<div class=\"ult-spacer spacer-69f087791819f\" data-id=\"69f087791819f\" data-height=\"20\" data-height-mobile=\"20\" data-height-tab=\"\" data-height-tab-portrait=\"\" data-height-mobile-landscape=\"\" style=\"clear:both;display:block;\"><\/div>[\/vc_column][\/vc_row][vc_row][vc_column width=&#8220;1\/2&#8243;]<div class=\"ult-spacer spacer-69f08779181ae\" data-id=\"69f08779181ae\" data-height=\"20\" data-height-mobile=\"20\" data-height-tab=\"\" data-height-tab-portrait=\"\" data-height-mobile-landscape=\"\" style=\"clear:both;display:block;\"><\/div><div class=\"ult-spacer spacer-69f08779181bd\" data-id=\"69f08779181bd\" data-height=\"20\" data-height-mobile=\"20\" data-height-tab=\"\" data-height-tab-portrait=\"\" data-height-mobile-landscape=\"\" style=\"clear:both;display:block;\"><\/div>[\/vc_column][vc_column width=&#8220;1\/2&#8243;]<div class=\"ult-spacer spacer-69f08779181cb\" data-id=\"69f08779181cb\" data-height=\"20\" data-height-mobile=\"20\" data-height-tab=\"\" data-height-tab-portrait=\"\" data-height-mobile-landscape=\"\" style=\"clear:both;display:block;\"><\/div><div class=\"ult-spacer spacer-69f08779181ea\" data-id=\"69f08779181ea\" data-height=\"20\" data-height-mobile=\"20\" data-height-tab=\"\" data-height-tab-portrait=\"\" data-height-mobile-landscape=\"\" style=\"clear:both;display:block;\"><\/div>[\/vc_column][\/vc_row][vc_row][vc_column][\/vc_column][\/vc_row]<\/p>\n<\/section>","protected":false},"excerpt":{"rendered":"<p>Was ist der Tag der Ehe und warum heiraten Menschen auch heute noch? Zahlen, Hintergr\u00fcnde und Gedanken zur Bedeutung der Ehe.<\/p>\n","protected":false},"author":5,"featured_media":17490,"comment_status":"open","ping_status":"open","sticky":false,"template":"","format":"standard","meta":[],"categories":[69,77,1],"tags":[],"acf":[],"yoast_head":"<!-- This site is optimized with the Yoast SEO plugin v20.2 - https:\/\/yoast.com\/wordpress\/plugins\/seo\/ -->\n<title>Tag der Ehe: Warum die Ehe l\u00e4ngst nicht aus der Mode ist! - FINE WEDDINGS BLOG<\/title>\n<meta name=\"description\" content=\"Was ist der Tag der Ehe und warum heiraten Menschen auch heute noch? Zahlen, Hintergr\u00fcnde und Gedanken zur Bedeutung der Ehe.\" \/>\n<meta name=\"robots\" content=\"index, follow, max-snippet:-1, max-image-preview:large, max-video-preview:-1\" \/>\n<link rel=\"canonical\" href=\"https:\/\/fine-weddings.de\/blog\/tag-der-ehe\/\" \/>\n<meta property=\"og:locale\" content=\"de_DE\" \/>\n<meta property=\"og:type\" content=\"article\" \/>\n<meta property=\"og:title\" content=\"Tag der Ehe: Warum die Ehe l\u00e4ngst nicht aus der Mode ist! - FINE WEDDINGS BLOG\" \/>\n<meta property=\"og:description\" content=\"Was ist der Tag der Ehe und warum heiraten Menschen auch heute noch? Zahlen, Hintergr\u00fcnde und Gedanken zur Bedeutung der Ehe.\" \/>\n<meta property=\"og:url\" content=\"https:\/\/fine-weddings.de\/blog\/tag-der-ehe\/\" \/>\n<meta property=\"og:site_name\" content=\"FINE WEDDINGS BLOG\" \/>\n<meta property=\"article:published_time\" content=\"2026-02-06T06:02:37+00:00\" \/>\n<meta property=\"article:modified_time\" content=\"2026-02-06T15:10:07+00:00\" \/>\n<meta property=\"og:image\" content=\"https:\/\/fine-weddings.de\/blog\/wp-content\/uploads\/2025\/12\/Credit-Steffen-und-Christin-Fotografie-1.jpg\" \/>\n\t<meta property=\"og:image:width\" content=\"3665\" \/>\n\t<meta property=\"og:image:height\" content=\"5497\" \/>\n\t<meta property=\"og:image:type\" content=\"image\/jpeg\" \/>\n<meta name=\"author\" content=\"Freya Matthiessen\" \/>\n<meta name=\"twitter:card\" content=\"summary_large_image\" \/>\n<meta name=\"twitter:label1\" content=\"Verfasst von\" \/>\n\t<meta name=\"twitter:data1\" content=\"Freya Matthiessen\" \/>\n\t<meta name=\"twitter:label2\" content=\"Gesch\u00e4tzte Lesezeit\" \/>\n\t<meta name=\"twitter:data2\" content=\"4\u00a0Minuten\" \/>\n<script type=\"application\/ld+json\" class=\"yoast-schema-graph\">{\"@context\":\"https:\/\/schema.org\",\"@graph\":[{\"@type\":\"Article\",\"@id\":\"https:\/\/fine-weddings.de\/blog\/tag-der-ehe\/#article\",\"isPartOf\":{\"@id\":\"https:\/\/fine-weddings.de\/blog\/tag-der-ehe\/\"},\"author\":{\"name\":\"Freya Matthiessen\",\"@id\":\"https:\/\/fine-weddings.de\/blog\/#\/schema\/person\/428ddccb5a71ac2cb9fd1d22b99ce6e8\"},\"headline\":\"Tag der Ehe: Warum die Ehe l\u00e4ngst nicht aus der Mode ist!\",\"datePublished\":\"2026-02-06T06:02:37+00:00\",\"dateModified\":\"2026-02-06T15:10:07+00:00\",\"mainEntityOfPage\":{\"@id\":\"https:\/\/fine-weddings.de\/blog\/tag-der-ehe\/\"},\"wordCount\":860,\"commentCount\":0,\"publisher\":{\"@id\":\"https:\/\/fine-weddings.de\/blog\/#organization\"},\"articleSection\":[\"News\",\"Private Parties\",\"Wedding Trends\"],\"inLanguage\":\"de\",\"potentialAction\":[{\"@type\":\"CommentAction\",\"name\":\"Comment\",\"target\":[\"https:\/\/fine-weddings.de\/blog\/tag-der-ehe\/#respond\"]}]},{\"@type\":\"WebPage\",\"@id\":\"https:\/\/fine-weddings.de\/blog\/tag-der-ehe\/\",\"url\":\"https:\/\/fine-weddings.de\/blog\/tag-der-ehe\/\",\"name\":\"Tag der Ehe: Warum die Ehe l\u00e4ngst nicht aus der Mode ist! - FINE WEDDINGS BLOG\",\"isPartOf\":{\"@id\":\"https:\/\/fine-weddings.de\/blog\/#website\"},\"datePublished\":\"2026-02-06T06:02:37+00:00\",\"dateModified\":\"2026-02-06T15:10:07+00:00\",\"description\":\"Was ist der Tag der Ehe und warum heiraten Menschen auch heute noch? Zahlen, Hintergr\u00fcnde und Gedanken zur Bedeutung der Ehe.\",\"breadcrumb\":{\"@id\":\"https:\/\/fine-weddings.de\/blog\/tag-der-ehe\/#breadcrumb\"},\"inLanguage\":\"de\",\"potentialAction\":[{\"@type\":\"ReadAction\",\"target\":[\"https:\/\/fine-weddings.de\/blog\/tag-der-ehe\/\"]}]},{\"@type\":\"BreadcrumbList\",\"@id\":\"https:\/\/fine-weddings.de\/blog\/tag-der-ehe\/#breadcrumb\",\"itemListElement\":[{\"@type\":\"ListItem\",\"position\":1,\"name\":\"Home\",\"item\":\"https:\/\/fine-weddings.de\/blog\/\"},{\"@type\":\"ListItem\",\"position\":2,\"name\":\"Tag der Ehe: Warum die Ehe l\u00e4ngst nicht aus der Mode ist!\"}]},{\"@type\":\"WebSite\",\"@id\":\"https:\/\/fine-weddings.de\/blog\/#website\",\"url\":\"https:\/\/fine-weddings.de\/blog\/\",\"name\":\"FINE WEDDINGS BLOG\",\"description\":\"Trends und News rund ums Heiraten\",\"publisher\":{\"@id\":\"https:\/\/fine-weddings.de\/blog\/#organization\"},\"potentialAction\":[{\"@type\":\"SearchAction\",\"target\":{\"@type\":\"EntryPoint\",\"urlTemplate\":\"https:\/\/fine-weddings.de\/blog\/?s={search_term_string}\"},\"query-input\":\"required name=search_term_string\"}],\"inLanguage\":\"de\"},{\"@type\":\"Organization\",\"@id\":\"https:\/\/fine-weddings.de\/blog\/#organization\",\"name\":\"Fine Weddings & Parties\",\"url\":\"https:\/\/fine-weddings.de\/blog\/\",\"logo\":{\"@type\":\"ImageObject\",\"inLanguage\":\"de\",\"@id\":\"https:\/\/fine-weddings.de\/blog\/#\/schema\/logo\/image\/\",\"url\":\"https:\/\/www.fine-weddings.de\/blog\/wp-content\/uploads\/2021\/05\/FW-Logo.png\",\"contentUrl\":\"https:\/\/www.fine-weddings.de\/blog\/wp-content\/uploads\/2021\/05\/FW-Logo.png\",\"width\":500,\"height\":458,\"caption\":\"Fine Weddings & Parties\"},\"image\":{\"@id\":\"https:\/\/fine-weddings.de\/blog\/#\/schema\/logo\/image\/\"}},{\"@type\":\"Person\",\"@id\":\"https:\/\/fine-weddings.de\/blog\/#\/schema\/person\/428ddccb5a71ac2cb9fd1d22b99ce6e8\",\"name\":\"Freya Matthiessen\"}]}<\/script>\n<!-- \/ Yoast SEO plugin. -->","yoast_head_json":{"title":"Tag der Ehe: Warum die Ehe l\u00e4ngst nicht aus der Mode ist! - FINE WEDDINGS BLOG","description":"Was ist der Tag der Ehe und warum heiraten Menschen auch heute noch? Zahlen, Hintergr\u00fcnde und Gedanken zur Bedeutung der Ehe.","robots":{"index":"index","follow":"follow","max-snippet":"max-snippet:-1","max-image-preview":"max-image-preview:large","max-video-preview":"max-video-preview:-1"},"canonical":"https:\/\/fine-weddings.de\/blog\/tag-der-ehe\/","og_locale":"de_DE","og_type":"article","og_title":"Tag der Ehe: Warum die Ehe l\u00e4ngst nicht aus der Mode ist! - FINE WEDDINGS BLOG","og_description":"Was ist der Tag der Ehe und warum heiraten Menschen auch heute noch? Zahlen, Hintergr\u00fcnde und Gedanken zur Bedeutung der Ehe.","og_url":"https:\/\/fine-weddings.de\/blog\/tag-der-ehe\/","og_site_name":"FINE WEDDINGS BLOG","article_published_time":"2026-02-06T06:02:37+00:00","article_modified_time":"2026-02-06T15:10:07+00:00","og_image":[{"width":3665,"height":5497,"url":"https:\/\/fine-weddings.de\/blog\/wp-content\/uploads\/2025\/12\/Credit-Steffen-und-Christin-Fotografie-1.jpg","type":"image\/jpeg"}],"author":"Freya Matthiessen","twitter_card":"summary_large_image","twitter_misc":{"Verfasst von":"Freya Matthiessen","Gesch\u00e4tzte Lesezeit":"4\u00a0Minuten"},"schema":{"@context":"https:\/\/schema.org","@graph":[{"@type":"Article","@id":"https:\/\/fine-weddings.de\/blog\/tag-der-ehe\/#article","isPartOf":{"@id":"https:\/\/fine-weddings.de\/blog\/tag-der-ehe\/"},"author":{"name":"Freya Matthiessen","@id":"https:\/\/fine-weddings.de\/blog\/#\/schema\/person\/428ddccb5a71ac2cb9fd1d22b99ce6e8"},"headline":"Tag der Ehe: Warum die Ehe l\u00e4ngst nicht aus der Mode ist!","datePublished":"2026-02-06T06:02:37+00:00","dateModified":"2026-02-06T15:10:07+00:00","mainEntityOfPage":{"@id":"https:\/\/fine-weddings.de\/blog\/tag-der-ehe\/"},"wordCount":860,"commentCount":0,"publisher":{"@id":"https:\/\/fine-weddings.de\/blog\/#organization"},"articleSection":["News","Private Parties","Wedding Trends"],"inLanguage":"de","potentialAction":[{"@type":"CommentAction","name":"Comment","target":["https:\/\/fine-weddings.de\/blog\/tag-der-ehe\/#respond"]}]},{"@type":"WebPage","@id":"https:\/\/fine-weddings.de\/blog\/tag-der-ehe\/","url":"https:\/\/fine-weddings.de\/blog\/tag-der-ehe\/","name":"Tag der Ehe: Warum die Ehe l\u00e4ngst nicht aus der Mode ist! - FINE WEDDINGS BLOG","isPartOf":{"@id":"https:\/\/fine-weddings.de\/blog\/#website"},"datePublished":"2026-02-06T06:02:37+00:00","dateModified":"2026-02-06T15:10:07+00:00","description":"Was ist der Tag der Ehe und warum heiraten Menschen auch heute noch? Zahlen, Hintergr\u00fcnde und Gedanken zur Bedeutung der Ehe.","breadcrumb":{"@id":"https:\/\/fine-weddings.de\/blog\/tag-der-ehe\/#breadcrumb"},"inLanguage":"de","potentialAction":[{"@type":"ReadAction","target":["https:\/\/fine-weddings.de\/blog\/tag-der-ehe\/"]}]},{"@type":"BreadcrumbList","@id":"https:\/\/fine-weddings.de\/blog\/tag-der-ehe\/#breadcrumb","itemListElement":[{"@type":"ListItem","position":1,"name":"Home","item":"https:\/\/fine-weddings.de\/blog\/"},{"@type":"ListItem","position":2,"name":"Tag der Ehe: Warum die Ehe l\u00e4ngst nicht aus der Mode ist!"}]},{"@type":"WebSite","@id":"https:\/\/fine-weddings.de\/blog\/#website","url":"https:\/\/fine-weddings.de\/blog\/","name":"FINE WEDDINGS BLOG","description":"Trends und News rund ums Heiraten","publisher":{"@id":"https:\/\/fine-weddings.de\/blog\/#organization"},"potentialAction":[{"@type":"SearchAction","target":{"@type":"EntryPoint","urlTemplate":"https:\/\/fine-weddings.de\/blog\/?s={search_term_string}"},"query-input":"required name=search_term_string"}],"inLanguage":"de"},{"@type":"Organization","@id":"https:\/\/fine-weddings.de\/blog\/#organization","name":"Fine Weddings & Parties","url":"https:\/\/fine-weddings.de\/blog\/","logo":{"@type":"ImageObject","inLanguage":"de","@id":"https:\/\/fine-weddings.de\/blog\/#\/schema\/logo\/image\/","url":"https:\/\/www.fine-weddings.de\/blog\/wp-content\/uploads\/2021\/05\/FW-Logo.png","contentUrl":"https:\/\/www.fine-weddings.de\/blog\/wp-content\/uploads\/2021\/05\/FW-Logo.png","width":500,"height":458,"caption":"Fine Weddings & Parties"},"image":{"@id":"https:\/\/fine-weddings.de\/blog\/#\/schema\/logo\/image\/"}},{"@type":"Person","@id":"https:\/\/fine-weddings.de\/blog\/#\/schema\/person\/428ddccb5a71ac2cb9fd1d22b99ce6e8","name":"Freya Matthiessen"}]}},"_links":{"self":[{"href":"https:\/\/fine-weddings.de\/blog\/wp-json\/wp\/v2\/posts\/17543"}],"collection":[{"href":"https:\/\/fine-weddings.de\/blog\/wp-json\/wp\/v2\/posts"}],"about":[{"href":"https:\/\/fine-weddings.de\/blog\/wp-json\/wp\/v2\/types\/post"}],"author":[{"embeddable":true,"href":"https:\/\/fine-weddings.de\/blog\/wp-json\/wp\/v2\/users\/5"}],"replies":[{"embeddable":true,"href":"https:\/\/fine-weddings.de\/blog\/wp-json\/wp\/v2\/comments?post=17543"}],"version-history":[{"count":7,"href":"https:\/\/fine-weddings.de\/blog\/wp-json\/wp\/v2\/posts\/17543\/revisions"}],"predecessor-version":[{"id":17551,"href":"https:\/\/fine-weddings.de\/blog\/wp-json\/wp\/v2\/posts\/17543\/revisions\/17551"}],"wp:featuredmedia":[{"embeddable":true,"href":"https:\/\/fine-weddings.de\/blog\/wp-json\/wp\/v2\/media\/17490"}],"wp:attachment":[{"href":"https:\/\/fine-weddings.de\/blog\/wp-json\/wp\/v2\/media?parent=17543"}],"wp:term":[{"taxonomy":"category","embeddable":true,"href":"https:\/\/fine-weddings.de\/blog\/wp-json\/wp\/v2\/categories?post=17543"},{"taxonomy":"post_tag","embeddable":true,"href":"https:\/\/fine-weddings.de\/blog\/wp-json\/wp\/v2\/tags?post=17543"}],"curies":[{"name":"wp","href":"https:\/\/api.w.org\/{rel}","templated":true}]}}