{"id":17510,"date":"2026-01-08T13:05:51","date_gmt":"2026-01-08T12:05:51","guid":{"rendered":"https:\/\/fine-weddings.de\/blog\/?p=17510"},"modified":"2026-01-08T13:20:39","modified_gmt":"2026-01-08T12:20:39","slug":"heiraten-auf-den-malediven","status":"publish","type":"post","link":"https:\/\/fine-weddings.de\/blog\/heiraten-auf-den-malediven\/","title":{"rendered":"JA-Sagen im Malediven-Paradies \u2013 Doch was gilt in Deutschland? Was wir aus der Bohlen-Hochzeit lernen k\u00f6nnen."},"content":{"rendered":"<section class=\"wpb-content-wrapper\"><p>[vc_row][vc_column]<div class=\"ult-spacer spacer-69edef2ae2517\" data-id=\"69edef2ae2517\" data-height=\"20\" data-height-mobile=\"20\" data-height-tab=\"\" data-height-tab-portrait=\"\" data-height-mobile-landscape=\"\" style=\"clear:both;display:block;\"><\/div>[vc_column_text]<\/p>\n<p style=\"font-weight: 400;\"><em>Eine Hochzeit unter Palmen, barfu\u00df im Sand, Sonnenuntergang inklusive \u2013 Dieter Bohlen hat genau so auf den Malediven geheiratet. Romantisch ohne Frage. Doch schnell kam eine ganz n\u00fcchterne Frage auf: Ist diese Ehe in Deutschland \u00fcberhaupt rechtskr\u00e4ftig?<\/em><\/p>\n<p>[\/vc_column_text][\/vc_column][\/vc_row][vc_row][vc_column]<div class=\"ult-spacer spacer-69edef2ae252a\" data-id=\"69edef2ae252a\" data-height=\"20\" data-height-mobile=\"20\" data-height-tab=\"\" data-height-tab-portrait=\"\" data-height-mobile-landscape=\"\" style=\"clear:both;display:block;\"><\/div><div class=\"ult-spacer spacer-69edef2ae2534\" data-id=\"69edef2ae2534\" data-height=\"20\" data-height-mobile=\"20\" data-height-tab=\"\" data-height-tab-portrait=\"\" data-height-mobile-landscape=\"\" style=\"clear:both;display:block;\"><\/div>[vc_single_image image=&#8220;17504&#8243; img_size=&#8220;full&#8220; add_caption=&#8220;yes&#8220; alignment=&#8220;center&#8220;]<div class=\"ult-spacer spacer-69edef2ae253e\" data-id=\"69edef2ae253e\" data-height=\"20\" data-height-mobile=\"20\" data-height-tab=\"\" data-height-tab-portrait=\"\" data-height-mobile-landscape=\"\" style=\"clear:both;display:block;\"><\/div><div class=\"ult-spacer spacer-69edef2ae2546\" data-id=\"69edef2ae2546\" data-height=\"20\" data-height-mobile=\"20\" data-height-tab=\"\" data-height-tab-portrait=\"\" data-height-mobile-landscape=\"\" style=\"clear:both;display:block;\"><\/div><div class=\"ult-spacer spacer-69edef2ae254e\" data-id=\"69edef2ae254e\" data-height=\"20\" data-height-mobile=\"20\" data-height-tab=\"\" data-height-tab-portrait=\"\" data-height-mobile-landscape=\"\" style=\"clear:both;display:block;\"><\/div><div class=\"ult-spacer spacer-69edef2ae2557\" data-id=\"69edef2ae2557\" data-height=\"20\" data-height-mobile=\"20\" data-height-tab=\"\" data-height-tab-portrait=\"\" data-height-mobile-landscape=\"\" style=\"clear:both;display:block;\"><\/div>[vc_column_text]<\/p>\n<p style=\"font-weight: 400;\">Als bekannt wurde, dass Dieter Bohlen seine langj\u00e4hrige Partnerin Carina Walz auf den Malediven geheiratet hat, sorgte das nicht nur f\u00fcr Schlagzeilen, sondern auch f\u00fcr Verwirrung. Denn obwohl das Paar \u00f6ffentlich von seiner Hochzeit sprach, stellte sich heraus: In Deutschland ist diese Heirat nicht rechtskr\u00e4ftig. Der Grund ist simpel \u2013 und betrifft viele Paare, die im Ausland heiraten m\u00f6chten.<\/p>\n<p>[\/vc_column_text]<div class=\"ult-spacer spacer-69edef2ae255f\" data-id=\"69edef2ae255f\" data-height=\"20\" data-height-mobile=\"20\" data-height-tab=\"\" data-height-tab-portrait=\"\" data-height-mobile-landscape=\"\" style=\"clear:both;display:block;\"><\/div><div class=\"ult-spacer spacer-69edef2ae2567\" data-id=\"69edef2ae2567\" data-height=\"20\" data-height-mobile=\"20\" data-height-tab=\"\" data-height-tab-portrait=\"\" data-height-mobile-landscape=\"\" style=\"clear:both;display:block;\"><\/div>[vc_column_text]<\/p>\n<p style=\"font-weight: 400;\"><strong>Warum die Malediven-Hochzeit nicht automatisch z\u00e4hlt<\/strong><\/p>\n<p style=\"font-weight: 400;\">Eine Eheschlie\u00dfung im Ausland wird in Deutschland nur dann anerkannt, wenn sie nach dem Recht des jeweiligen Landes korrekt vollzogen wurde und alle formalen Voraussetzungen erf\u00fcllt sind. Auf den Malediven ist eine rechtsg\u00fcltige Eheschlie\u00dfung f\u00fcr ausl\u00e4ndische Paare jedoch stark reglementiert und in vielen F\u00e4llen gar nicht vorgesehen. Deshalb entscheiden sich viele Paare dort f\u00fcr eine emotionale, rein symbolische Zeremonie.<\/p>\n<p style=\"font-weight: 400;\">Auch Dieter Bohlen hat offen gesagt, dass der formelle Teil noch folgt \u2013 sprich: der Gang zum deutschen Standesamt. Erst dort wird die Ehe offiziell geschlossen und entfaltet alle rechtlichen Wirkungen.<\/p>\n<p>[\/vc_column_text]<div class=\"ult-spacer spacer-69edef2ae256e\" data-id=\"69edef2ae256e\" data-height=\"20\" data-height-mobile=\"20\" data-height-tab=\"\" data-height-tab-portrait=\"\" data-height-mobile-landscape=\"\" style=\"clear:both;display:block;\"><\/div><div class=\"ult-spacer spacer-69edef2ae2579\" data-id=\"69edef2ae2579\" data-height=\"20\" data-height-mobile=\"20\" data-height-tab=\"\" data-height-tab-portrait=\"\" data-height-mobile-landscape=\"\" style=\"clear:both;display:block;\"><\/div>[vc_single_image image=&#8220;17506&#8243; img_size=&#8220;full&#8220; add_caption=&#8220;yes&#8220; alignment=&#8220;center&#8220;]<div class=\"ult-spacer spacer-69edef2ae2580\" data-id=\"69edef2ae2580\" data-height=\"20\" data-height-mobile=\"20\" data-height-tab=\"\" data-height-tab-portrait=\"\" data-height-mobile-landscape=\"\" style=\"clear:both;display:block;\"><\/div><div class=\"ult-spacer spacer-69edef2ae2588\" data-id=\"69edef2ae2588\" data-height=\"20\" data-height-mobile=\"20\" data-height-tab=\"\" data-height-tab-portrait=\"\" data-height-mobile-landscape=\"\" style=\"clear:both;display:block;\"><\/div>[vc_column_text]<\/p>\n<p style=\"font-weight: 400;\"><strong>Symbolische Trauung und standesamtliche Eheschlie\u00dfung \u2013 kein Widerspruch<\/strong><\/p>\n<p style=\"font-weight: 400;\">Aus meiner Erfahrung als Wedding Plannerin ist das kein Einzelfall. Viele Paare feiern ihre gro\u00dfe Traumhochzeit im Ausland und erledigen den rechtlichen Teil bewusst separat in Deutschland. Das ist weder ungew\u00f6hnlich noch problematisch \u2013 im Gegenteil. Es ist oft der deutlich entspanntere Weg, vor allem in L\u00e4ndern mit komplexen oder eingeschr\u00e4nkten Ehegesetzen. Wichtig ist nur, dass Paare den Unterschied kennen. Eine emotionale Zeremonie ist nicht automatisch eine rechtsg\u00fcltige Ehe. Und genau hier entstehen h\u00e4ufig Missverst\u00e4ndnisse.<\/p>\n<p>[\/vc_column_text]<div class=\"ult-spacer spacer-69edef2ae258f\" data-id=\"69edef2ae258f\" data-height=\"20\" data-height-mobile=\"20\" data-height-tab=\"\" data-height-tab-portrait=\"\" data-height-mobile-landscape=\"\" style=\"clear:both;display:block;\"><\/div>[vc_single_image image=&#8220;17509&#8243; img_size=&#8220;full&#8220; alignment=&#8220;center&#8220;]<div class=\"ult-spacer spacer-69edef2ae2596\" data-id=\"69edef2ae2596\" data-height=\"20\" data-height-mobile=\"20\" data-height-tab=\"\" data-height-tab-portrait=\"\" data-height-mobile-landscape=\"\" style=\"clear:both;display:block;\"><\/div><div class=\"ult-spacer spacer-69edef2ae259d\" data-id=\"69edef2ae259d\" data-height=\"20\" data-height-mobile=\"20\" data-height-tab=\"\" data-height-tab-portrait=\"\" data-height-mobile-landscape=\"\" style=\"clear:both;display:block;\"><\/div>[vc_column_text]<\/p>\n<p style=\"font-weight: 400;\"><strong>Was Paare aus dem Bohlen-Beispiel lernen k\u00f6nnen<\/strong><\/p>\n<p style=\"font-weight: 400;\">Die Hochzeit von Dieter Bohlen zeigt sehr deutlich, wie wichtig gute Vorbereitung ist. Romantik und Recht sind zwei unterschiedliche Ebenen \u2013 beide d\u00fcrfen ihren Platz haben, sollten aber nicht miteinander verwechselt werden. Wer im Ausland heiraten m\u00f6chte, sollte fr\u00fchzeitig kl\u00e4ren, ob eine rechtliche Eheschlie\u00dfung vor Ort m\u00f6glich ist oder ob der Gang zum Standesamt in Deutschland der sinnvollere Weg ist. Aus meiner Sicht ist das kein Abstrich an der Romantik, sondern ein Zeichen von guter Planung. Denn am Ende soll nicht nur die Erinnerung sch\u00f6n sein, sondern auch rechtlich alles klar geregelt.<\/p>\n<p>[\/vc_column_text]<div class=\"ult-spacer spacer-69edef2ae25a4\" data-id=\"69edef2ae25a4\" data-height=\"20\" data-height-mobile=\"20\" data-height-tab=\"\" data-height-tab-portrait=\"\" data-height-mobile-landscape=\"\" style=\"clear:both;display:block;\"><\/div><div class=\"ult-spacer spacer-69edef2ae25ab\" data-id=\"69edef2ae25ab\" data-height=\"20\" data-height-mobile=\"20\" data-height-tab=\"\" data-height-tab-portrait=\"\" data-height-mobile-landscape=\"\" style=\"clear:both;display:block;\"><\/div>[\/vc_column][\/vc_row][vc_row][vc_column]<div class=\"ult-spacer spacer-69edef2ae25b1\" data-id=\"69edef2ae25b1\" data-height=\"20\" data-height-mobile=\"20\" data-height-tab=\"\" data-height-tab-portrait=\"\" data-height-mobile-landscape=\"\" style=\"clear:both;display:block;\"><\/div>[vc_column_text]<\/p>\n<div>\n<p>Auch du willst deine Hochzeit im Ausland feiern? Zum Beispiel auf <a href=\"https:\/\/fine-weddings.de\/blog\/heiraten-auf-santorini\/\" target=\"_blank\" rel=\"noopener\">Santorini<\/a>, <a href=\"https:\/\/fine-weddings.de\/blog\/real-wedding-mallorca2024\/\" target=\"_blank\" rel=\"noopener\">Mallorca<\/a> oder <a href=\"https:\/\/fine-weddings.de\/blog\/destination-wedding-ibiza\/\" target=\"_blank\" rel=\"noopener\">Ibiza<\/a>? Dann melde dich gerne per E-Mail bei mir unter <a href=\"mailto:nm@fine-weddings.de\" target=\"_blank\" rel=\"noopener\">nm@fine-weddings.de<\/a> und wir schauen gemeinsam, wie wir dir helfen k\u00f6nnen.<\/p>\n<p style=\"font-weight: 400;\">Alles Liebe,<\/p>\n<p style=\"font-weight: 400;\">Deine Nadine<\/p>\n<\/div>\n<p>[\/vc_column_text]<div class=\"ult-spacer spacer-69edef2ae25b8\" data-id=\"69edef2ae25b8\" data-height=\"20\" data-height-mobile=\"20\" data-height-tab=\"\" data-height-tab-portrait=\"\" data-height-mobile-landscape=\"\" style=\"clear:both;display:block;\"><\/div><div class=\"ult-spacer spacer-69edef2ae25c0\" data-id=\"69edef2ae25c0\" data-height=\"20\" data-height-mobile=\"20\" data-height-tab=\"\" data-height-tab-portrait=\"\" data-height-mobile-landscape=\"\" style=\"clear:both;display:block;\"><\/div>[vc_column_text]Bildcredits:<\/p>\n<p>Privat[\/vc_column_text]<div class=\"ult-spacer spacer-69edef2ae25c6\" data-id=\"69edef2ae25c6\" data-height=\"20\" data-height-mobile=\"20\" data-height-tab=\"\" data-height-tab-portrait=\"\" data-height-mobile-landscape=\"\" style=\"clear:both;display:block;\"><\/div>[\/vc_column][\/vc_row][vc_row][vc_column width=&#8220;1\/2&#8243;]<div class=\"ult-spacer spacer-69edef2ae25cc\" data-id=\"69edef2ae25cc\" data-height=\"20\" data-height-mobile=\"20\" data-height-tab=\"\" data-height-tab-portrait=\"\" data-height-mobile-landscape=\"\" style=\"clear:both;display:block;\"><\/div><div class=\"ult-spacer spacer-69edef2ae25d2\" data-id=\"69edef2ae25d2\" data-height=\"20\" data-height-mobile=\"20\" data-height-tab=\"\" data-height-tab-portrait=\"\" data-height-mobile-landscape=\"\" style=\"clear:both;display:block;\"><\/div>[\/vc_column][vc_column width=&#8220;1\/2&#8243;]<div class=\"ult-spacer spacer-69edef2ae25e3\" data-id=\"69edef2ae25e3\" data-height=\"20\" data-height-mobile=\"20\" data-height-tab=\"\" data-height-tab-portrait=\"\" data-height-mobile-landscape=\"\" style=\"clear:both;display:block;\"><\/div><div class=\"ult-spacer spacer-69edef2ae25e9\" data-id=\"69edef2ae25e9\" data-height=\"20\" data-height-mobile=\"20\" data-height-tab=\"\" data-height-tab-portrait=\"\" data-height-mobile-landscape=\"\" style=\"clear:both;display:block;\"><\/div>[\/vc_column][\/vc_row][vc_row][vc_column][\/vc_column][\/vc_row]<\/p>\n<\/section>","protected":false},"excerpt":{"rendered":"<p>Dieter Bohlen hat auf den Malediven geheiratet. Doch ist die Traumhochzeit in Deutschland rechtskr\u00e4ftig?<\/p>\n","protected":false},"author":5,"featured_media":17507,"comment_status":"open","ping_status":"open","sticky":false,"template":"","format":"standard","meta":[],"categories":[69,77,1],"tags":[],"acf":[],"yoast_head":"<!-- This site is optimized with the Yoast SEO plugin v20.2 - https:\/\/yoast.com\/wordpress\/plugins\/seo\/ -->\n<title>JA-Sagen im Malediven-Paradies \u2013 Doch was gilt in Deutschland? Was wir aus der Bohlen-Hochzeit lernen k\u00f6nnen. - FINE WEDDINGS BLOG<\/title>\n<meta name=\"description\" content=\"Dieter Bohlen hat auf den Malediven geheiratet. Doch ist die Traumhochzeit in Deutschland rechtskr\u00e4ftig?\" \/>\n<meta name=\"robots\" content=\"index, follow, max-snippet:-1, max-image-preview:large, max-video-preview:-1\" \/>\n<link rel=\"canonical\" href=\"https:\/\/fine-weddings.de\/blog\/heiraten-auf-den-malediven\/\" \/>\n<meta property=\"og:locale\" content=\"de_DE\" \/>\n<meta property=\"og:type\" content=\"article\" \/>\n<meta property=\"og:title\" content=\"JA-Sagen im Malediven-Paradies \u2013 Doch was gilt in Deutschland? Was wir aus der Bohlen-Hochzeit lernen k\u00f6nnen. - FINE WEDDINGS BLOG\" \/>\n<meta property=\"og:description\" content=\"Dieter Bohlen hat auf den Malediven geheiratet. Doch ist die Traumhochzeit in Deutschland rechtskr\u00e4ftig?\" \/>\n<meta property=\"og:url\" content=\"https:\/\/fine-weddings.de\/blog\/heiraten-auf-den-malediven\/\" \/>\n<meta property=\"og:site_name\" content=\"FINE WEDDINGS BLOG\" \/>\n<meta property=\"article:published_time\" content=\"2026-01-08T12:05:51+00:00\" \/>\n<meta property=\"article:modified_time\" content=\"2026-01-08T12:20:39+00:00\" \/>\n<meta property=\"og:image\" content=\"https:\/\/fine-weddings.de\/blog\/wp-content\/uploads\/2026\/01\/62b799cf-5f8e-43d2-ae61-06452a3e3740.jpg\" \/>\n\t<meta property=\"og:image:width\" content=\"1600\" \/>\n\t<meta property=\"og:image:height\" content=\"1200\" \/>\n\t<meta property=\"og:image:type\" content=\"image\/jpeg\" \/>\n<meta name=\"author\" content=\"Freya Matthiessen\" \/>\n<meta name=\"twitter:card\" content=\"summary_large_image\" \/>\n<meta name=\"twitter:label1\" content=\"Verfasst von\" \/>\n\t<meta name=\"twitter:data1\" content=\"Freya Matthiessen\" \/>\n\t<meta name=\"twitter:label2\" content=\"Gesch\u00e4tzte Lesezeit\" \/>\n\t<meta name=\"twitter:data2\" content=\"3\u00a0Minuten\" \/>\n<script type=\"application\/ld+json\" class=\"yoast-schema-graph\">{\"@context\":\"https:\/\/schema.org\",\"@graph\":[{\"@type\":\"Article\",\"@id\":\"https:\/\/fine-weddings.de\/blog\/heiraten-auf-den-malediven\/#article\",\"isPartOf\":{\"@id\":\"https:\/\/fine-weddings.de\/blog\/heiraten-auf-den-malediven\/\"},\"author\":{\"name\":\"Freya Matthiessen\",\"@id\":\"https:\/\/fine-weddings.de\/blog\/#\/schema\/person\/428ddccb5a71ac2cb9fd1d22b99ce6e8\"},\"headline\":\"JA-Sagen im Malediven-Paradies \u2013 Doch was gilt in Deutschland? Was wir aus der Bohlen-Hochzeit lernen k\u00f6nnen.\",\"datePublished\":\"2026-01-08T12:05:51+00:00\",\"dateModified\":\"2026-01-08T12:20:39+00:00\",\"mainEntityOfPage\":{\"@id\":\"https:\/\/fine-weddings.de\/blog\/heiraten-auf-den-malediven\/\"},\"wordCount\":736,\"commentCount\":0,\"publisher\":{\"@id\":\"https:\/\/fine-weddings.de\/blog\/#organization\"},\"articleSection\":[\"News\",\"Private Parties\",\"Wedding Trends\"],\"inLanguage\":\"de\",\"potentialAction\":[{\"@type\":\"CommentAction\",\"name\":\"Comment\",\"target\":[\"https:\/\/fine-weddings.de\/blog\/heiraten-auf-den-malediven\/#respond\"]}]},{\"@type\":\"WebPage\",\"@id\":\"https:\/\/fine-weddings.de\/blog\/heiraten-auf-den-malediven\/\",\"url\":\"https:\/\/fine-weddings.de\/blog\/heiraten-auf-den-malediven\/\",\"name\":\"JA-Sagen im Malediven-Paradies \u2013 Doch was gilt in Deutschland? Was wir aus der Bohlen-Hochzeit lernen k\u00f6nnen. - FINE WEDDINGS BLOG\",\"isPartOf\":{\"@id\":\"https:\/\/fine-weddings.de\/blog\/#website\"},\"datePublished\":\"2026-01-08T12:05:51+00:00\",\"dateModified\":\"2026-01-08T12:20:39+00:00\",\"description\":\"Dieter Bohlen hat auf den Malediven geheiratet. Doch ist die Traumhochzeit in Deutschland rechtskr\u00e4ftig?\",\"breadcrumb\":{\"@id\":\"https:\/\/fine-weddings.de\/blog\/heiraten-auf-den-malediven\/#breadcrumb\"},\"inLanguage\":\"de\",\"potentialAction\":[{\"@type\":\"ReadAction\",\"target\":[\"https:\/\/fine-weddings.de\/blog\/heiraten-auf-den-malediven\/\"]}]},{\"@type\":\"BreadcrumbList\",\"@id\":\"https:\/\/fine-weddings.de\/blog\/heiraten-auf-den-malediven\/#breadcrumb\",\"itemListElement\":[{\"@type\":\"ListItem\",\"position\":1,\"name\":\"Home\",\"item\":\"https:\/\/fine-weddings.de\/blog\/\"},{\"@type\":\"ListItem\",\"position\":2,\"name\":\"JA-Sagen im Malediven-Paradies \u2013 Doch was gilt in Deutschland? Was wir aus der Bohlen-Hochzeit lernen k\u00f6nnen.\"}]},{\"@type\":\"WebSite\",\"@id\":\"https:\/\/fine-weddings.de\/blog\/#website\",\"url\":\"https:\/\/fine-weddings.de\/blog\/\",\"name\":\"FINE WEDDINGS BLOG\",\"description\":\"Trends und News rund ums Heiraten\",\"publisher\":{\"@id\":\"https:\/\/fine-weddings.de\/blog\/#organization\"},\"potentialAction\":[{\"@type\":\"SearchAction\",\"target\":{\"@type\":\"EntryPoint\",\"urlTemplate\":\"https:\/\/fine-weddings.de\/blog\/?s={search_term_string}\"},\"query-input\":\"required name=search_term_string\"}],\"inLanguage\":\"de\"},{\"@type\":\"Organization\",\"@id\":\"https:\/\/fine-weddings.de\/blog\/#organization\",\"name\":\"Fine Weddings & Parties\",\"url\":\"https:\/\/fine-weddings.de\/blog\/\",\"logo\":{\"@type\":\"ImageObject\",\"inLanguage\":\"de\",\"@id\":\"https:\/\/fine-weddings.de\/blog\/#\/schema\/logo\/image\/\",\"url\":\"https:\/\/www.fine-weddings.de\/blog\/wp-content\/uploads\/2021\/05\/FW-Logo.png\",\"contentUrl\":\"https:\/\/www.fine-weddings.de\/blog\/wp-content\/uploads\/2021\/05\/FW-Logo.png\",\"width\":500,\"height\":458,\"caption\":\"Fine Weddings & Parties\"},\"image\":{\"@id\":\"https:\/\/fine-weddings.de\/blog\/#\/schema\/logo\/image\/\"}},{\"@type\":\"Person\",\"@id\":\"https:\/\/fine-weddings.de\/blog\/#\/schema\/person\/428ddccb5a71ac2cb9fd1d22b99ce6e8\",\"name\":\"Freya Matthiessen\"}]}<\/script>\n<!-- \/ Yoast SEO plugin. -->","yoast_head_json":{"title":"JA-Sagen im Malediven-Paradies \u2013 Doch was gilt in Deutschland? Was wir aus der Bohlen-Hochzeit lernen k\u00f6nnen. - FINE WEDDINGS BLOG","description":"Dieter Bohlen hat auf den Malediven geheiratet. Doch ist die Traumhochzeit in Deutschland rechtskr\u00e4ftig?","robots":{"index":"index","follow":"follow","max-snippet":"max-snippet:-1","max-image-preview":"max-image-preview:large","max-video-preview":"max-video-preview:-1"},"canonical":"https:\/\/fine-weddings.de\/blog\/heiraten-auf-den-malediven\/","og_locale":"de_DE","og_type":"article","og_title":"JA-Sagen im Malediven-Paradies \u2013 Doch was gilt in Deutschland? Was wir aus der Bohlen-Hochzeit lernen k\u00f6nnen. - FINE WEDDINGS BLOG","og_description":"Dieter Bohlen hat auf den Malediven geheiratet. Doch ist die Traumhochzeit in Deutschland rechtskr\u00e4ftig?","og_url":"https:\/\/fine-weddings.de\/blog\/heiraten-auf-den-malediven\/","og_site_name":"FINE WEDDINGS BLOG","article_published_time":"2026-01-08T12:05:51+00:00","article_modified_time":"2026-01-08T12:20:39+00:00","og_image":[{"width":1600,"height":1200,"url":"https:\/\/fine-weddings.de\/blog\/wp-content\/uploads\/2026\/01\/62b799cf-5f8e-43d2-ae61-06452a3e3740.jpg","type":"image\/jpeg"}],"author":"Freya Matthiessen","twitter_card":"summary_large_image","twitter_misc":{"Verfasst von":"Freya Matthiessen","Gesch\u00e4tzte Lesezeit":"3\u00a0Minuten"},"schema":{"@context":"https:\/\/schema.org","@graph":[{"@type":"Article","@id":"https:\/\/fine-weddings.de\/blog\/heiraten-auf-den-malediven\/#article","isPartOf":{"@id":"https:\/\/fine-weddings.de\/blog\/heiraten-auf-den-malediven\/"},"author":{"name":"Freya Matthiessen","@id":"https:\/\/fine-weddings.de\/blog\/#\/schema\/person\/428ddccb5a71ac2cb9fd1d22b99ce6e8"},"headline":"JA-Sagen im Malediven-Paradies \u2013 Doch was gilt in Deutschland? Was wir aus der Bohlen-Hochzeit lernen k\u00f6nnen.","datePublished":"2026-01-08T12:05:51+00:00","dateModified":"2026-01-08T12:20:39+00:00","mainEntityOfPage":{"@id":"https:\/\/fine-weddings.de\/blog\/heiraten-auf-den-malediven\/"},"wordCount":736,"commentCount":0,"publisher":{"@id":"https:\/\/fine-weddings.de\/blog\/#organization"},"articleSection":["News","Private Parties","Wedding Trends"],"inLanguage":"de","potentialAction":[{"@type":"CommentAction","name":"Comment","target":["https:\/\/fine-weddings.de\/blog\/heiraten-auf-den-malediven\/#respond"]}]},{"@type":"WebPage","@id":"https:\/\/fine-weddings.de\/blog\/heiraten-auf-den-malediven\/","url":"https:\/\/fine-weddings.de\/blog\/heiraten-auf-den-malediven\/","name":"JA-Sagen im Malediven-Paradies \u2013 Doch was gilt in Deutschland? Was wir aus der Bohlen-Hochzeit lernen k\u00f6nnen. - FINE WEDDINGS BLOG","isPartOf":{"@id":"https:\/\/fine-weddings.de\/blog\/#website"},"datePublished":"2026-01-08T12:05:51+00:00","dateModified":"2026-01-08T12:20:39+00:00","description":"Dieter Bohlen hat auf den Malediven geheiratet. Doch ist die Traumhochzeit in Deutschland rechtskr\u00e4ftig?","breadcrumb":{"@id":"https:\/\/fine-weddings.de\/blog\/heiraten-auf-den-malediven\/#breadcrumb"},"inLanguage":"de","potentialAction":[{"@type":"ReadAction","target":["https:\/\/fine-weddings.de\/blog\/heiraten-auf-den-malediven\/"]}]},{"@type":"BreadcrumbList","@id":"https:\/\/fine-weddings.de\/blog\/heiraten-auf-den-malediven\/#breadcrumb","itemListElement":[{"@type":"ListItem","position":1,"name":"Home","item":"https:\/\/fine-weddings.de\/blog\/"},{"@type":"ListItem","position":2,"name":"JA-Sagen im Malediven-Paradies \u2013 Doch was gilt in Deutschland? Was wir aus der Bohlen-Hochzeit lernen k\u00f6nnen."}]},{"@type":"WebSite","@id":"https:\/\/fine-weddings.de\/blog\/#website","url":"https:\/\/fine-weddings.de\/blog\/","name":"FINE WEDDINGS BLOG","description":"Trends und News rund ums Heiraten","publisher":{"@id":"https:\/\/fine-weddings.de\/blog\/#organization"},"potentialAction":[{"@type":"SearchAction","target":{"@type":"EntryPoint","urlTemplate":"https:\/\/fine-weddings.de\/blog\/?s={search_term_string}"},"query-input":"required name=search_term_string"}],"inLanguage":"de"},{"@type":"Organization","@id":"https:\/\/fine-weddings.de\/blog\/#organization","name":"Fine Weddings & Parties","url":"https:\/\/fine-weddings.de\/blog\/","logo":{"@type":"ImageObject","inLanguage":"de","@id":"https:\/\/fine-weddings.de\/blog\/#\/schema\/logo\/image\/","url":"https:\/\/www.fine-weddings.de\/blog\/wp-content\/uploads\/2021\/05\/FW-Logo.png","contentUrl":"https:\/\/www.fine-weddings.de\/blog\/wp-content\/uploads\/2021\/05\/FW-Logo.png","width":500,"height":458,"caption":"Fine Weddings & Parties"},"image":{"@id":"https:\/\/fine-weddings.de\/blog\/#\/schema\/logo\/image\/"}},{"@type":"Person","@id":"https:\/\/fine-weddings.de\/blog\/#\/schema\/person\/428ddccb5a71ac2cb9fd1d22b99ce6e8","name":"Freya Matthiessen"}]}},"_links":{"self":[{"href":"https:\/\/fine-weddings.de\/blog\/wp-json\/wp\/v2\/posts\/17510"}],"collection":[{"href":"https:\/\/fine-weddings.de\/blog\/wp-json\/wp\/v2\/posts"}],"about":[{"href":"https:\/\/fine-weddings.de\/blog\/wp-json\/wp\/v2\/types\/post"}],"author":[{"embeddable":true,"href":"https:\/\/fine-weddings.de\/blog\/wp-json\/wp\/v2\/users\/5"}],"replies":[{"embeddable":true,"href":"https:\/\/fine-weddings.de\/blog\/wp-json\/wp\/v2\/comments?post=17510"}],"version-history":[{"count":4,"href":"https:\/\/fine-weddings.de\/blog\/wp-json\/wp\/v2\/posts\/17510\/revisions"}],"predecessor-version":[{"id":17514,"href":"https:\/\/fine-weddings.de\/blog\/wp-json\/wp\/v2\/posts\/17510\/revisions\/17514"}],"wp:featuredmedia":[{"embeddable":true,"href":"https:\/\/fine-weddings.de\/blog\/wp-json\/wp\/v2\/media\/17507"}],"wp:attachment":[{"href":"https:\/\/fine-weddings.de\/blog\/wp-json\/wp\/v2\/media?parent=17510"}],"wp:term":[{"taxonomy":"category","embeddable":true,"href":"https:\/\/fine-weddings.de\/blog\/wp-json\/wp\/v2\/categories?post=17510"},{"taxonomy":"post_tag","embeddable":true,"href":"https:\/\/fine-weddings.de\/blog\/wp-json\/wp\/v2\/tags?post=17510"}],"curies":[{"name":"wp","href":"https:\/\/api.w.org\/{rel}","templated":true}]}}