{"id":17341,"date":"2024-09-27T13:42:53","date_gmt":"2024-09-27T11:42:53","guid":{"rendered":"https:\/\/fine-weddings.de\/blog\/?p=17341"},"modified":"2024-09-27T22:19:56","modified_gmt":"2024-09-27T20:19:56","slug":"real-wedding-mallorca2024","status":"publish","type":"post","link":"https:\/\/fine-weddings.de\/blog\/real-wedding-mallorca2024\/","title":{"rendered":"REAL WEDDING: Amore und Fiesta auf Mallorca"},"content":{"rendered":"<section class=\"wpb-content-wrapper\"><p>[vc_row][vc_column]<div class=\"ult-spacer spacer-69ee07cb7133b\" data-id=\"69ee07cb7133b\" data-height=\"20\" data-height-mobile=\"20\" data-height-tab=\"\" data-height-tab-portrait=\"\" data-height-mobile-landscape=\"\" style=\"clear:both;display:block;\"><\/div>[vc_column_text]<\/p>\n<p style=\"font-weight: 400;\">Hach, was soll ich sagen: Es f\u00fchlt sich einfach so gut und vertraut an, wieder auf Mallorca in dem wundervollen Castell Son Claret zu sein und ein wenig Magie f\u00fcr meine Kunden zu kreieren. Dieses Mal kuratiere ich eine sehr intime Hochzeit mit 65 Personen und bereite den aus Deutschland anreisenden G\u00e4sten ein unvergessliches Wochenende auf der Baleareninsel.<\/p>\n<p>[\/vc_column_text][\/vc_column][\/vc_row][vc_row][vc_column]<div class=\"ult-spacer spacer-69ee07cb7134f\" data-id=\"69ee07cb7134f\" data-height=\"20\" data-height-mobile=\"20\" data-height-tab=\"\" data-height-tab-portrait=\"\" data-height-mobile-landscape=\"\" style=\"clear:both;display:block;\"><\/div><div class=\"ult-spacer spacer-69ee07cb7135c\" data-id=\"69ee07cb7135c\" data-height=\"20\" data-height-mobile=\"20\" data-height-tab=\"\" data-height-tab-portrait=\"\" data-height-mobile-landscape=\"\" style=\"clear:both;display:block;\"><\/div>[vc_single_image image=&#8220;17329&#8243; img_size=&#8220;full&#8220; alignment=&#8220;center&#8220;]<div class=\"ult-spacer spacer-69ee07cb7136c\" data-id=\"69ee07cb7136c\" data-height=\"20\" data-height-mobile=\"20\" data-height-tab=\"\" data-height-tab-portrait=\"\" data-height-mobile-landscape=\"\" style=\"clear:both;display:block;\"><\/div><div class=\"ult-spacer spacer-69ee07cb71377\" data-id=\"69ee07cb71377\" data-height=\"20\" data-height-mobile=\"20\" data-height-tab=\"\" data-height-tab-portrait=\"\" data-height-mobile-landscape=\"\" style=\"clear:both;display:block;\"><\/div>[vc_column_text]<\/p>\n<p style=\"font-weight: 400;\"><strong>Die Aufgabenstellung<\/strong><\/p>\n<p style=\"font-weight: 400;\">Mein Brautpaar\u2026prominent und seit zwei Jahrzehnten zusammen in wilder Ehe mit einem entz\u00fcckenden Sohn im Teenageralter &#8211; mehr darf ich leider nicht verraten\u2026 w\u00fcnscht sich eine Traumhochzeit auf der Baleareninsel in einer Location, die exklusiv nur f\u00fcr sie und ihre G\u00e4ste ist. Wichtig ist ihnen, dass sie die totale Kontrolle \u00fcber den Zugang (und damit die Boulevardpresse) haben. Das Brautpaar will diesen Moment n\u00e4mlich f\u00fcr sich und nicht mit der breiten \u00d6ffentlichkeit teilen. Keine Journalisten. Da ist mir nat\u00fcrlich sofort klar: Bei Son Claret wunderbar umsetzbar. Denn durch das gro\u00dfe, bewachte Einfahrtstor kommt hier keiner unentdeckt auf das Gel\u00e4nde.<\/p>\n<p>[\/vc_column_text]<div class=\"ult-spacer spacer-69ee07cb71382\" data-id=\"69ee07cb71382\" data-height=\"20\" data-height-mobile=\"20\" data-height-tab=\"\" data-height-tab-portrait=\"\" data-height-mobile-landscape=\"\" style=\"clear:both;display:block;\"><\/div><div class=\"ult-spacer spacer-69ee07cb7138c\" data-id=\"69ee07cb7138c\" data-height=\"20\" data-height-mobile=\"20\" data-height-tab=\"\" data-height-tab-portrait=\"\" data-height-mobile-landscape=\"\" style=\"clear:both;display:block;\"><\/div>[vc_single_image image=&#8220;17328&#8243; img_size=&#8220;full&#8220; alignment=&#8220;center&#8220;]<div class=\"ult-spacer spacer-69ee07cb71396\" data-id=\"69ee07cb71396\" data-height=\"20\" data-height-mobile=\"20\" data-height-tab=\"\" data-height-tab-portrait=\"\" data-height-mobile-landscape=\"\" style=\"clear:both;display:block;\"><\/div><div class=\"ult-spacer spacer-69ee07cb7139f\" data-id=\"69ee07cb7139f\" data-height=\"20\" data-height-mobile=\"20\" data-height-tab=\"\" data-height-tab-portrait=\"\" data-height-mobile-landscape=\"\" style=\"clear:both;display:block;\"><\/div><div class=\"ult-spacer spacer-69ee07cb713a9\" data-id=\"69ee07cb713a9\" data-height=\"20\" data-height-mobile=\"20\" data-height-tab=\"\" data-height-tab-portrait=\"\" data-height-mobile-landscape=\"\" style=\"clear:both;display:block;\"><\/div>[vc_column_text]<\/p>\n<p style=\"font-weight: 400;\">Die Vision einer langen, durchtanzten Nacht unter freiem Himmel gilt es f\u00fcr mich bei dieser Hochzeit in die Tat umzusetzen. Klingt einfach, ist aber auf Mallorca mittlerweile nicht mehr so einfach: L\u00e4rmschutz ist mehr und mehr ein Thema, die\u00a0 meisten Locations erlauben keine Musik mehr \u00fcber 96 Dezibel. Da kommt die von Anwohnern gerufene Polizei schneller als du Pieps sagen kannst.<\/p>\n<p style=\"font-weight: 400;\">Mittlerweile kenne ich Mallorca wie meine Westentasche und wei\u00df deshalb genau: Bei Son Claret ist das kein Problem. Gleichzeitig erf\u00fcllt diese Location auch die weiteren Kriterien, die f\u00fcr das Brautpaar wichtig sind: Die M\u00f6glichkeit, ein geselliges Get-Together freitags am Pool zu machen und das Wochenende mit einem Brunch an langer Tafel outdoor am Sonntag abzuschlie\u00dfen. Casus Knaxus ist einzig das Wunschdatum des Brautpaares. Das ist offiziell n\u00e4mlich nicht mehr verf\u00fcgbar. Aber ihr kennt mich, ich w\u00e4re nicht umsonst eine der besten Planerinnen Deutschlands, wenn ich nicht (fast) alles m\u00f6glich machen kann. Dank meiner guten Beziehung zu diesem Haus also alles kein Problem.<\/p>\n<p>[\/vc_column_text]<div class=\"ult-spacer spacer-69ee07cb713b3\" data-id=\"69ee07cb713b3\" data-height=\"20\" data-height-mobile=\"20\" data-height-tab=\"\" data-height-tab-portrait=\"\" data-height-mobile-landscape=\"\" style=\"clear:both;display:block;\"><\/div><div class=\"ult-spacer spacer-69ee07cb713bc\" data-id=\"69ee07cb713bc\" data-height=\"20\" data-height-mobile=\"20\" data-height-tab=\"\" data-height-tab-portrait=\"\" data-height-mobile-landscape=\"\" style=\"clear:both;display:block;\"><\/div>[vc_single_image image=&#8220;17340&#8243; img_size=&#8220;full&#8220; alignment=&#8220;center&#8220;]<div class=\"ult-spacer spacer-69ee07cb713c5\" data-id=\"69ee07cb713c5\" data-height=\"20\" data-height-mobile=\"20\" data-height-tab=\"\" data-height-tab-portrait=\"\" data-height-mobile-landscape=\"\" style=\"clear:both;display:block;\"><\/div>[vc_column_text]<\/p>\n<p style=\"font-weight: 400;\"><strong>Historischer Charme<\/strong><\/p>\n<p style=\"font-weight: 400;\">Das historische Castell Son Claret in der Provinz Calvia auf Mallorca ist wirklich etwas ganz Besonderes. Das Hotel am Fu\u00dfe des Tramuntana-Gebirges ist ein perfekter Ort f\u00fcr Hochzeiten. Es vereint Natur pur mit entspanntem Luxus und kulinarischen Highlights. Das wirklich au\u00dfergew\u00f6hnliche aber sind seine Menschen, der Charme des Teams und das Verst\u00e4ndnis von Gastfreundschaft. Bei meiner ersten exklusiv ausgerichteten Hochzeit im Juli 2020 dort hatte ich das Gl\u00fcck, den Hoteldirektor Bj\u00f6rn Spaude interviewen zu d\u00fcrfen. <a href=\"https:\/\/fine-weddings.de\/blog\/heiraten-auf-mallorca-das-hotel-castell-son-claret\/\" target=\"_blank\" rel=\"noopener\">HIER<\/a> lest ihr noch genauer, weshalb das Castell so einzigartig ist.<\/p>\n<p>[\/vc_column_text]<div class=\"ult-spacer spacer-69ee07cb713ce\" data-id=\"69ee07cb713ce\" data-height=\"20\" data-height-mobile=\"20\" data-height-tab=\"\" data-height-tab-portrait=\"\" data-height-mobile-landscape=\"\" style=\"clear:both;display:block;\"><\/div><div class=\"ult-spacer spacer-69ee07cb713d7\" data-id=\"69ee07cb713d7\" data-height=\"20\" data-height-mobile=\"20\" data-height-tab=\"\" data-height-tab-portrait=\"\" data-height-mobile-landscape=\"\" style=\"clear:both;display:block;\"><\/div>[vc_single_image image=&#8220;17327&#8243; img_size=&#8220;full&#8220; alignment=&#8220;center&#8220;]<div class=\"ult-spacer spacer-69ee07cb713e0\" data-id=\"69ee07cb713e0\" data-height=\"20\" data-height-mobile=\"20\" data-height-tab=\"\" data-height-tab-portrait=\"\" data-height-mobile-landscape=\"\" style=\"clear:both;display:block;\"><\/div><div class=\"ult-spacer spacer-69ee07cb713e9\" data-id=\"69ee07cb713e9\" data-height=\"20\" data-height-mobile=\"20\" data-height-tab=\"\" data-height-tab-portrait=\"\" data-height-mobile-landscape=\"\" style=\"clear:both;display:block;\"><\/div>[vc_column_text]<\/p>\n<p style=\"font-weight: 400;\">Wichtig zu wissen: Bei dieser Location gibt es keine Schlecht-Wetter-Option indoor. Das hei\u00dft, hier muss bei schlechtem Wetter mit Zelten geplant werden. Normalerweise plane ich ja immer f\u00fcr beide Wettervarianten. In diesem Fall hat sich das Brautpaar allerdings bewusst gegen Zelte entschieden und wollte auch keins in Stand-By. Das ist dann nat\u00fcrlich eine Challenge f\u00fcr mich als Planer. Ihr erinnert euch vielleicht, es ging in diesem Jahr mehrmals die Welt unter auf Mallorca. In der Woche davor regnete es ununterbrochen und ich habe ausdr\u00fccklich zu einem Standby-Zelt geraten. Aber der Wunsch des Brautpaares ist mir Befehl. Die Planung soll ohne Zelt sein. Und nun ratet mal: Am Hochzeitstag meines Brautpaares bzw. an dem gesamten Wochenende nur Sonne und keine einzige Wolke am Himmel.<\/p>\n<p>[\/vc_column_text]<div class=\"ult-spacer spacer-69ee07cb713f1\" data-id=\"69ee07cb713f1\" data-height=\"20\" data-height-mobile=\"20\" data-height-tab=\"\" data-height-tab-portrait=\"\" data-height-mobile-landscape=\"\" style=\"clear:both;display:block;\"><\/div><div class=\"ult-spacer spacer-69ee07cb713f9\" data-id=\"69ee07cb713f9\" data-height=\"20\" data-height-mobile=\"20\" data-height-tab=\"\" data-height-tab-portrait=\"\" data-height-mobile-landscape=\"\" style=\"clear:both;display:block;\"><\/div>[vc_single_image image=&#8220;17333&#8243; img_size=&#8220;full&#8220; alignment=&#8220;center&#8220;]<div class=\"ult-spacer spacer-69ee07cb71402\" data-id=\"69ee07cb71402\" data-height=\"20\" data-height-mobile=\"20\" data-height-tab=\"\" data-height-tab-portrait=\"\" data-height-mobile-landscape=\"\" style=\"clear:both;display:block;\"><\/div><div class=\"ult-spacer spacer-69ee07cb7140a\" data-id=\"69ee07cb7140a\" data-height=\"20\" data-height-mobile=\"20\" data-height-tab=\"\" data-height-tab-portrait=\"\" data-height-mobile-landscape=\"\" style=\"clear:both;display:block;\"><\/div>[vc_single_image image=&#8220;17332&#8243; img_size=&#8220;full&#8220; alignment=&#8220;center&#8220;]<div class=\"ult-spacer spacer-69ee07cb71412\" data-id=\"69ee07cb71412\" data-height=\"20\" data-height-mobile=\"20\" data-height-tab=\"\" data-height-tab-portrait=\"\" data-height-mobile-landscape=\"\" style=\"clear:both;display:block;\"><\/div><div class=\"ult-spacer spacer-69ee07cb7141b\" data-id=\"69ee07cb7141b\" data-height=\"20\" data-height-mobile=\"20\" data-height-tab=\"\" data-height-tab-portrait=\"\" data-height-mobile-landscape=\"\" style=\"clear:both;display:block;\"><\/div>[vc_column_text]<\/p>\n<p style=\"font-weight: 400;\"><strong>Ungezwungene Atmosph\u00e4re<\/strong><\/p>\n<p style=\"font-weight: 400;\">Das Hochzeitswochenende l\u00e4uft unter dem Motto: locker und ungezwungen. Der Dresscode ist die gesamte Zeit leger und chic, auf Black Tie wird bewusst verzichtet. Wert legen die beiden daf\u00fcr insbesondere auf die freie Traurede. Die soll am liebsten von einer jungen und humorvollen Person gemacht werden, gerne darf es auch eine Frau sein. Nat\u00fcrlich schlage ich meinen Kunden immer mehrere Optionen vor, damit sie die Auswahl haben. Entschieden haben sich die beiden dann f\u00fcr die bezaubernde Isi Kaus. Und ganz ehrlich: Ich finde es richtig erfrischend, dass mein Brautpaar sich f\u00fcr eine Frau entschieden hat. Es muss wirklich nicht immer ein \u00e4lterer, eloquenter Herr sein, der gut reden kann.<\/p>\n<p>[\/vc_column_text]<div class=\"ult-spacer spacer-69ee07cb71423\" data-id=\"69ee07cb71423\" data-height=\"20\" data-height-mobile=\"20\" data-height-tab=\"\" data-height-tab-portrait=\"\" data-height-mobile-landscape=\"\" style=\"clear:both;display:block;\"><\/div><div class=\"ult-spacer spacer-69ee07cb7142b\" data-id=\"69ee07cb7142b\" data-height=\"20\" data-height-mobile=\"20\" data-height-tab=\"\" data-height-tab-portrait=\"\" data-height-mobile-landscape=\"\" style=\"clear:both;display:block;\"><\/div>[vc_single_image image=&#8220;17339&#8243; img_size=&#8220;full&#8220; alignment=&#8220;center&#8220;]<div class=\"ult-spacer spacer-69ee07cb71432\" data-id=\"69ee07cb71432\" data-height=\"20\" data-height-mobile=\"20\" data-height-tab=\"\" data-height-tab-portrait=\"\" data-height-mobile-landscape=\"\" style=\"clear:both;display:block;\"><\/div><div class=\"ult-spacer spacer-69ee07cb7143f\" data-id=\"69ee07cb7143f\" data-height=\"20\" data-height-mobile=\"20\" data-height-tab=\"\" data-height-tab-portrait=\"\" data-height-mobile-landscape=\"\" style=\"clear:both;display:block;\"><\/div>[vc_column_text]<\/p>\n<p style=\"font-weight: 400;\">Genauso locker geht es dann in Sachen Musik weiter: Eine Live-Band, die das gesamte Repertoire an aktuellen Charts, tanzbaren Klassikern und Reggae beherrscht, soll es sein. So eine kenne ich nat\u00fcrlich und nach schneller Entscheidungsrunde machten sich Max &amp; Friends auf die Reise nach Mallorca. Outdoor live on stage heizen dabei drei S\u00e4nger, Saxophonist und Pianist ein, w\u00e4hrend zu sp\u00e4terer Stunde nat\u00fcrlich ein DJ am Start ist. Ich kann nur eins sagen: Die Stimmung im Patio \u2013 dem Innenhof des Castells \u2013 ist der Hammer und es gibt keinen, der nicht das Tanzbein schwingt und sp\u00e4testens da ins Schwitzen ger\u00e4t.<\/p>\n<p>[\/vc_column_text]<div class=\"ult-spacer spacer-69ee07cb71447\" data-id=\"69ee07cb71447\" data-height=\"20\" data-height-mobile=\"20\" data-height-tab=\"\" data-height-tab-portrait=\"\" data-height-mobile-landscape=\"\" style=\"clear:both;display:block;\"><\/div><div class=\"ult-spacer spacer-69ee07cb71450\" data-id=\"69ee07cb71450\" data-height=\"20\" data-height-mobile=\"20\" data-height-tab=\"\" data-height-tab-portrait=\"\" data-height-mobile-landscape=\"\" style=\"clear:both;display:block;\"><\/div>[vc_single_image image=&#8220;17337&#8243; img_size=&#8220;full&#8220; alignment=&#8220;center&#8220;]<div class=\"ult-spacer spacer-69ee07cb71457\" data-id=\"69ee07cb71457\" data-height=\"20\" data-height-mobile=\"20\" data-height-tab=\"\" data-height-tab-portrait=\"\" data-height-mobile-landscape=\"\" style=\"clear:both;display:block;\"><\/div><div class=\"ult-spacer spacer-69ee07cb7145f\" data-id=\"69ee07cb7145f\" data-height=\"20\" data-height-mobile=\"20\" data-height-tab=\"\" data-height-tab-portrait=\"\" data-height-mobile-landscape=\"\" style=\"clear:both;display:block;\"><\/div>[vc_single_image image=&#8220;17331&#8243; img_size=&#8220;full&#8220; alignment=&#8220;center&#8220;]<div class=\"ult-spacer spacer-69ee07cb71466\" data-id=\"69ee07cb71466\" data-height=\"20\" data-height-mobile=\"20\" data-height-tab=\"\" data-height-tab-portrait=\"\" data-height-mobile-landscape=\"\" style=\"clear:both;display:block;\"><\/div><div class=\"ult-spacer spacer-69ee07cb7146d\" data-id=\"69ee07cb7146d\" data-height=\"20\" data-height-mobile=\"20\" data-height-tab=\"\" data-height-tab-portrait=\"\" data-height-mobile-landscape=\"\" style=\"clear:both;display:block;\"><\/div>[vc_column_text]<\/p>\n<p style=\"font-weight: 400;\"><strong>Nat\u00fcrlichkeit ist Trumpf<\/strong><\/p>\n<p style=\"font-weight: 400;\">Wenn ihr denkt, ich kann nur laut und bunt, dann kann ich euch jetzt eines Besseren belehren: Die Braut w\u00fcnscht sich eine eher zur\u00fcckhaltende Blumendekoration, alles soll organisch und sehr nat\u00fcrlich wirken. Mit viel wei\u00df, gr\u00fcn und Oliven. Das f\u00e4ngt schon bei der Papeterie von Jubelzeiten an. Hier werden die Farben und Motivw\u00fcnsche aufgegriffen. Das nat\u00fcrliche findet sich auch in der Men\u00fc-Karte wieder. Diese besteht aus Kork und f\u00fcgt sich so harmonisch in das Setting ein. Zusammen mit dem Floristenteam von Ars Festum habe ich dann ein Designkonzept f\u00fcr die beiden entwickelt, mit denen sich das Brautpaar wohlf\u00fchlt und was das Design der Papeterie von Jubelzeiten aufgreift. So wird beispielsweise der Brunnen \u00a0im Patio beim Dinner mit in die Deko integriert: Laternen und Blumen rund um und auf dem Brunnen, dazu jeder Tisch hohe Gestecke und Glaszylinder mit dicken hellen Stumpenkerzen. Sooo romantisch. Der Brautstrau\u00df besteht rein aus Pfingstrosen. Pfingstrosen sind als Brautrau\u00df \u00fcbrigens sehr beliebt. Nur sind sie nicht immer erh\u00e4ltlich, weil sie nicht immer Saison haben. Wusstest du das?<\/p>\n<p>[\/vc_column_text]<div class=\"ult-spacer spacer-69ee07cb71474\" data-id=\"69ee07cb71474\" data-height=\"20\" data-height-mobile=\"20\" data-height-tab=\"\" data-height-tab-portrait=\"\" data-height-mobile-landscape=\"\" style=\"clear:both;display:block;\"><\/div><div class=\"ult-spacer spacer-69ee07cb7147b\" data-id=\"69ee07cb7147b\" data-height=\"20\" data-height-mobile=\"20\" data-height-tab=\"\" data-height-tab-portrait=\"\" data-height-mobile-landscape=\"\" style=\"clear:both;display:block;\"><\/div>[vc_single_image image=&#8220;17334&#8243; img_size=&#8220;full&#8220; alignment=&#8220;center&#8220;]<div class=\"ult-spacer spacer-69ee07cb71482\" data-id=\"69ee07cb71482\" data-height=\"20\" data-height-mobile=\"20\" data-height-tab=\"\" data-height-tab-portrait=\"\" data-height-mobile-landscape=\"\" style=\"clear:both;display:block;\"><\/div><div class=\"ult-spacer spacer-69ee07cb71489\" data-id=\"69ee07cb71489\" data-height=\"20\" data-height-mobile=\"20\" data-height-tab=\"\" data-height-tab-portrait=\"\" data-height-mobile-landscape=\"\" style=\"clear:both;display:block;\"><\/div>[vc_single_image image=&#8220;17335&#8243; img_size=&#8220;full&#8220; alignment=&#8220;center&#8220;]<div class=\"ult-spacer spacer-69ee07cb71491\" data-id=\"69ee07cb71491\" data-height=\"20\" data-height-mobile=\"20\" data-height-tab=\"\" data-height-tab-portrait=\"\" data-height-mobile-landscape=\"\" style=\"clear:both;display:block;\"><\/div><div class=\"ult-spacer spacer-69ee07cb71498\" data-id=\"69ee07cb71498\" data-height=\"20\" data-height-mobile=\"20\" data-height-tab=\"\" data-height-tab-portrait=\"\" data-height-mobile-landscape=\"\" style=\"clear:both;display:block;\"><\/div>[vc_column_text]<\/p>\n<p style=\"font-weight: 400;\">Passend zu Blumen und Deko wird nat\u00fcrlich die Hochzeitstorte gestaltet. Diese hat je Stockwerk eine andere Geschmacksrichtung: eine Chai-Creme mit Mango &amp; Passionsfrucht, eine Tonka-Bohne &amp; Himbeer-Creme mit frischen Himbeeren, eine Schokolade &amp; Creme-Schokolade mit Kakaobohnen. Kreiert von Konditorin Narezycuart. Optisch als auch geschmacklich ein Traum.<\/p>\n<p>[\/vc_column_text][\/vc_column][\/vc_row][vc_row][vc_column]<div class=\"ult-spacer spacer-69ee07cb7149e\" data-id=\"69ee07cb7149e\" data-height=\"20\" data-height-mobile=\"20\" data-height-tab=\"\" data-height-tab-portrait=\"\" data-height-mobile-landscape=\"\" style=\"clear:both;display:block;\"><\/div>[vc_column_text]<\/p>\n<div>\n<p style=\"font-weight: 400;\">Eingefangen wurden diese Bilder \u00fcbrigens von dem Foto- und Video-Duo Steffen und Christin, die den Stil und die W\u00fcnsche des Brautpaares umgesetzt haben. Das hei\u00dft: Zwanglose, authentische Fotos, die null gestellt wirken, sondern aus der Situation heraus entstehen und Emotionen zeigen.<\/p>\n<p style=\"font-weight: 400;\">Wie findet ihr das Ergebnis? M\u00f6chtet ihr auch so heiraten? Ich w\u00fcrde mich sehr freuen zu erfahren, wie eure Version einer Traumhochzeit auf Mallorca aussieht. Bucht euch <a href=\"https:\/\/calendly.com\/freya-matthiessen\/discovery-call?month=2024-09\" target=\"_blank\" rel=\"noopener\">HIER<\/a>\u00a0einen kostenlosen Call und erz\u00e4hlt mir davon.<\/p>\n<p style=\"font-weight: 400;\">Alles Liebe,<\/p>\n<p style=\"font-weight: 400;\">Eure Nadine<\/p>\n<p class=\"yiv3807463025s3\">\n<\/div>\n<p><img decoding=\"async\" loading=\"lazy\" class=\"size-full wp-image-14578 alignnone alignleft\" src=\"https:\/\/fine-weddings.de\/wp-content\/uploads\/2015\/07\/2_Siegel_50x50.png\" alt=\"\" width=\"50\" height=\"50\" \/>[\/vc_column_text]<div class=\"ult-spacer spacer-69ee07cb714a4\" data-id=\"69ee07cb714a4\" data-height=\"20\" data-height-mobile=\"20\" data-height-tab=\"\" data-height-tab-portrait=\"\" data-height-mobile-landscape=\"\" style=\"clear:both;display:block;\"><\/div><div class=\"ult-spacer spacer-69ee07cb714ab\" data-id=\"69ee07cb714ab\" data-height=\"20\" data-height-mobile=\"20\" data-height-tab=\"\" data-height-tab-portrait=\"\" data-height-mobile-landscape=\"\" style=\"clear:both;display:block;\"><\/div>[vc_column_text]Bildcredit: Steffen und Christin[\/vc_column_text][vc_column_text][\/vc_column_text]<div class=\"ult-spacer spacer-69ee07cb714b1\" data-id=\"69ee07cb714b1\" data-height=\"20\" data-height-mobile=\"20\" data-height-tab=\"\" data-height-tab-portrait=\"\" data-height-mobile-landscape=\"\" style=\"clear:both;display:block;\"><\/div>[\/vc_column][\/vc_row][vc_row][vc_column width=&#8220;1\/2&#8243;]<div class=\"ult-spacer spacer-69ee07cb714b6\" data-id=\"69ee07cb714b6\" data-height=\"20\" data-height-mobile=\"20\" data-height-tab=\"\" data-height-tab-portrait=\"\" data-height-mobile-landscape=\"\" style=\"clear:both;display:block;\"><\/div><div class=\"ult-spacer spacer-69ee07cb714bc\" data-id=\"69ee07cb714bc\" data-height=\"20\" data-height-mobile=\"20\" data-height-tab=\"\" data-height-tab-portrait=\"\" data-height-mobile-landscape=\"\" style=\"clear:both;display:block;\"><\/div>[\/vc_column][vc_column width=&#8220;1\/2&#8243;]<div class=\"ult-spacer spacer-69ee07cb714c2\" data-id=\"69ee07cb714c2\" data-height=\"20\" data-height-mobile=\"20\" data-height-tab=\"\" data-height-tab-portrait=\"\" data-height-mobile-landscape=\"\" style=\"clear:both;display:block;\"><\/div><div class=\"ult-spacer spacer-69ee07cb714ca\" data-id=\"69ee07cb714ca\" data-height=\"20\" data-height-mobile=\"20\" data-height-tab=\"\" data-height-tab-portrait=\"\" data-height-mobile-landscape=\"\" style=\"clear:both;display:block;\"><\/div>[\/vc_column][\/vc_row][vc_row][vc_column][\/vc_column][\/vc_row]<\/p>\n<\/section>","protected":false},"excerpt":{"rendered":"<p>Auf Mallorca im traumhaften Castell Son Claret durfte ich eine intime Hochzeit mit 65 G\u00e4sten kuratieren. Mein Brautpaar, seit zwei Jahrzehnten zusammen, w\u00fcnschte sich eine private Feier in einer exklusiven Location <\/p>\n","protected":false},"author":5,"featured_media":17329,"comment_status":"open","ping_status":"open","sticky":false,"template":"","format":"standard","meta":[],"categories":[69,78],"tags":[],"acf":[],"yoast_head":"<!-- This site is optimized with the Yoast SEO plugin v20.2 - https:\/\/yoast.com\/wordpress\/plugins\/seo\/ -->\n<title>REAL WEDDING: Amore und Fiesta auf Mallorca - FINE WEDDINGS BLOG<\/title>\n<meta name=\"description\" content=\"Auf Mallorca im traumhaften Castell Son Claret durfte ich eine intime Hochzeit mit 65 G\u00e4sten kuratieren. Mein Brautpaar, seit zwei Jahrzehnten zusammen, w\u00fcnschte sich eine private Feier in einer exklusiven Location.\" \/>\n<meta name=\"robots\" content=\"index, follow, max-snippet:-1, max-image-preview:large, max-video-preview:-1\" \/>\n<link rel=\"canonical\" href=\"https:\/\/fine-weddings.de\/blog\/real-wedding-mallorca2024\/\" \/>\n<meta property=\"og:locale\" content=\"de_DE\" \/>\n<meta property=\"og:type\" content=\"article\" \/>\n<meta property=\"og:title\" content=\"REAL WEDDING: Amore und Fiesta auf Mallorca - FINE WEDDINGS BLOG\" \/>\n<meta property=\"og:description\" content=\"Auf Mallorca im traumhaften Castell Son Claret durfte ich eine intime Hochzeit mit 65 G\u00e4sten kuratieren. Mein Brautpaar, seit zwei Jahrzehnten zusammen, w\u00fcnschte sich eine private Feier in einer exklusiven Location.\" \/>\n<meta property=\"og:url\" content=\"https:\/\/fine-weddings.de\/blog\/real-wedding-mallorca2024\/\" \/>\n<meta property=\"og:site_name\" content=\"FINE WEDDINGS BLOG\" \/>\n<meta property=\"article:published_time\" content=\"2024-09-27T11:42:53+00:00\" \/>\n<meta property=\"article:modified_time\" content=\"2024-09-27T20:19:56+00:00\" \/>\n<meta property=\"og:image\" content=\"https:\/\/fine-weddings.de\/blog\/wp-content\/uploads\/2024\/09\/1-castell-1024x683.jpg\" \/>\n\t<meta property=\"og:image:width\" content=\"1024\" \/>\n\t<meta property=\"og:image:height\" content=\"683\" \/>\n\t<meta property=\"og:image:type\" content=\"image\/jpeg\" \/>\n<meta name=\"author\" content=\"Freya Matthiessen\" \/>\n<meta name=\"twitter:card\" content=\"summary_large_image\" \/>\n<meta name=\"twitter:label1\" content=\"Verfasst von\" \/>\n\t<meta name=\"twitter:data1\" content=\"Freya Matthiessen\" \/>\n\t<meta name=\"twitter:label2\" content=\"Gesch\u00e4tzte Lesezeit\" \/>\n\t<meta name=\"twitter:data2\" content=\"7\u00a0Minuten\" \/>\n<script type=\"application\/ld+json\" class=\"yoast-schema-graph\">{\"@context\":\"https:\/\/schema.org\",\"@graph\":[{\"@type\":\"Article\",\"@id\":\"https:\/\/fine-weddings.de\/blog\/real-wedding-mallorca2024\/#article\",\"isPartOf\":{\"@id\":\"https:\/\/fine-weddings.de\/blog\/real-wedding-mallorca2024\/\"},\"author\":{\"name\":\"Freya Matthiessen\",\"@id\":\"https:\/\/fine-weddings.de\/blog\/#\/schema\/person\/428ddccb5a71ac2cb9fd1d22b99ce6e8\"},\"headline\":\"REAL WEDDING: Amore und Fiesta auf Mallorca\",\"datePublished\":\"2024-09-27T11:42:53+00:00\",\"dateModified\":\"2024-09-27T20:19:56+00:00\",\"mainEntityOfPage\":{\"@id\":\"https:\/\/fine-weddings.de\/blog\/real-wedding-mallorca2024\/\"},\"wordCount\":1617,\"commentCount\":0,\"publisher\":{\"@id\":\"https:\/\/fine-weddings.de\/blog\/#organization\"},\"articleSection\":[\"News\",\"Real Weddings\"],\"inLanguage\":\"de\",\"potentialAction\":[{\"@type\":\"CommentAction\",\"name\":\"Comment\",\"target\":[\"https:\/\/fine-weddings.de\/blog\/real-wedding-mallorca2024\/#respond\"]}]},{\"@type\":\"WebPage\",\"@id\":\"https:\/\/fine-weddings.de\/blog\/real-wedding-mallorca2024\/\",\"url\":\"https:\/\/fine-weddings.de\/blog\/real-wedding-mallorca2024\/\",\"name\":\"REAL WEDDING: Amore und Fiesta auf Mallorca - FINE WEDDINGS BLOG\",\"isPartOf\":{\"@id\":\"https:\/\/fine-weddings.de\/blog\/#website\"},\"datePublished\":\"2024-09-27T11:42:53+00:00\",\"dateModified\":\"2024-09-27T20:19:56+00:00\",\"description\":\"Auf Mallorca im traumhaften Castell Son Claret durfte ich eine intime Hochzeit mit 65 G\u00e4sten kuratieren. Mein Brautpaar, seit zwei Jahrzehnten zusammen, w\u00fcnschte sich eine private Feier in einer exklusiven Location.\",\"breadcrumb\":{\"@id\":\"https:\/\/fine-weddings.de\/blog\/real-wedding-mallorca2024\/#breadcrumb\"},\"inLanguage\":\"de\",\"potentialAction\":[{\"@type\":\"ReadAction\",\"target\":[\"https:\/\/fine-weddings.de\/blog\/real-wedding-mallorca2024\/\"]}]},{\"@type\":\"BreadcrumbList\",\"@id\":\"https:\/\/fine-weddings.de\/blog\/real-wedding-mallorca2024\/#breadcrumb\",\"itemListElement\":[{\"@type\":\"ListItem\",\"position\":1,\"name\":\"Home\",\"item\":\"https:\/\/fine-weddings.de\/blog\/\"},{\"@type\":\"ListItem\",\"position\":2,\"name\":\"REAL WEDDING: Amore und Fiesta auf Mallorca\"}]},{\"@type\":\"WebSite\",\"@id\":\"https:\/\/fine-weddings.de\/blog\/#website\",\"url\":\"https:\/\/fine-weddings.de\/blog\/\",\"name\":\"FINE WEDDINGS BLOG\",\"description\":\"Trends und News rund ums Heiraten\",\"publisher\":{\"@id\":\"https:\/\/fine-weddings.de\/blog\/#organization\"},\"potentialAction\":[{\"@type\":\"SearchAction\",\"target\":{\"@type\":\"EntryPoint\",\"urlTemplate\":\"https:\/\/fine-weddings.de\/blog\/?s={search_term_string}\"},\"query-input\":\"required name=search_term_string\"}],\"inLanguage\":\"de\"},{\"@type\":\"Organization\",\"@id\":\"https:\/\/fine-weddings.de\/blog\/#organization\",\"name\":\"Fine Weddings & Parties\",\"url\":\"https:\/\/fine-weddings.de\/blog\/\",\"logo\":{\"@type\":\"ImageObject\",\"inLanguage\":\"de\",\"@id\":\"https:\/\/fine-weddings.de\/blog\/#\/schema\/logo\/image\/\",\"url\":\"https:\/\/www.fine-weddings.de\/blog\/wp-content\/uploads\/2021\/05\/FW-Logo.png\",\"contentUrl\":\"https:\/\/www.fine-weddings.de\/blog\/wp-content\/uploads\/2021\/05\/FW-Logo.png\",\"width\":500,\"height\":458,\"caption\":\"Fine Weddings & Parties\"},\"image\":{\"@id\":\"https:\/\/fine-weddings.de\/blog\/#\/schema\/logo\/image\/\"}},{\"@type\":\"Person\",\"@id\":\"https:\/\/fine-weddings.de\/blog\/#\/schema\/person\/428ddccb5a71ac2cb9fd1d22b99ce6e8\",\"name\":\"Freya Matthiessen\"}]}<\/script>\n<!-- \/ Yoast SEO plugin. -->","yoast_head_json":{"title":"REAL WEDDING: Amore und Fiesta auf Mallorca - FINE WEDDINGS BLOG","description":"Auf Mallorca im traumhaften Castell Son Claret durfte ich eine intime Hochzeit mit 65 G\u00e4sten kuratieren. Mein Brautpaar, seit zwei Jahrzehnten zusammen, w\u00fcnschte sich eine private Feier in einer exklusiven Location.","robots":{"index":"index","follow":"follow","max-snippet":"max-snippet:-1","max-image-preview":"max-image-preview:large","max-video-preview":"max-video-preview:-1"},"canonical":"https:\/\/fine-weddings.de\/blog\/real-wedding-mallorca2024\/","og_locale":"de_DE","og_type":"article","og_title":"REAL WEDDING: Amore und Fiesta auf Mallorca - FINE WEDDINGS BLOG","og_description":"Auf Mallorca im traumhaften Castell Son Claret durfte ich eine intime Hochzeit mit 65 G\u00e4sten kuratieren. Mein Brautpaar, seit zwei Jahrzehnten zusammen, w\u00fcnschte sich eine private Feier in einer exklusiven Location.","og_url":"https:\/\/fine-weddings.de\/blog\/real-wedding-mallorca2024\/","og_site_name":"FINE WEDDINGS BLOG","article_published_time":"2024-09-27T11:42:53+00:00","article_modified_time":"2024-09-27T20:19:56+00:00","og_image":[{"width":1024,"height":683,"url":"https:\/\/fine-weddings.de\/blog\/wp-content\/uploads\/2024\/09\/1-castell-1024x683.jpg","type":"image\/jpeg"}],"author":"Freya Matthiessen","twitter_card":"summary_large_image","twitter_misc":{"Verfasst von":"Freya Matthiessen","Gesch\u00e4tzte Lesezeit":"7\u00a0Minuten"},"schema":{"@context":"https:\/\/schema.org","@graph":[{"@type":"Article","@id":"https:\/\/fine-weddings.de\/blog\/real-wedding-mallorca2024\/#article","isPartOf":{"@id":"https:\/\/fine-weddings.de\/blog\/real-wedding-mallorca2024\/"},"author":{"name":"Freya Matthiessen","@id":"https:\/\/fine-weddings.de\/blog\/#\/schema\/person\/428ddccb5a71ac2cb9fd1d22b99ce6e8"},"headline":"REAL WEDDING: Amore und Fiesta auf Mallorca","datePublished":"2024-09-27T11:42:53+00:00","dateModified":"2024-09-27T20:19:56+00:00","mainEntityOfPage":{"@id":"https:\/\/fine-weddings.de\/blog\/real-wedding-mallorca2024\/"},"wordCount":1617,"commentCount":0,"publisher":{"@id":"https:\/\/fine-weddings.de\/blog\/#organization"},"articleSection":["News","Real Weddings"],"inLanguage":"de","potentialAction":[{"@type":"CommentAction","name":"Comment","target":["https:\/\/fine-weddings.de\/blog\/real-wedding-mallorca2024\/#respond"]}]},{"@type":"WebPage","@id":"https:\/\/fine-weddings.de\/blog\/real-wedding-mallorca2024\/","url":"https:\/\/fine-weddings.de\/blog\/real-wedding-mallorca2024\/","name":"REAL WEDDING: Amore und Fiesta auf Mallorca - FINE WEDDINGS BLOG","isPartOf":{"@id":"https:\/\/fine-weddings.de\/blog\/#website"},"datePublished":"2024-09-27T11:42:53+00:00","dateModified":"2024-09-27T20:19:56+00:00","description":"Auf Mallorca im traumhaften Castell Son Claret durfte ich eine intime Hochzeit mit 65 G\u00e4sten kuratieren. Mein Brautpaar, seit zwei Jahrzehnten zusammen, w\u00fcnschte sich eine private Feier in einer exklusiven Location.","breadcrumb":{"@id":"https:\/\/fine-weddings.de\/blog\/real-wedding-mallorca2024\/#breadcrumb"},"inLanguage":"de","potentialAction":[{"@type":"ReadAction","target":["https:\/\/fine-weddings.de\/blog\/real-wedding-mallorca2024\/"]}]},{"@type":"BreadcrumbList","@id":"https:\/\/fine-weddings.de\/blog\/real-wedding-mallorca2024\/#breadcrumb","itemListElement":[{"@type":"ListItem","position":1,"name":"Home","item":"https:\/\/fine-weddings.de\/blog\/"},{"@type":"ListItem","position":2,"name":"REAL WEDDING: Amore und Fiesta auf Mallorca"}]},{"@type":"WebSite","@id":"https:\/\/fine-weddings.de\/blog\/#website","url":"https:\/\/fine-weddings.de\/blog\/","name":"FINE WEDDINGS BLOG","description":"Trends und News rund ums Heiraten","publisher":{"@id":"https:\/\/fine-weddings.de\/blog\/#organization"},"potentialAction":[{"@type":"SearchAction","target":{"@type":"EntryPoint","urlTemplate":"https:\/\/fine-weddings.de\/blog\/?s={search_term_string}"},"query-input":"required name=search_term_string"}],"inLanguage":"de"},{"@type":"Organization","@id":"https:\/\/fine-weddings.de\/blog\/#organization","name":"Fine Weddings & Parties","url":"https:\/\/fine-weddings.de\/blog\/","logo":{"@type":"ImageObject","inLanguage":"de","@id":"https:\/\/fine-weddings.de\/blog\/#\/schema\/logo\/image\/","url":"https:\/\/www.fine-weddings.de\/blog\/wp-content\/uploads\/2021\/05\/FW-Logo.png","contentUrl":"https:\/\/www.fine-weddings.de\/blog\/wp-content\/uploads\/2021\/05\/FW-Logo.png","width":500,"height":458,"caption":"Fine Weddings & Parties"},"image":{"@id":"https:\/\/fine-weddings.de\/blog\/#\/schema\/logo\/image\/"}},{"@type":"Person","@id":"https:\/\/fine-weddings.de\/blog\/#\/schema\/person\/428ddccb5a71ac2cb9fd1d22b99ce6e8","name":"Freya Matthiessen"}]}},"_links":{"self":[{"href":"https:\/\/fine-weddings.de\/blog\/wp-json\/wp\/v2\/posts\/17341"}],"collection":[{"href":"https:\/\/fine-weddings.de\/blog\/wp-json\/wp\/v2\/posts"}],"about":[{"href":"https:\/\/fine-weddings.de\/blog\/wp-json\/wp\/v2\/types\/post"}],"author":[{"embeddable":true,"href":"https:\/\/fine-weddings.de\/blog\/wp-json\/wp\/v2\/users\/5"}],"replies":[{"embeddable":true,"href":"https:\/\/fine-weddings.de\/blog\/wp-json\/wp\/v2\/comments?post=17341"}],"version-history":[{"count":5,"href":"https:\/\/fine-weddings.de\/blog\/wp-json\/wp\/v2\/posts\/17341\/revisions"}],"predecessor-version":[{"id":17346,"href":"https:\/\/fine-weddings.de\/blog\/wp-json\/wp\/v2\/posts\/17341\/revisions\/17346"}],"wp:featuredmedia":[{"embeddable":true,"href":"https:\/\/fine-weddings.de\/blog\/wp-json\/wp\/v2\/media\/17329"}],"wp:attachment":[{"href":"https:\/\/fine-weddings.de\/blog\/wp-json\/wp\/v2\/media?parent=17341"}],"wp:term":[{"taxonomy":"category","embeddable":true,"href":"https:\/\/fine-weddings.de\/blog\/wp-json\/wp\/v2\/categories?post=17341"},{"taxonomy":"post_tag","embeddable":true,"href":"https:\/\/fine-weddings.de\/blog\/wp-json\/wp\/v2\/tags?post=17341"}],"curies":[{"name":"wp","href":"https:\/\/api.w.org\/{rel}","templated":true}]}}