{"id":17297,"date":"2024-09-04T09:59:02","date_gmt":"2024-09-04T07:59:02","guid":{"rendered":"https:\/\/fine-weddings.de\/blog\/?p=17297"},"modified":"2024-09-04T22:29:01","modified_gmt":"2024-09-04T20:29:01","slug":"destination-wedding-ibiza","status":"publish","type":"post","link":"https:\/\/fine-weddings.de\/blog\/destination-wedding-ibiza\/","title":{"rendered":"DESTINATION WEDDING IBIZA: Hippie-Romantik trifft Luxus pur"},"content":{"rendered":"<section class=\"wpb-content-wrapper\"><p>[vc_row][vc_column]<div class=\"ult-spacer spacer-69edc65c4e961\" data-id=\"69edc65c4e961\" data-height=\"20\" data-height-mobile=\"20\" data-height-tab=\"\" data-height-tab-portrait=\"\" data-height-mobile-landscape=\"\" style=\"clear:both;display:block;\"><\/div>[vc_column_text]<\/p>\n<p style=\"font-weight: 400;\"><em>Wummernde B\u00e4sse, Alkohol in Str\u00f6men und Partys bis zum Morgengrauen \u2013 Der Ruf von Ibiza hat in den letzten Jahren ziemlich gelitten. Doch was die feiernde Meute verpasst: Malerische Str\u00e4nde wie in der Karibik, sensationelle Sternek\u00fcche mit mediterranem Flair und quasi eine Gut-Wetter-Garantie. Und das macht die Insel f\u00fcr mich zu der Wedding-Destination schlechthin. <\/em><\/p>\n<p style=\"font-weight: 400;\"><em>J\u00fcngst haben es jetzt Thomas Gottschalk und seine Karina vorgemacht: Ganz in Wei\u00df und mega romantisch vor einer traumhaften Kulisse gaben sich die beiden das Ja-Wort. Ein Grund mehr, euch nun endlich die besten Tipps f\u00fcr eine Hochzeit auf der Sehnsuchts-Insel zusammen zu stellen.<\/em><\/p>\n<p>[\/vc_column_text][\/vc_column][\/vc_row][vc_row][vc_column]<div class=\"ult-spacer spacer-69edc65c4e983\" data-id=\"69edc65c4e983\" data-height=\"20\" data-height-mobile=\"20\" data-height-tab=\"\" data-height-tab-portrait=\"\" data-height-mobile-landscape=\"\" style=\"clear:both;display:block;\"><\/div><div class=\"ult-spacer spacer-69edc65c4e99b\" data-id=\"69edc65c4e99b\" data-height=\"20\" data-height-mobile=\"20\" data-height-tab=\"\" data-height-tab-portrait=\"\" data-height-mobile-landscape=\"\" style=\"clear:both;display:block;\"><\/div>[vc_single_image image=&#8220;17300&#8243; img_size=&#8220;full&#8220; alignment=&#8220;center&#8220;]<div class=\"ult-spacer spacer-69edc65c4e9b1\" data-id=\"69edc65c4e9b1\" data-height=\"20\" data-height-mobile=\"20\" data-height-tab=\"\" data-height-tab-portrait=\"\" data-height-mobile-landscape=\"\" style=\"clear:both;display:block;\"><\/div><div class=\"ult-spacer spacer-69edc65c4e9c7\" data-id=\"69edc65c4e9c7\" data-height=\"20\" data-height-mobile=\"20\" data-height-tab=\"\" data-height-tab-portrait=\"\" data-height-mobile-landscape=\"\" style=\"clear:both;display:block;\"><\/div>[vc_column_text]<\/p>\n<p style=\"font-weight: 400;\"><strong>Ab ins Ausland<\/strong><\/p>\n<p style=\"font-weight: 400;\">Immer h\u00e4ufiger entscheiden sich Paare f\u00fcr eine Hochzeit fern der Heimat. Auch meine Kunden lassen sich immer \u00f6fter au\u00dferhalb Deutschlands trauen: Auf der malerischen Balearen Insel Mallorca, im romantischen Griechenland und sogar auf der idyllischen Insel Curacao durften mein Team von Fine Weddings &amp; Parties und ich bereits aktiv werden.<\/p>\n<p style=\"font-weight: 400;\">Klarer Vorteil: In s\u00fcdlichen Gefilden ist die Wahrscheinlichkeit f\u00fcr einen \u00fcberraschenden Wetterumschwung deutlich geringer als in Good old Germany. Der diesj\u00e4hrige nasskalte Start in den Sommer hat das mal wieder mit Bravour bewiesen\u2026<\/p>\n<p>[\/vc_column_text]<div class=\"ult-spacer spacer-69edc65c4e9db\" data-id=\"69edc65c4e9db\" data-height=\"20\" data-height-mobile=\"20\" data-height-tab=\"\" data-height-tab-portrait=\"\" data-height-mobile-landscape=\"\" style=\"clear:both;display:block;\"><\/div><div class=\"ult-spacer spacer-69edc65c4e9ef\" data-id=\"69edc65c4e9ef\" data-height=\"20\" data-height-mobile=\"20\" data-height-tab=\"\" data-height-tab-portrait=\"\" data-height-mobile-landscape=\"\" style=\"clear:both;display:block;\"><\/div>[vc_single_image image=&#8220;17292&#8243; img_size=&#8220;full&#8220; alignment=&#8220;center&#8220;]<div class=\"ult-spacer spacer-69edc65c4ea03\" data-id=\"69edc65c4ea03\" data-height=\"20\" data-height-mobile=\"20\" data-height-tab=\"\" data-height-tab-portrait=\"\" data-height-mobile-landscape=\"\" style=\"clear:both;display:block;\"><\/div><div class=\"ult-spacer spacer-69edc65c4ea16\" data-id=\"69edc65c4ea16\" data-height=\"20\" data-height-mobile=\"20\" data-height-tab=\"\" data-height-tab-portrait=\"\" data-height-mobile-landscape=\"\" style=\"clear:both;display:block;\"><\/div>[vc_column_text]<\/p>\n<p style=\"font-weight: 400;\"><strong>Mythos und Moderne<\/strong><\/p>\n<p style=\"font-weight: 400;\">Was die Party-Insel von den anderen Balearen-Inseln unterscheidet? Ihr einzigartiges Flair und ihre Faszination, die einst schon die Hippies auf die Insel zog. Viele von ihnen glauben, die unbewohnte Nachbarinsel Es Vedr\u00e0 h\u00e4tte eine magische Anziehungskraft. Wie eine schlafende Riesenechse liegt die im Mittelmeer und erhebt sich mit ihren felsigen Kanten und Zacken bis zu 380 Meter aus den Wassermassen \u2013 deswegen nennen sie die einheimischen auch \u201eDracheninsel\u201c.<\/p>\n<p style=\"font-weight: 400;\">Seefahrer berichten noch heute, dass ihre Kompassnadeln in alle Richtungen ausschlagen, wenn sie sich Es Vedr\u00e0 n\u00e4hern. Wieder andere vermuten auf der Insel eine geheime Basis f\u00fcr UFOs. Ob man diese Geschichten nun Glauben schenken mag, oder nicht, Es Vedr\u00e0 pr\u00e4sentiert sich vor allem im Abendlicht von ihrer charmanten Seite und eignet sich hervorragend f\u00fcr einen Antrag oder eine Zeremonie im magischen Licht der untergehenden Sonne.<\/p>\n<p>[\/vc_column_text]<div class=\"ult-spacer spacer-69edc65c4ea29\" data-id=\"69edc65c4ea29\" data-height=\"20\" data-height-mobile=\"20\" data-height-tab=\"\" data-height-tab-portrait=\"\" data-height-mobile-landscape=\"\" style=\"clear:both;display:block;\"><\/div><div class=\"ult-spacer spacer-69edc65c4ea3b\" data-id=\"69edc65c4ea3b\" data-height=\"20\" data-height-mobile=\"20\" data-height-tab=\"\" data-height-tab-portrait=\"\" data-height-mobile-landscape=\"\" style=\"clear:both;display:block;\"><\/div>[vc_single_image image=&#8220;17302&#8243; img_size=&#8220;full&#8220; alignment=&#8220;center&#8220;]<div class=\"ult-spacer spacer-69edc65c4ea4e\" data-id=\"69edc65c4ea4e\" data-height=\"20\" data-height-mobile=\"20\" data-height-tab=\"\" data-height-tab-portrait=\"\" data-height-mobile-landscape=\"\" style=\"clear:both;display:block;\"><\/div><div class=\"ult-spacer spacer-69edc65c4ea60\" data-id=\"69edc65c4ea60\" data-height=\"20\" data-height-mobile=\"20\" data-height-tab=\"\" data-height-tab-portrait=\"\" data-height-mobile-landscape=\"\" style=\"clear:both;display:block;\"><\/div>[vc_single_image image=&#8220;17303&#8243; img_size=&#8220;full&#8220; alignment=&#8220;center&#8220;]<div class=\"ult-spacer spacer-69edc65c4ea72\" data-id=\"69edc65c4ea72\" data-height=\"20\" data-height-mobile=\"20\" data-height-tab=\"\" data-height-tab-portrait=\"\" data-height-mobile-landscape=\"\" style=\"clear:both;display:block;\"><\/div><div class=\"ult-spacer spacer-69edc65c4ea84\" data-id=\"69edc65c4ea84\" data-height=\"20\" data-height-mobile=\"20\" data-height-tab=\"\" data-height-tab-portrait=\"\" data-height-mobile-landscape=\"\" style=\"clear:both;display:block;\"><\/div>[vc_column_text]<\/p>\n<p style=\"font-weight: 400;\"><strong>Liebe zum Luxus<\/strong><\/p>\n<p style=\"font-weight: 400;\">W\u00fcrde ich an dieser Stelle aufz\u00e4hlen, in welchen Beachclubs, an welchen Traumstr\u00e4nden und in welchen Nobel-Locations ihr heiraten k\u00f6nnt \u2013 ich w\u00fcrde wahrscheinlich morgen noch hier sitzen. Denn die Insel bietet f\u00fcr jeden Geschmack den perfekten Ort. So k\u00f6nnen Liebhaber von Traditionen beispielsweise in der Altstadt von Ibiza, genannt \u201eDalt Vila\u201c, mit Blick auf die Kathedrale heiraten.<\/p>\n<p style=\"font-weight: 400;\">Luxusverw\u00f6hnte verschl\u00e4gt es in den Hafen \u201eMarina Botafoch\u201c mit ihren unz\u00e4hligen Edel-Restaurants. Auch im Landesinneren finden sich zahlreiche Traumlocations: Das Restaurant \u201eSa Capella\u201c vor den Toren der Stadt St. Antoni de Portmany ist ein Highlight. Eine alte Kapelle wurde zu einem Restaurant umgebaut \u2013 die Zutaten stammen aus dem eigenen Klostergarten. Unweit davon befindet sich auch das Nobelhotel \u201eOku\u201c \u2013 perfekt f\u00fcr eine Party-Wedding: Bereits nachmittags spielt hier der DJ mitrei\u00dfende Sounds am riesigen Pool.<\/p>\n<p style=\"font-weight: 400;\">Wer es gediegener will, dem empfehle ich das \u201eSix Senses\u201c. Das 5-Sterne-Resort bietet spirituelle Erfahrungen, unvergessliche Wellness-Erlebnisse und Luxus pur in sch\u00f6nstem Ambiente. Du m\u00f6chtest weitere spannende Wedding Locations wissen? Sprich mich und mein Team gerne an!<\/p>\n<p>[\/vc_column_text]<div class=\"ult-spacer spacer-69edc65c4ea95\" data-id=\"69edc65c4ea95\" data-height=\"20\" data-height-mobile=\"20\" data-height-tab=\"\" data-height-tab-portrait=\"\" data-height-mobile-landscape=\"\" style=\"clear:both;display:block;\"><\/div><div class=\"ult-spacer spacer-69edc65c4eaa6\" data-id=\"69edc65c4eaa6\" data-height=\"20\" data-height-mobile=\"20\" data-height-tab=\"\" data-height-tab-portrait=\"\" data-height-mobile-landscape=\"\" style=\"clear:both;display:block;\"><\/div>[vc_single_image image=&#8220;17301&#8243; img_size=&#8220;full&#8220; alignment=&#8220;center&#8220;]<div class=\"ult-spacer spacer-69edc65c4eab6\" data-id=\"69edc65c4eab6\" data-height=\"20\" data-height-mobile=\"20\" data-height-tab=\"\" data-height-tab-portrait=\"\" data-height-mobile-landscape=\"\" style=\"clear:both;display:block;\"><\/div><div class=\"ult-spacer spacer-69edc65c4eac7\" data-id=\"69edc65c4eac7\" data-height=\"20\" data-height-mobile=\"20\" data-height-tab=\"\" data-height-tab-portrait=\"\" data-height-mobile-landscape=\"\" style=\"clear:both;display:block;\"><\/div>[vc_single_image image=&#8220;17305&#8243; img_size=&#8220;full&#8220; alignment=&#8220;center&#8220;]<div class=\"ult-spacer spacer-69edc65c4ead7\" data-id=\"69edc65c4ead7\" data-height=\"20\" data-height-mobile=\"20\" data-height-tab=\"\" data-height-tab-portrait=\"\" data-height-mobile-landscape=\"\" style=\"clear:both;display:block;\"><\/div><div class=\"ult-spacer spacer-69edc65c4eae7\" data-id=\"69edc65c4eae7\" data-height=\"20\" data-height-mobile=\"20\" data-height-tab=\"\" data-height-tab-portrait=\"\" data-height-mobile-landscape=\"\" style=\"clear:both;display:block;\"><\/div>[vc_column_text]<\/p>\n<p style=\"font-weight: 400;\"><strong>Boho at its Best<\/strong><\/p>\n<p style=\"font-weight: 400;\">Wer A sagt, muss auch B sagen \u2013 Wer also von Ibiza spricht, muss selbstverst\u00e4ndlich auch \u00fcber Formentera sprechen. Auf der kleinen Nachbarinsel mit gerade einmal 12.000 Einwohnern, geht es deutlich ruhiger zu. Doch in Sachen Luxus, steht sie der gro\u00dfen Schwester Ibiza in nichts nach. W\u00e4hrend das Lokal \u201eJuan y Andrea\u201c in den 70er Jahren noch eine kleine Bretterbude am Strand war, speisen und feiern dort heute Jeff Besos, Naomi Campbell und Co.<\/p>\n<p style=\"font-weight: 400;\">Dank des wei\u00dfen Sandstrands und des t\u00fcrkisblauen Wassers wird die Insel nicht umsonst die Karibik des Mittelmeeres genannt. Erst k\u00fcrzlich war ich dort mit einem Paar zum Location-Scouting. Im legend\u00e4ren \u201eGecko Beach Club\u201c wird der Traum einer Strandhochzeit wahr. Wer also von einer karibischen Barfu\u00df-Trauung im Boho-Look tr\u00e4umt, muss nicht um den halben Erdball reisen \u2013 Formentera is the place to be!<\/p>\n<p>[\/vc_column_text]<div class=\"ult-spacer spacer-69edc65c4eaf6\" data-id=\"69edc65c4eaf6\" data-height=\"20\" data-height-mobile=\"20\" data-height-tab=\"\" data-height-tab-portrait=\"\" data-height-mobile-landscape=\"\" style=\"clear:both;display:block;\"><\/div><div class=\"ult-spacer spacer-69edc65c4eb07\" data-id=\"69edc65c4eb07\" data-height=\"20\" data-height-mobile=\"20\" data-height-tab=\"\" data-height-tab-portrait=\"\" data-height-mobile-landscape=\"\" style=\"clear:both;display:block;\"><\/div>[vc_single_image image=&#8220;17304&#8243; img_size=&#8220;full&#8220; alignment=&#8220;center&#8220;]<div class=\"ult-spacer spacer-69edc65c4eb16\" data-id=\"69edc65c4eb16\" data-height=\"20\" data-height-mobile=\"20\" data-height-tab=\"\" data-height-tab-portrait=\"\" data-height-mobile-landscape=\"\" style=\"clear:both;display:block;\"><\/div><div class=\"ult-spacer spacer-69edc65c4eb25\" data-id=\"69edc65c4eb25\" data-height=\"20\" data-height-mobile=\"20\" data-height-tab=\"\" data-height-tab-portrait=\"\" data-height-mobile-landscape=\"\" style=\"clear:both;display:block;\"><\/div>[vc_column_text]<\/p>\n<p style=\"font-weight: 400;\"><strong>Perfekte Planung<\/strong><\/p>\n<p style=\"font-weight: 400;\">Wie bei jeder Destination Wedding ben\u00f6tigt vor allem Ibiza eine durchdachte Planung und viel Vorlauf. Denn die Insel ist nicht umsonst bei Stars und Sternchen ganz oben auf der Reiseliste. Meine Empfehlung f\u00fcr eine Hochzeit auf Ibiza oder Formentera sind die Monate April bis Juni sowie September und Oktober. Die Temperaturen sind noch nicht zu hei\u00df und die Inseln sind noch nicht so \u00fcberlaufen, wie im Hochsommer.<\/p>\n<p style=\"font-weight: 400;\">Vergesst nicht, dass auch eure G\u00e4ste planen m\u00fcssen und schickt rechtzeitig ein \u201eSave the Date\u201c sowie Hotel-Vorschl\u00e4ge an eure Liebsten. F\u00fcr alles weitere stehen mein Team und ich euch jederzeit und mit Freude zur Verf\u00fcgung. Wir sehen uns auf Ibiza!<\/p>\n<p>[\/vc_column_text][\/vc_column][\/vc_row][vc_row][vc_column]<div class=\"ult-spacer spacer-69edc65c4eb34\" data-id=\"69edc65c4eb34\" data-height=\"20\" data-height-mobile=\"20\" data-height-tab=\"\" data-height-tab-portrait=\"\" data-height-mobile-landscape=\"\" style=\"clear:both;display:block;\"><\/div>[vc_single_image image=&#8220;17306&#8243; img_size=&#8220;full&#8220; alignment=&#8220;center&#8220;]<div class=\"ult-spacer spacer-69edc65c4eb44\" data-id=\"69edc65c4eb44\" data-height=\"20\" data-height-mobile=\"20\" data-height-tab=\"\" data-height-tab-portrait=\"\" data-height-mobile-landscape=\"\" style=\"clear:both;display:block;\"><\/div>[vc_column_text]<\/p>\n<p style=\"text-align: left;\">Du m\u00f6chtest deine Traumhochzeit wie Thomas Gottschalk und seine Karina auf Ibiza oder Formentera feiern? Dann melde dich gerne bei meiner bezaubernden Mitarbeiterin Freya. Buche dir daf\u00fcr einfach \u00fcber diesen <a href=\"https:\/\/calendly.com\/freya-matthiessen\/discovery-call?month=2023-09\" target=\"_blank\" rel=\"noopener\">Link <\/a>ein kostenloses Erstgespr\u00e4ch bei ihr, damit wir herausfinden, wie wir dir bei deiner Traumhochzeit helfen k\u00f6nnen.<\/p>\n<p style=\"text-align: left;\">Alles Liebe,<\/p>\n<p style=\"text-align: left;\">Deine Nadine<\/p>\n<p><img decoding=\"async\" loading=\"lazy\" class=\"size-full wp-image-14578 alignnone alignleft\" src=\"https:\/\/fine-weddings.de\/wp-content\/uploads\/2015\/07\/2_Siegel_50x50.png\" alt=\"\" width=\"50\" height=\"50\" \/>[\/vc_column_text]<div class=\"ult-spacer spacer-69edc65c4eb52\" data-id=\"69edc65c4eb52\" data-height=\"20\" data-height-mobile=\"20\" data-height-tab=\"\" data-height-tab-portrait=\"\" data-height-mobile-landscape=\"\" style=\"clear:both;display:block;\"><\/div><div class=\"ult-spacer spacer-69edc65c4eb60\" data-id=\"69edc65c4eb60\" data-height=\"20\" data-height-mobile=\"20\" data-height-tab=\"\" data-height-tab-portrait=\"\" data-height-mobile-landscape=\"\" style=\"clear:both;display:block;\"><\/div>[vc_column_text]<\/p>\n<p style=\"text-align: left;\">Bildcredit: Privat, Unsplash<\/p>\n<p>[\/vc_column_text]<div class=\"ult-spacer spacer-69edc65c4eb6e\" data-id=\"69edc65c4eb6e\" data-height=\"20\" data-height-mobile=\"20\" data-height-tab=\"\" data-height-tab-portrait=\"\" data-height-mobile-landscape=\"\" style=\"clear:both;display:block;\"><\/div>[\/vc_column][\/vc_row][vc_row][vc_column width=&#8220;1\/2&#8243;]<div class=\"ult-spacer spacer-69edc65c4eb7b\" data-id=\"69edc65c4eb7b\" data-height=\"20\" data-height-mobile=\"20\" data-height-tab=\"\" data-height-tab-portrait=\"\" data-height-mobile-landscape=\"\" style=\"clear:both;display:block;\"><\/div><div class=\"ult-spacer spacer-69edc65c4eb89\" data-id=\"69edc65c4eb89\" data-height=\"20\" data-height-mobile=\"20\" data-height-tab=\"\" data-height-tab-portrait=\"\" data-height-mobile-landscape=\"\" style=\"clear:both;display:block;\"><\/div>[\/vc_column][vc_column width=&#8220;1\/2&#8243;]<div class=\"ult-spacer spacer-69edc65c4eb96\" data-id=\"69edc65c4eb96\" data-height=\"20\" data-height-mobile=\"20\" data-height-tab=\"\" data-height-tab-portrait=\"\" data-height-mobile-landscape=\"\" style=\"clear:both;display:block;\"><\/div><div class=\"ult-spacer spacer-69edc65c4eba3\" data-id=\"69edc65c4eba3\" data-height=\"20\" data-height-mobile=\"20\" data-height-tab=\"\" data-height-tab-portrait=\"\" data-height-mobile-landscape=\"\" style=\"clear:both;display:block;\"><\/div>[\/vc_column][\/vc_row][vc_row][vc_column][\/vc_column][\/vc_row]<\/p>\n<\/section>","protected":false},"excerpt":{"rendered":"<p>Malerische Str\u00e4nde wie in der Karibik, sensationelle Sternek\u00fcche mit mediterranem Flair und quasi eine Gut-Wetter-Garantie. Und das macht Ibiza f\u00fcr mich zu der Wedding-Destination schlechthin. J\u00fcngst haben es jetzt Thomas Gottschalk und seine Karina vorgemacht.<\/p>\n","protected":false},"author":5,"featured_media":17302,"comment_status":"open","ping_status":"open","sticky":false,"template":"","format":"standard","meta":[],"categories":[76,69],"tags":[],"acf":[],"yoast_head":"<!-- This site is optimized with the Yoast SEO plugin v20.2 - https:\/\/yoast.com\/wordpress\/plugins\/seo\/ -->\n<title>DESTINATION WEDDING IBIZA: Hippie-Romantik trifft Luxus pur - FINE WEDDINGS BLOG<\/title>\n<meta name=\"description\" content=\"Malerische Str\u00e4nde wie in der Karibik, sensationelle Sternek\u00fcche mit mediterranem Flair und quasi eine Gut-Wetter-Garantie. Und das macht Ibiza f\u00fcr mich zu der Wedding-Destination schlechthin. J\u00fcngst haben es jetzt Thomas Gottschalk und seine Karina vorgemacht.\" \/>\n<meta name=\"robots\" content=\"index, follow, max-snippet:-1, max-image-preview:large, max-video-preview:-1\" \/>\n<link rel=\"canonical\" href=\"https:\/\/fine-weddings.de\/blog\/destination-wedding-ibiza\/\" \/>\n<meta property=\"og:locale\" content=\"de_DE\" \/>\n<meta property=\"og:type\" content=\"article\" \/>\n<meta property=\"og:title\" content=\"DESTINATION WEDDING IBIZA: Hippie-Romantik trifft Luxus pur - FINE WEDDINGS BLOG\" \/>\n<meta property=\"og:description\" content=\"Malerische Str\u00e4nde wie in der Karibik, sensationelle Sternek\u00fcche mit mediterranem Flair und quasi eine Gut-Wetter-Garantie. Und das macht Ibiza f\u00fcr mich zu der Wedding-Destination schlechthin. J\u00fcngst haben es jetzt Thomas Gottschalk und seine Karina vorgemacht.\" \/>\n<meta property=\"og:url\" content=\"https:\/\/fine-weddings.de\/blog\/destination-wedding-ibiza\/\" \/>\n<meta property=\"og:site_name\" content=\"FINE WEDDINGS BLOG\" \/>\n<meta property=\"article:published_time\" content=\"2024-09-04T07:59:02+00:00\" \/>\n<meta property=\"article:modified_time\" content=\"2024-09-04T20:29:01+00:00\" \/>\n<meta property=\"og:image\" content=\"https:\/\/fine-weddings.de\/blog\/wp-content\/uploads\/2024\/09\/ibizastadt-768x1024.jpg\" \/>\n\t<meta property=\"og:image:width\" content=\"768\" \/>\n\t<meta property=\"og:image:height\" content=\"1024\" \/>\n\t<meta property=\"og:image:type\" content=\"image\/jpeg\" \/>\n<meta name=\"author\" content=\"Freya Matthiessen\" \/>\n<meta name=\"twitter:card\" content=\"summary_large_image\" \/>\n<meta name=\"twitter:label1\" content=\"Verfasst von\" \/>\n\t<meta name=\"twitter:data1\" content=\"Freya Matthiessen\" \/>\n\t<meta name=\"twitter:label2\" content=\"Gesch\u00e4tzte Lesezeit\" \/>\n\t<meta name=\"twitter:data2\" content=\"6\u00a0Minuten\" \/>\n<script type=\"application\/ld+json\" class=\"yoast-schema-graph\">{\"@context\":\"https:\/\/schema.org\",\"@graph\":[{\"@type\":\"Article\",\"@id\":\"https:\/\/fine-weddings.de\/blog\/destination-wedding-ibiza\/#article\",\"isPartOf\":{\"@id\":\"https:\/\/fine-weddings.de\/blog\/destination-wedding-ibiza\/\"},\"author\":{\"name\":\"Freya Matthiessen\",\"@id\":\"https:\/\/www.fine-weddings.de\/blog\/#\/schema\/person\/428ddccb5a71ac2cb9fd1d22b99ce6e8\"},\"headline\":\"DESTINATION WEDDING IBIZA: Hippie-Romantik trifft Luxus pur\",\"datePublished\":\"2024-09-04T07:59:02+00:00\",\"dateModified\":\"2024-09-04T20:29:01+00:00\",\"mainEntityOfPage\":{\"@id\":\"https:\/\/fine-weddings.de\/blog\/destination-wedding-ibiza\/\"},\"wordCount\":1216,\"commentCount\":0,\"publisher\":{\"@id\":\"https:\/\/www.fine-weddings.de\/blog\/#organization\"},\"articleSection\":[\"Experten-Tipps\",\"News\"],\"inLanguage\":\"de\",\"potentialAction\":[{\"@type\":\"CommentAction\",\"name\":\"Comment\",\"target\":[\"https:\/\/fine-weddings.de\/blog\/destination-wedding-ibiza\/#respond\"]}]},{\"@type\":\"WebPage\",\"@id\":\"https:\/\/fine-weddings.de\/blog\/destination-wedding-ibiza\/\",\"url\":\"https:\/\/fine-weddings.de\/blog\/destination-wedding-ibiza\/\",\"name\":\"DESTINATION WEDDING IBIZA: Hippie-Romantik trifft Luxus pur - FINE WEDDINGS BLOG\",\"isPartOf\":{\"@id\":\"https:\/\/www.fine-weddings.de\/blog\/#website\"},\"datePublished\":\"2024-09-04T07:59:02+00:00\",\"dateModified\":\"2024-09-04T20:29:01+00:00\",\"description\":\"Malerische Str\u00e4nde wie in der Karibik, sensationelle Sternek\u00fcche mit mediterranem Flair und quasi eine Gut-Wetter-Garantie. Und das macht Ibiza f\u00fcr mich zu der Wedding-Destination schlechthin. J\u00fcngst haben es jetzt Thomas Gottschalk und seine Karina vorgemacht.\",\"breadcrumb\":{\"@id\":\"https:\/\/fine-weddings.de\/blog\/destination-wedding-ibiza\/#breadcrumb\"},\"inLanguage\":\"de\",\"potentialAction\":[{\"@type\":\"ReadAction\",\"target\":[\"https:\/\/fine-weddings.de\/blog\/destination-wedding-ibiza\/\"]}]},{\"@type\":\"BreadcrumbList\",\"@id\":\"https:\/\/fine-weddings.de\/blog\/destination-wedding-ibiza\/#breadcrumb\",\"itemListElement\":[{\"@type\":\"ListItem\",\"position\":1,\"name\":\"Home\",\"item\":\"https:\/\/www.fine-weddings.de\/blog\/\"},{\"@type\":\"ListItem\",\"position\":2,\"name\":\"DESTINATION WEDDING IBIZA: Hippie-Romantik trifft Luxus pur\"}]},{\"@type\":\"WebSite\",\"@id\":\"https:\/\/www.fine-weddings.de\/blog\/#website\",\"url\":\"https:\/\/www.fine-weddings.de\/blog\/\",\"name\":\"FINE WEDDINGS BLOG\",\"description\":\"Trends und News rund ums Heiraten\",\"publisher\":{\"@id\":\"https:\/\/www.fine-weddings.de\/blog\/#organization\"},\"potentialAction\":[{\"@type\":\"SearchAction\",\"target\":{\"@type\":\"EntryPoint\",\"urlTemplate\":\"https:\/\/www.fine-weddings.de\/blog\/?s={search_term_string}\"},\"query-input\":\"required name=search_term_string\"}],\"inLanguage\":\"de\"},{\"@type\":\"Organization\",\"@id\":\"https:\/\/www.fine-weddings.de\/blog\/#organization\",\"name\":\"Fine Weddings & Parties\",\"url\":\"https:\/\/www.fine-weddings.de\/blog\/\",\"logo\":{\"@type\":\"ImageObject\",\"inLanguage\":\"de\",\"@id\":\"https:\/\/www.fine-weddings.de\/blog\/#\/schema\/logo\/image\/\",\"url\":\"https:\/\/www.fine-weddings.de\/blog\/wp-content\/uploads\/2021\/05\/FW-Logo.png\",\"contentUrl\":\"https:\/\/www.fine-weddings.de\/blog\/wp-content\/uploads\/2021\/05\/FW-Logo.png\",\"width\":500,\"height\":458,\"caption\":\"Fine Weddings & Parties\"},\"image\":{\"@id\":\"https:\/\/www.fine-weddings.de\/blog\/#\/schema\/logo\/image\/\"}},{\"@type\":\"Person\",\"@id\":\"https:\/\/www.fine-weddings.de\/blog\/#\/schema\/person\/428ddccb5a71ac2cb9fd1d22b99ce6e8\",\"name\":\"Freya Matthiessen\"}]}<\/script>\n<!-- \/ Yoast SEO plugin. -->","yoast_head_json":{"title":"DESTINATION WEDDING IBIZA: Hippie-Romantik trifft Luxus pur - FINE WEDDINGS BLOG","description":"Malerische Str\u00e4nde wie in der Karibik, sensationelle Sternek\u00fcche mit mediterranem Flair und quasi eine Gut-Wetter-Garantie. Und das macht Ibiza f\u00fcr mich zu der Wedding-Destination schlechthin. J\u00fcngst haben es jetzt Thomas Gottschalk und seine Karina vorgemacht.","robots":{"index":"index","follow":"follow","max-snippet":"max-snippet:-1","max-image-preview":"max-image-preview:large","max-video-preview":"max-video-preview:-1"},"canonical":"https:\/\/fine-weddings.de\/blog\/destination-wedding-ibiza\/","og_locale":"de_DE","og_type":"article","og_title":"DESTINATION WEDDING IBIZA: Hippie-Romantik trifft Luxus pur - FINE WEDDINGS BLOG","og_description":"Malerische Str\u00e4nde wie in der Karibik, sensationelle Sternek\u00fcche mit mediterranem Flair und quasi eine Gut-Wetter-Garantie. Und das macht Ibiza f\u00fcr mich zu der Wedding-Destination schlechthin. J\u00fcngst haben es jetzt Thomas Gottschalk und seine Karina vorgemacht.","og_url":"https:\/\/fine-weddings.de\/blog\/destination-wedding-ibiza\/","og_site_name":"FINE WEDDINGS BLOG","article_published_time":"2024-09-04T07:59:02+00:00","article_modified_time":"2024-09-04T20:29:01+00:00","og_image":[{"width":768,"height":1024,"url":"https:\/\/fine-weddings.de\/blog\/wp-content\/uploads\/2024\/09\/ibizastadt-768x1024.jpg","type":"image\/jpeg"}],"author":"Freya Matthiessen","twitter_card":"summary_large_image","twitter_misc":{"Verfasst von":"Freya Matthiessen","Gesch\u00e4tzte Lesezeit":"6\u00a0Minuten"},"schema":{"@context":"https:\/\/schema.org","@graph":[{"@type":"Article","@id":"https:\/\/fine-weddings.de\/blog\/destination-wedding-ibiza\/#article","isPartOf":{"@id":"https:\/\/fine-weddings.de\/blog\/destination-wedding-ibiza\/"},"author":{"name":"Freya Matthiessen","@id":"https:\/\/www.fine-weddings.de\/blog\/#\/schema\/person\/428ddccb5a71ac2cb9fd1d22b99ce6e8"},"headline":"DESTINATION WEDDING IBIZA: Hippie-Romantik trifft Luxus pur","datePublished":"2024-09-04T07:59:02+00:00","dateModified":"2024-09-04T20:29:01+00:00","mainEntityOfPage":{"@id":"https:\/\/fine-weddings.de\/blog\/destination-wedding-ibiza\/"},"wordCount":1216,"commentCount":0,"publisher":{"@id":"https:\/\/www.fine-weddings.de\/blog\/#organization"},"articleSection":["Experten-Tipps","News"],"inLanguage":"de","potentialAction":[{"@type":"CommentAction","name":"Comment","target":["https:\/\/fine-weddings.de\/blog\/destination-wedding-ibiza\/#respond"]}]},{"@type":"WebPage","@id":"https:\/\/fine-weddings.de\/blog\/destination-wedding-ibiza\/","url":"https:\/\/fine-weddings.de\/blog\/destination-wedding-ibiza\/","name":"DESTINATION WEDDING IBIZA: Hippie-Romantik trifft Luxus pur - FINE WEDDINGS BLOG","isPartOf":{"@id":"https:\/\/www.fine-weddings.de\/blog\/#website"},"datePublished":"2024-09-04T07:59:02+00:00","dateModified":"2024-09-04T20:29:01+00:00","description":"Malerische Str\u00e4nde wie in der Karibik, sensationelle Sternek\u00fcche mit mediterranem Flair und quasi eine Gut-Wetter-Garantie. Und das macht Ibiza f\u00fcr mich zu der Wedding-Destination schlechthin. J\u00fcngst haben es jetzt Thomas Gottschalk und seine Karina vorgemacht.","breadcrumb":{"@id":"https:\/\/fine-weddings.de\/blog\/destination-wedding-ibiza\/#breadcrumb"},"inLanguage":"de","potentialAction":[{"@type":"ReadAction","target":["https:\/\/fine-weddings.de\/blog\/destination-wedding-ibiza\/"]}]},{"@type":"BreadcrumbList","@id":"https:\/\/fine-weddings.de\/blog\/destination-wedding-ibiza\/#breadcrumb","itemListElement":[{"@type":"ListItem","position":1,"name":"Home","item":"https:\/\/www.fine-weddings.de\/blog\/"},{"@type":"ListItem","position":2,"name":"DESTINATION WEDDING IBIZA: Hippie-Romantik trifft Luxus pur"}]},{"@type":"WebSite","@id":"https:\/\/www.fine-weddings.de\/blog\/#website","url":"https:\/\/www.fine-weddings.de\/blog\/","name":"FINE WEDDINGS BLOG","description":"Trends und News rund ums Heiraten","publisher":{"@id":"https:\/\/www.fine-weddings.de\/blog\/#organization"},"potentialAction":[{"@type":"SearchAction","target":{"@type":"EntryPoint","urlTemplate":"https:\/\/www.fine-weddings.de\/blog\/?s={search_term_string}"},"query-input":"required name=search_term_string"}],"inLanguage":"de"},{"@type":"Organization","@id":"https:\/\/www.fine-weddings.de\/blog\/#organization","name":"Fine Weddings & Parties","url":"https:\/\/www.fine-weddings.de\/blog\/","logo":{"@type":"ImageObject","inLanguage":"de","@id":"https:\/\/www.fine-weddings.de\/blog\/#\/schema\/logo\/image\/","url":"https:\/\/www.fine-weddings.de\/blog\/wp-content\/uploads\/2021\/05\/FW-Logo.png","contentUrl":"https:\/\/www.fine-weddings.de\/blog\/wp-content\/uploads\/2021\/05\/FW-Logo.png","width":500,"height":458,"caption":"Fine Weddings & Parties"},"image":{"@id":"https:\/\/www.fine-weddings.de\/blog\/#\/schema\/logo\/image\/"}},{"@type":"Person","@id":"https:\/\/www.fine-weddings.de\/blog\/#\/schema\/person\/428ddccb5a71ac2cb9fd1d22b99ce6e8","name":"Freya Matthiessen"}]}},"_links":{"self":[{"href":"https:\/\/fine-weddings.de\/blog\/wp-json\/wp\/v2\/posts\/17297"}],"collection":[{"href":"https:\/\/fine-weddings.de\/blog\/wp-json\/wp\/v2\/posts"}],"about":[{"href":"https:\/\/fine-weddings.de\/blog\/wp-json\/wp\/v2\/types\/post"}],"author":[{"embeddable":true,"href":"https:\/\/fine-weddings.de\/blog\/wp-json\/wp\/v2\/users\/5"}],"replies":[{"embeddable":true,"href":"https:\/\/fine-weddings.de\/blog\/wp-json\/wp\/v2\/comments?post=17297"}],"version-history":[{"count":7,"href":"https:\/\/fine-weddings.de\/blog\/wp-json\/wp\/v2\/posts\/17297\/revisions"}],"predecessor-version":[{"id":17311,"href":"https:\/\/fine-weddings.de\/blog\/wp-json\/wp\/v2\/posts\/17297\/revisions\/17311"}],"wp:featuredmedia":[{"embeddable":true,"href":"https:\/\/fine-weddings.de\/blog\/wp-json\/wp\/v2\/media\/17302"}],"wp:attachment":[{"href":"https:\/\/fine-weddings.de\/blog\/wp-json\/wp\/v2\/media?parent=17297"}],"wp:term":[{"taxonomy":"category","embeddable":true,"href":"https:\/\/fine-weddings.de\/blog\/wp-json\/wp\/v2\/categories?post=17297"},{"taxonomy":"post_tag","embeddable":true,"href":"https:\/\/fine-weddings.de\/blog\/wp-json\/wp\/v2\/tags?post=17297"}],"curies":[{"name":"wp","href":"https:\/\/api.w.org\/{rel}","templated":true}]}}