{"id":17241,"date":"2024-06-24T17:40:36","date_gmt":"2024-06-24T15:40:36","guid":{"rendered":"https:\/\/fine-weddings.de\/blog\/?p=17241"},"modified":"2024-07-02T11:34:42","modified_gmt":"2024-07-02T09:34:42","slug":"interview-manager-magazin","status":"publish","type":"post","link":"https:\/\/fine-weddings.de\/blog\/interview-manager-magazin\/","title":{"rendered":"Bitte nicht unter den Verh\u00e4ltnissen feiern &#8211; Mein Interview mit dem manager magazin"},"content":{"rendered":"<section class=\"wpb-content-wrapper\"><p>[vc_row][vc_column][\/vc_column][\/vc_row][vc_row][vc_column][vc_single_image image=&#8220;17248&#8243; img_size=&#8220;full&#8220; alignment=&#8220;center&#8220;]<div class=\"ult-spacer spacer-69ee08c638bae\" data-id=\"69ee08c638bae\" data-height=\"20\" data-height-mobile=\"20\" data-height-tab=\"\" data-height-tab-portrait=\"\" data-height-mobile-landscape=\"\" style=\"clear:both;display:block;\"><\/div>[vc_column_text]<\/p>\n<p style=\"font-weight: 400;\">Ich bin wirklich stolz wie Bolle, denn k\u00fcrzlich durfte ich dem renommierten <strong>manager magazin<\/strong> ein ausf\u00fchrliches Interview geben. Jetzt ist der Beitrag erschienen &#8211; sowohl im Print-Magazin als auch online &#8211; und ich freue mich einfach so sehr dar\u00fcber!<\/p>\n<p>Ich gab im Talk mit dem Leitmedium f\u00fcr F\u00fchrungskr\u00e4fte exklusive Einblicke in mein Unternehmen! Au\u00dferdem sprach ich mit dem <strong>manager magazin<\/strong>\u00a0\u00fcber die ausschweifende Verlobungsparty der indischen Ambani-Familie, und dar\u00fcber, ob so ein Mega-Event in Deutschland m\u00f6glich w\u00e4re. Auch die Hochzeit von FDP-Finanzminister Christian Lindner mit der Journalistin Franca Lehfeldt wurde thematisiert. Klingt nach einem interessanten Gespr\u00e4ch, oder?<\/p>\n<p>[\/vc_column_text][\/vc_column][\/vc_row][vc_row][vc_column]<div class=\"ult-spacer spacer-69ee08c638bbe\" data-id=\"69ee08c638bbe\" data-height=\"20\" data-height-mobile=\"20\" data-height-tab=\"\" data-height-tab-portrait=\"\" data-height-mobile-landscape=\"\" style=\"clear:both;display:block;\"><\/div>[vc_single_image image=&#8220;17249&#8243; img_size=&#8220;full&#8220; alignment=&#8220;center&#8220;]<div class=\"ult-spacer spacer-69ee08c638bc7\" data-id=\"69ee08c638bc7\" data-height=\"20\" data-height-mobile=\"20\" data-height-tab=\"\" data-height-tab-portrait=\"\" data-height-mobile-landscape=\"\" style=\"clear:both;display:block;\"><\/div>[vc_column_text]<\/p>\n<p style=\"font-weight: 400;\">Wisst ihr eigentlich, weshalb ich so besonders stolz auf diesen Artikel bin?<\/p>\n<p style=\"font-weight: 400;\">Ich k\u00e4mpfe seit Jahren f\u00fcr eine gesunde Hochzeitsbranche und daf\u00fcr, dass endlich erkannt wird:<\/p>\n<p>Wir Hochzeitsplaner und alle anderen Dienstleister der Branche machen das nicht nur aus Spa\u00df, sondern wir wollen ein erfolgreiches Unternehmen f\u00fchren. Die Hochzeitsbranche ist ein gro\u00dfer Wirtschaftszweig in Deutschland und dieser Artikel im Manager Magazin ist f\u00fcr mich der 1. Schritt, dass das auch gesehen wird.<\/p>\n<p>Vielen lieben Dank also an das Manager Magazin f\u00fcr diesen Artikel und Julia Hackober f\u00fcr das tolle Interview.<\/p>\n<p>p.s. Jetzt schnell zum n\u00e4chsten Kiosk oder unter diesem Link reinschauen: <a href=\"https:\/\/www.manager-magazin.de\/lifestyle\/hochzeit-planen-fuer-reiche-nadine-metgenberg-raet-bitte-nicht-unter-den-verhaeltnissen-feiern-a-e3705ff8-cf3f-4a11-8f1e-1bffaa70e5fb?context=issue\">Hochzeit planen f\u00fcr Reiche<\/a>.[\/vc_column_text][\/vc_column][\/vc_row][vc_row][vc_column][vc_column_text]<\/p>\n<p style=\"text-align: left;\">Alles Liebe,<\/p>\n<p style=\"text-align: left;\">Eure Nadine<\/p>\n<p><img decoding=\"async\" loading=\"lazy\" class=\"size-full wp-image-14578 alignnone alignleft\" src=\"https:\/\/fine-weddings.de\/wp-content\/uploads\/2015\/07\/2_Siegel_50x50.png\" alt=\"\" width=\"50\" height=\"50\" \/>[\/vc_column_text]<div class=\"ult-spacer spacer-69ee08c638bcf\" data-id=\"69ee08c638bcf\" data-height=\"20\" data-height-mobile=\"20\" data-height-tab=\"\" data-height-tab-portrait=\"\" data-height-mobile-landscape=\"\" style=\"clear:both;display:block;\"><\/div><div class=\"ult-spacer spacer-69ee08c638bd6\" data-id=\"69ee08c638bd6\" data-height=\"20\" data-height-mobile=\"20\" data-height-tab=\"\" data-height-tab-portrait=\"\" data-height-mobile-landscape=\"\" style=\"clear:both;display:block;\"><\/div><div class=\"ult-spacer spacer-69ee08c638bdc\" data-id=\"69ee08c638bdc\" data-height=\"20\" data-height-mobile=\"20\" data-height-tab=\"\" data-height-tab-portrait=\"\" data-height-mobile-landscape=\"\" style=\"clear:both;display:block;\"><\/div>[\/vc_column][\/vc_row][vc_row][vc_column width=&#8220;1\/2&#8243;]<div class=\"ult-spacer spacer-69ee08c638be2\" data-id=\"69ee08c638be2\" data-height=\"20\" data-height-mobile=\"20\" data-height-tab=\"\" data-height-tab-portrait=\"\" data-height-mobile-landscape=\"\" style=\"clear:both;display:block;\"><\/div><div class=\"ult-spacer spacer-69ee08c638be8\" data-id=\"69ee08c638be8\" data-height=\"20\" data-height-mobile=\"20\" data-height-tab=\"\" data-height-tab-portrait=\"\" data-height-mobile-landscape=\"\" style=\"clear:both;display:block;\"><\/div>[\/vc_column][vc_column width=&#8220;1\/2&#8243;]<div class=\"ult-spacer spacer-69ee08c638bee\" data-id=\"69ee08c638bee\" data-height=\"20\" data-height-mobile=\"20\" data-height-tab=\"\" data-height-tab-portrait=\"\" data-height-mobile-landscape=\"\" style=\"clear:both;display:block;\"><\/div><div class=\"ult-spacer spacer-69ee08c638bf4\" data-id=\"69ee08c638bf4\" data-height=\"20\" data-height-mobile=\"20\" data-height-tab=\"\" data-height-tab-portrait=\"\" data-height-mobile-landscape=\"\" style=\"clear:both;display:block;\"><\/div>[\/vc_column][\/vc_row]<\/p>\n<\/section>","protected":false},"excerpt":{"rendered":"<p>K\u00fcrzlich durfte ich dem renommierten \u201eManager Magazin\u201c ein ausf\u00fchrliches Interview geben. Und jetzt ist der Artikel erschienen: 3 Seiten Interview mit mir!! <\/p>\n<p>Dabei gab ich im Talk mit dem Leitmedium f\u00fcr F\u00fchrungskr\u00e4fte exklusive Einblicke in unser Unternehmen! Au\u00dferdem sprach ich mit dem \u201eManager Magazin\u201c \u00fcber die ausschweifende Verlobungsparty der indischen Ambani-Familie, und dar\u00fcber, ob so ein Mega-Event in Deutschland m\u00f6glich w\u00e4re. <\/p>\n","protected":false},"author":5,"featured_media":16800,"comment_status":"open","ping_status":"open","sticky":false,"template":"","format":"standard","meta":[],"categories":[69],"tags":[],"acf":[],"yoast_head":"<!-- This site is optimized with the Yoast SEO plugin v20.2 - https:\/\/yoast.com\/wordpress\/plugins\/seo\/ -->\n<title>Bitte nicht unter den Verh\u00e4ltnissen feiern - Mein Interview mit dem manager magazin - FINE WEDDINGS BLOG<\/title>\n<meta name=\"description\" content=\"In meinem Interview mit dem manager magazin spreche ich \u00fcber die Verlobungsparty der indischen Ambani-Familie, und dar\u00fcber, ob so ein Mega-Event in Deutschland m\u00f6glich w\u00e4re. Gleichzeitig gebe ich Einblicke in meine Arbeit als Luxus-Hochzeitsplanerin.\" \/>\n<meta name=\"robots\" content=\"index, follow, max-snippet:-1, max-image-preview:large, max-video-preview:-1\" \/>\n<link rel=\"canonical\" href=\"https:\/\/fine-weddings.de\/blog\/interview-manager-magazin\/\" \/>\n<meta property=\"og:locale\" content=\"de_DE\" \/>\n<meta property=\"og:type\" content=\"article\" \/>\n<meta property=\"og:title\" content=\"Bitte nicht unter den Verh\u00e4ltnissen feiern - Mein Interview mit dem manager magazin - FINE WEDDINGS BLOG\" \/>\n<meta property=\"og:description\" content=\"In meinem Interview mit dem manager magazin spreche ich \u00fcber die Verlobungsparty der indischen Ambani-Familie, und dar\u00fcber, ob so ein Mega-Event in Deutschland m\u00f6glich w\u00e4re. Gleichzeitig gebe ich Einblicke in meine Arbeit als Luxus-Hochzeitsplanerin.\" \/>\n<meta property=\"og:url\" content=\"https:\/\/fine-weddings.de\/blog\/interview-manager-magazin\/\" \/>\n<meta property=\"og:site_name\" content=\"FINE WEDDINGS BLOG\" \/>\n<meta property=\"article:published_time\" content=\"2024-06-24T15:40:36+00:00\" \/>\n<meta property=\"article:modified_time\" content=\"2024-07-02T09:34:42+00:00\" \/>\n<meta property=\"og:image\" content=\"https:\/\/fine-weddings.de\/blog\/wp-content\/uploads\/2021\/11\/20211001-FWP-0082.jpg\" \/>\n\t<meta property=\"og:image:width\" content=\"2000\" \/>\n\t<meta property=\"og:image:height\" content=\"1333\" \/>\n\t<meta property=\"og:image:type\" content=\"image\/jpeg\" \/>\n<meta name=\"author\" content=\"Freya Matthiessen\" \/>\n<meta name=\"twitter:card\" content=\"summary_large_image\" \/>\n<meta name=\"twitter:label1\" content=\"Verfasst von\" \/>\n\t<meta name=\"twitter:data1\" content=\"Freya Matthiessen\" \/>\n\t<meta name=\"twitter:label2\" content=\"Gesch\u00e4tzte Lesezeit\" \/>\n\t<meta name=\"twitter:data2\" content=\"2\u00a0Minuten\" \/>\n<script type=\"application\/ld+json\" class=\"yoast-schema-graph\">{\"@context\":\"https:\/\/schema.org\",\"@graph\":[{\"@type\":\"Article\",\"@id\":\"https:\/\/fine-weddings.de\/blog\/interview-manager-magazin\/#article\",\"isPartOf\":{\"@id\":\"https:\/\/fine-weddings.de\/blog\/interview-manager-magazin\/\"},\"author\":{\"name\":\"Freya Matthiessen\",\"@id\":\"https:\/\/fine-weddings.de\/blog\/#\/schema\/person\/428ddccb5a71ac2cb9fd1d22b99ce6e8\"},\"headline\":\"Bitte nicht unter den Verh\u00e4ltnissen feiern &#8211; Mein Interview mit dem manager magazin\",\"datePublished\":\"2024-06-24T15:40:36+00:00\",\"dateModified\":\"2024-07-02T09:34:42+00:00\",\"mainEntityOfPage\":{\"@id\":\"https:\/\/fine-weddings.de\/blog\/interview-manager-magazin\/\"},\"wordCount\":383,\"commentCount\":0,\"publisher\":{\"@id\":\"https:\/\/fine-weddings.de\/blog\/#organization\"},\"articleSection\":[\"News\"],\"inLanguage\":\"de\",\"potentialAction\":[{\"@type\":\"CommentAction\",\"name\":\"Comment\",\"target\":[\"https:\/\/fine-weddings.de\/blog\/interview-manager-magazin\/#respond\"]}]},{\"@type\":\"WebPage\",\"@id\":\"https:\/\/fine-weddings.de\/blog\/interview-manager-magazin\/\",\"url\":\"https:\/\/fine-weddings.de\/blog\/interview-manager-magazin\/\",\"name\":\"Bitte nicht unter den Verh\u00e4ltnissen feiern - Mein Interview mit dem manager magazin - FINE WEDDINGS BLOG\",\"isPartOf\":{\"@id\":\"https:\/\/fine-weddings.de\/blog\/#website\"},\"datePublished\":\"2024-06-24T15:40:36+00:00\",\"dateModified\":\"2024-07-02T09:34:42+00:00\",\"description\":\"In meinem Interview mit dem manager magazin spreche ich \u00fcber die Verlobungsparty der indischen Ambani-Familie, und dar\u00fcber, ob so ein Mega-Event in Deutschland m\u00f6glich w\u00e4re. Gleichzeitig gebe ich Einblicke in meine Arbeit als Luxus-Hochzeitsplanerin.\",\"breadcrumb\":{\"@id\":\"https:\/\/fine-weddings.de\/blog\/interview-manager-magazin\/#breadcrumb\"},\"inLanguage\":\"de\",\"potentialAction\":[{\"@type\":\"ReadAction\",\"target\":[\"https:\/\/fine-weddings.de\/blog\/interview-manager-magazin\/\"]}]},{\"@type\":\"BreadcrumbList\",\"@id\":\"https:\/\/fine-weddings.de\/blog\/interview-manager-magazin\/#breadcrumb\",\"itemListElement\":[{\"@type\":\"ListItem\",\"position\":1,\"name\":\"Home\",\"item\":\"https:\/\/fine-weddings.de\/blog\/\"},{\"@type\":\"ListItem\",\"position\":2,\"name\":\"Bitte nicht unter den Verh\u00e4ltnissen feiern &#8211; Mein Interview mit dem manager magazin\"}]},{\"@type\":\"WebSite\",\"@id\":\"https:\/\/fine-weddings.de\/blog\/#website\",\"url\":\"https:\/\/fine-weddings.de\/blog\/\",\"name\":\"FINE WEDDINGS BLOG\",\"description\":\"Trends und News rund ums Heiraten\",\"publisher\":{\"@id\":\"https:\/\/fine-weddings.de\/blog\/#organization\"},\"potentialAction\":[{\"@type\":\"SearchAction\",\"target\":{\"@type\":\"EntryPoint\",\"urlTemplate\":\"https:\/\/fine-weddings.de\/blog\/?s={search_term_string}\"},\"query-input\":\"required name=search_term_string\"}],\"inLanguage\":\"de\"},{\"@type\":\"Organization\",\"@id\":\"https:\/\/fine-weddings.de\/blog\/#organization\",\"name\":\"Fine Weddings & Parties\",\"url\":\"https:\/\/fine-weddings.de\/blog\/\",\"logo\":{\"@type\":\"ImageObject\",\"inLanguage\":\"de\",\"@id\":\"https:\/\/fine-weddings.de\/blog\/#\/schema\/logo\/image\/\",\"url\":\"https:\/\/www.fine-weddings.de\/blog\/wp-content\/uploads\/2021\/05\/FW-Logo.png\",\"contentUrl\":\"https:\/\/www.fine-weddings.de\/blog\/wp-content\/uploads\/2021\/05\/FW-Logo.png\",\"width\":500,\"height\":458,\"caption\":\"Fine Weddings & Parties\"},\"image\":{\"@id\":\"https:\/\/fine-weddings.de\/blog\/#\/schema\/logo\/image\/\"}},{\"@type\":\"Person\",\"@id\":\"https:\/\/fine-weddings.de\/blog\/#\/schema\/person\/428ddccb5a71ac2cb9fd1d22b99ce6e8\",\"name\":\"Freya Matthiessen\"}]}<\/script>\n<!-- \/ Yoast SEO plugin. -->","yoast_head_json":{"title":"Bitte nicht unter den Verh\u00e4ltnissen feiern - Mein Interview mit dem manager magazin - FINE WEDDINGS BLOG","description":"In meinem Interview mit dem manager magazin spreche ich \u00fcber die Verlobungsparty der indischen Ambani-Familie, und dar\u00fcber, ob so ein Mega-Event in Deutschland m\u00f6glich w\u00e4re. Gleichzeitig gebe ich Einblicke in meine Arbeit als Luxus-Hochzeitsplanerin.","robots":{"index":"index","follow":"follow","max-snippet":"max-snippet:-1","max-image-preview":"max-image-preview:large","max-video-preview":"max-video-preview:-1"},"canonical":"https:\/\/fine-weddings.de\/blog\/interview-manager-magazin\/","og_locale":"de_DE","og_type":"article","og_title":"Bitte nicht unter den Verh\u00e4ltnissen feiern - Mein Interview mit dem manager magazin - FINE WEDDINGS BLOG","og_description":"In meinem Interview mit dem manager magazin spreche ich \u00fcber die Verlobungsparty der indischen Ambani-Familie, und dar\u00fcber, ob so ein Mega-Event in Deutschland m\u00f6glich w\u00e4re. Gleichzeitig gebe ich Einblicke in meine Arbeit als Luxus-Hochzeitsplanerin.","og_url":"https:\/\/fine-weddings.de\/blog\/interview-manager-magazin\/","og_site_name":"FINE WEDDINGS BLOG","article_published_time":"2024-06-24T15:40:36+00:00","article_modified_time":"2024-07-02T09:34:42+00:00","og_image":[{"width":2000,"height":1333,"url":"https:\/\/fine-weddings.de\/blog\/wp-content\/uploads\/2021\/11\/20211001-FWP-0082.jpg","type":"image\/jpeg"}],"author":"Freya Matthiessen","twitter_card":"summary_large_image","twitter_misc":{"Verfasst von":"Freya Matthiessen","Gesch\u00e4tzte Lesezeit":"2\u00a0Minuten"},"schema":{"@context":"https:\/\/schema.org","@graph":[{"@type":"Article","@id":"https:\/\/fine-weddings.de\/blog\/interview-manager-magazin\/#article","isPartOf":{"@id":"https:\/\/fine-weddings.de\/blog\/interview-manager-magazin\/"},"author":{"name":"Freya Matthiessen","@id":"https:\/\/fine-weddings.de\/blog\/#\/schema\/person\/428ddccb5a71ac2cb9fd1d22b99ce6e8"},"headline":"Bitte nicht unter den Verh\u00e4ltnissen feiern &#8211; Mein Interview mit dem manager magazin","datePublished":"2024-06-24T15:40:36+00:00","dateModified":"2024-07-02T09:34:42+00:00","mainEntityOfPage":{"@id":"https:\/\/fine-weddings.de\/blog\/interview-manager-magazin\/"},"wordCount":383,"commentCount":0,"publisher":{"@id":"https:\/\/fine-weddings.de\/blog\/#organization"},"articleSection":["News"],"inLanguage":"de","potentialAction":[{"@type":"CommentAction","name":"Comment","target":["https:\/\/fine-weddings.de\/blog\/interview-manager-magazin\/#respond"]}]},{"@type":"WebPage","@id":"https:\/\/fine-weddings.de\/blog\/interview-manager-magazin\/","url":"https:\/\/fine-weddings.de\/blog\/interview-manager-magazin\/","name":"Bitte nicht unter den Verh\u00e4ltnissen feiern - Mein Interview mit dem manager magazin - FINE WEDDINGS BLOG","isPartOf":{"@id":"https:\/\/fine-weddings.de\/blog\/#website"},"datePublished":"2024-06-24T15:40:36+00:00","dateModified":"2024-07-02T09:34:42+00:00","description":"In meinem Interview mit dem manager magazin spreche ich \u00fcber die Verlobungsparty der indischen Ambani-Familie, und dar\u00fcber, ob so ein Mega-Event in Deutschland m\u00f6glich w\u00e4re. Gleichzeitig gebe ich Einblicke in meine Arbeit als Luxus-Hochzeitsplanerin.","breadcrumb":{"@id":"https:\/\/fine-weddings.de\/blog\/interview-manager-magazin\/#breadcrumb"},"inLanguage":"de","potentialAction":[{"@type":"ReadAction","target":["https:\/\/fine-weddings.de\/blog\/interview-manager-magazin\/"]}]},{"@type":"BreadcrumbList","@id":"https:\/\/fine-weddings.de\/blog\/interview-manager-magazin\/#breadcrumb","itemListElement":[{"@type":"ListItem","position":1,"name":"Home","item":"https:\/\/fine-weddings.de\/blog\/"},{"@type":"ListItem","position":2,"name":"Bitte nicht unter den Verh\u00e4ltnissen feiern &#8211; Mein Interview mit dem manager magazin"}]},{"@type":"WebSite","@id":"https:\/\/fine-weddings.de\/blog\/#website","url":"https:\/\/fine-weddings.de\/blog\/","name":"FINE WEDDINGS BLOG","description":"Trends und News rund ums Heiraten","publisher":{"@id":"https:\/\/fine-weddings.de\/blog\/#organization"},"potentialAction":[{"@type":"SearchAction","target":{"@type":"EntryPoint","urlTemplate":"https:\/\/fine-weddings.de\/blog\/?s={search_term_string}"},"query-input":"required name=search_term_string"}],"inLanguage":"de"},{"@type":"Organization","@id":"https:\/\/fine-weddings.de\/blog\/#organization","name":"Fine Weddings & Parties","url":"https:\/\/fine-weddings.de\/blog\/","logo":{"@type":"ImageObject","inLanguage":"de","@id":"https:\/\/fine-weddings.de\/blog\/#\/schema\/logo\/image\/","url":"https:\/\/www.fine-weddings.de\/blog\/wp-content\/uploads\/2021\/05\/FW-Logo.png","contentUrl":"https:\/\/www.fine-weddings.de\/blog\/wp-content\/uploads\/2021\/05\/FW-Logo.png","width":500,"height":458,"caption":"Fine Weddings & Parties"},"image":{"@id":"https:\/\/fine-weddings.de\/blog\/#\/schema\/logo\/image\/"}},{"@type":"Person","@id":"https:\/\/fine-weddings.de\/blog\/#\/schema\/person\/428ddccb5a71ac2cb9fd1d22b99ce6e8","name":"Freya Matthiessen"}]}},"_links":{"self":[{"href":"https:\/\/fine-weddings.de\/blog\/wp-json\/wp\/v2\/posts\/17241"}],"collection":[{"href":"https:\/\/fine-weddings.de\/blog\/wp-json\/wp\/v2\/posts"}],"about":[{"href":"https:\/\/fine-weddings.de\/blog\/wp-json\/wp\/v2\/types\/post"}],"author":[{"embeddable":true,"href":"https:\/\/fine-weddings.de\/blog\/wp-json\/wp\/v2\/users\/5"}],"replies":[{"embeddable":true,"href":"https:\/\/fine-weddings.de\/blog\/wp-json\/wp\/v2\/comments?post=17241"}],"version-history":[{"count":8,"href":"https:\/\/fine-weddings.de\/blog\/wp-json\/wp\/v2\/posts\/17241\/revisions"}],"predecessor-version":[{"id":17252,"href":"https:\/\/fine-weddings.de\/blog\/wp-json\/wp\/v2\/posts\/17241\/revisions\/17252"}],"wp:featuredmedia":[{"embeddable":true,"href":"https:\/\/fine-weddings.de\/blog\/wp-json\/wp\/v2\/media\/16800"}],"wp:attachment":[{"href":"https:\/\/fine-weddings.de\/blog\/wp-json\/wp\/v2\/media?parent=17241"}],"wp:term":[{"taxonomy":"category","embeddable":true,"href":"https:\/\/fine-weddings.de\/blog\/wp-json\/wp\/v2\/categories?post=17241"},{"taxonomy":"post_tag","embeddable":true,"href":"https:\/\/fine-weddings.de\/blog\/wp-json\/wp\/v2\/tags?post=17241"}],"curies":[{"name":"wp","href":"https:\/\/api.w.org\/{rel}","templated":true}]}}