{"id":17222,"date":"2024-03-04T21:38:13","date_gmt":"2024-03-04T20:38:13","guid":{"rendered":"https:\/\/fine-weddings.de\/blog\/?p=17222"},"modified":"2024-03-04T21:38:13","modified_gmt":"2024-03-04T20:38:13","slug":"indischer_polterabend","status":"publish","type":"post","link":"https:\/\/fine-weddings.de\/blog\/indischer_polterabend\/","title":{"rendered":"DEUTSCHLAND, DIR FEHLT DAS G\u00d6NN-GEN! Meine Meinung zur indischen Pre-Wedding-Party"},"content":{"rendered":"<section class=\"wpb-content-wrapper\"><p>[vc_row][vc_column]<div class=\"ult-spacer spacer-69edde7797f5c\" data-id=\"69edde7797f5c\" data-height=\"20\" data-height-mobile=\"20\" data-height-tab=\"\" data-height-tab-portrait=\"\" data-height-mobile-landscape=\"\" style=\"clear:both;display:block;\"><\/div>[vc_column_text]<\/p>\n<div>\n<p class=\"id-storyelement-paragraph\"><i>Es war ein Polterabend bei dem selbst mir als Planerin unz\u00e4hliger Luxus-Hochzeiten die Kinnlade bis zum Boden kippte: Milliardenerbe Anant Ambani (28) und seine Jugendliebe Radhika Merchant (29) sprengten mit ihrem Polterabend alle bislang bekannten Rekorde. <\/i>Die <i>Gesamtkosten der Super-Sause mit rund 1.200 G\u00e4sten sollen Medienberichten zufolge rund 140 Millionen Euro betragen. Ein modernes M\u00e4rchen in malerischer Kulisse. Doch statt Bewunderung gab es hierzulande mal wieder nur pikiertes Nasenr\u00fcmpfen. Und da frage ich mich ernsthaft: Fehlt uns Deutschen einfach das G\u00f6nn-Gen?<\/i><\/p>\n<\/div>\n<p>[\/vc_column_text]<div class=\"ult-spacer spacer-69edde7797f6e\" data-id=\"69edde7797f6e\" data-height=\"20\" data-height-mobile=\"20\" data-height-tab=\"\" data-height-tab-portrait=\"\" data-height-mobile-landscape=\"\" style=\"clear:both;display:block;\"><\/div>[\/vc_column][\/vc_row][vc_row][vc_column][vc_single_image image=&#8220;17224&#8243; img_size=&#8220;full&#8220; alignment=&#8220;center&#8220;]<div class=\"ult-spacer spacer-69edde7797f78\" data-id=\"69edde7797f78\" data-height=\"20\" data-height-mobile=\"20\" data-height-tab=\"\" data-height-tab-portrait=\"\" data-height-mobile-landscape=\"\" style=\"clear:both;display:block;\"><\/div>[vc_column_text]<\/p>\n<div>\n<p class=\"id-storyelement-paragraph\"><b>Liebe im Luxus<\/b><\/p>\n<\/div>\n<p>Wovon ich \u00fcberhaupt spreche? Die Medien wurden in den letzten Tagen mit den Details der 140-Millionen-Sause nur so geflutet: Anant Ambani ist der Sohn von Milliard\u00e4r Mukesh Ambani, der laut Forbes mit einem Verm\u00f6gen von etwa 114 Milliarden US-Dollar der reichste Mensch Asiens ist. Und w\u00e4hrend wir es gewohnt sind beim Polterabend ausrangierte Keramik-Teller zu zerdeppern, lie\u00dfen es die Inder so richtig krachen. Das Spektakel fand auf einem der Luxus-Anwesen der Familie in Jamnagar, im indischen Bundesstaat Gujarat. Geladen waren die reichsten und m\u00e4chtigsten Menschen der Welt: Mark Zuckerberg, Bill Gates, Cristiano Ronaldo und unz\u00e4hlige mehr \u2013 ganze 1.200 Menschen reisten aus aller Welt an. Als musikalischen Act lud das Paar niemand geringeres als Weltstar Rihanna. F\u00fcr ihren Auftritt soll sie zwischen sechs und neun Millionen US-Dollar erhalten haben. Bereits in der Vergangenheit sind bei den Ambani-Hochzeiten Stars wie Beyonc\u00e9 oder auch der Frontmann von Coldplay, Chris Martin, aufgetreten. Rund 2.500 Speisen, von etwa 65 K\u00f6chen kreiert, wurden angeboten, wie die Times schrieb. Zudem standen den G\u00e4sten Haarstylisten, Make-up-Artisten und Tuchmacher f\u00fcr indische Kleidung zur Verf\u00fcgung. Die Kleiderordnung, die die G\u00e4ste im Vorfeld erhielten, soll neun Seiten umfasst haben. Und das war nur der Anfang, denn die eigentliche Hochzeit findet erst am 12. Juli statt! Ich bin jetzt schon ganz aus dem H\u00e4uschen und kann kaum erwarten, bis uns die Bilder der Trauungs-Zeremonie aus Indien erreichen[\/vc_column_text]<div class=\"ult-spacer spacer-69edde7797f80\" data-id=\"69edde7797f80\" data-height=\"20\" data-height-mobile=\"20\" data-height-tab=\"\" data-height-tab-portrait=\"\" data-height-mobile-landscape=\"\" style=\"clear:both;display:block;\"><\/div>[\/vc_column][\/vc_row][vc_row][vc_column][vc_single_image image=&#8220;17225&#8243; img_size=&#8220;full&#8220; alignment=&#8220;center&#8220;][\/vc_column][\/vc_row][vc_row][vc_column]<div class=\"ult-spacer spacer-69edde7797f87\" data-id=\"69edde7797f87\" data-height=\"20\" data-height-mobile=\"20\" data-height-tab=\"\" data-height-tab-portrait=\"\" data-height-mobile-landscape=\"\" style=\"clear:both;display:block;\"><\/div>[vc_column_text]<\/p>\n<div>\n<p class=\"id-storyelement-paragraph\"><b>Von Neugierde und Neid<\/b><\/p>\n<\/div>\n<div>\n<p class=\"id-storyelement-paragraph\">So wie mir, geht es unz\u00e4hligen anderen Menschen \u2013 nur nicht aus den gleichen Gr\u00fcnden. Denn w\u00e4hrend ich vor Neugierde platze, trieft das Netz nur so vor Neid. Vor allem Kommentare die mit \u201eich bin ja nicht neidisch, ABER\u2026\u201c starten, bringen mich maximal auf die Palme. Kritisiert wird nat\u00fcrlich in erster Linie die unglaubliche Summe, die die Familie f\u00fcr die Hochzeit springen lie\u00df. Kleiner Reminder: Deren Verm\u00f6gen bel\u00e4uft sich auf rund 115 MILLIARDEN und wie sie die ausgeben, ist allein deren Sache. Immer wieder las ich auch Kommentare, dass man damit die Armut beenden k\u00f6nnte. Ja, mag sein Horst-Reiner, aber hast du mal gegoogelt, wie viel die Familie bereits in Bildung, Gesundheitsvorsorge und soziale Entwicklung steckt? Eben. Abgesehen davon sind das zwei v\u00f6llig unterschiedliche Themen. Nur weil man es sich leisten kann, darf man keinen Spa\u00df haben? Nur weil man reich ist, muss man sein Verm\u00f6gen teilen? Das scheint die g\u00e4ngige Meinung zu sein. Und damit sollten wir endlich aufh\u00f6ren!<\/p>\n<\/div>\n<p>[\/vc_column_text][\/vc_column][\/vc_row][vc_row][vc_column]<div class=\"ult-spacer spacer-69edde7797f8f\" data-id=\"69edde7797f8f\" data-height=\"20\" data-height-mobile=\"20\" data-height-tab=\"\" data-height-tab-portrait=\"\" data-height-mobile-landscape=\"\" style=\"clear:both;display:block;\"><\/div>[\/vc_column][\/vc_row][vc_row][vc_column][vc_single_image image=&#8220;17226&#8243; img_size=&#8220;full&#8220; alignment=&#8220;center&#8220;][\/vc_column][\/vc_row][vc_row][vc_column]<div class=\"ult-spacer spacer-69edde7797f95\" data-id=\"69edde7797f95\" data-height=\"20\" data-height-mobile=\"20\" data-height-tab=\"\" data-height-tab-portrait=\"\" data-height-mobile-landscape=\"\" style=\"clear:both;display:block;\"><\/div>[vc_column_text]<\/p>\n<div>\n<p class=\"id-storyelement-paragraph\"><b>Schluss mit dem Verstecken!<\/b><\/p>\n<\/div>\n<p>Wie ihr euch vielleicht erinnert, ist mir bereits bei der Hochzeit von <a href=\"https:\/\/fine-weddings.de\/blog\/lindner-hochzeit\/\">Christian Lindner die Hutschnur<\/a> gerissen. Denn auch wenn er keine 140 Millionen verballert hat, wurde er lautstark f\u00fcr seine Hochzeitssause auf Sylt kritisiert. Eine luxuri\u00f6se Feier w\u00fcrde sich f\u00fcr einen Finanzminister nicht geh\u00f6ren. Dort hat aber nun mal nicht der Politiker Lindner geheiratet, sondern der Christian seine Franca. Und genau so sollte man auch Hochzeiten von Superreichen behandeln: Mit Bewunderung, Freude und \u2013 Achtung Jungendwort: G\u00f6nnung! Immer wieder bin ich auch beruflich damit konfrontiert, dass meine Paare Angst davor haben, dass ihre Hochzeit \u201ezu luxuri\u00f6s\u201c sein k\u00f6nnte. Hildegard vom \u00f6rtlichen Kaninchen-Zuchtverein k\u00f6nnte das ja in den falschen Hals bekommen. Soll jeder mit Kartoffelsalat und Rostbratwurst im Sport-Clubheim heiraten, damit ja keiner neidisch wird? So etwas macht mich traurig und nachdenklich. Denn sollte nicht jeder leben und feiern d\u00fcrfen, wie er es m\u00f6chte? Auch ein milliardenschwerer Inder? Denkt mal dar\u00fcber nach.[\/vc_column_text]<div class=\"ult-spacer spacer-69edde7797f9c\" data-id=\"69edde7797f9c\" data-height=\"20\" data-height-mobile=\"20\" data-height-tab=\"\" data-height-tab-portrait=\"\" data-height-mobile-landscape=\"\" style=\"clear:both;display:block;\"><\/div>[vc_column_text]<\/p>\n<div>\n<p class=\"id-storyelement-paragraph\">Alles Liebe,<\/p>\n<p>Eure Nadine<\/p>\n<\/div>\n<p>[\/vc_column_text]<div class=\"ult-spacer spacer-69edde7797fa3\" data-id=\"69edde7797fa3\" data-height=\"20\" data-height-mobile=\"20\" data-height-tab=\"\" data-height-tab-portrait=\"\" data-height-mobile-landscape=\"\" style=\"clear:both;display:block;\"><\/div><div class=\"ult-spacer spacer-69edde7797fa9\" data-id=\"69edde7797fa9\" data-height=\"20\" data-height-mobile=\"20\" data-height-tab=\"\" data-height-tab-portrait=\"\" data-height-mobile-landscape=\"\" style=\"clear:both;display:block;\"><\/div><div class=\"ult-spacer spacer-69edde7797fb0\" data-id=\"69edde7797fb0\" data-height=\"20\" data-height-mobile=\"20\" data-height-tab=\"\" data-height-tab-portrait=\"\" data-height-mobile-landscape=\"\" style=\"clear:both;display:block;\"><\/div><div class=\"ult-spacer spacer-69edde7797fb6\" data-id=\"69edde7797fb6\" data-height=\"20\" data-height-mobile=\"20\" data-height-tab=\"\" data-height-tab-portrait=\"\" data-height-mobile-landscape=\"\" style=\"clear:both;display:block;\"><\/div>[vc_column_text]<\/p>\n<div>\n<p class=\"id-storyelement-paragraph\">Bildcredit: Instagram @radhikamerchantfc<\/p>\n<\/div>\n<p>[\/vc_column_text][\/vc_column][\/vc_row]<\/p>\n<\/section>","protected":false},"excerpt":{"rendered":"<p>Milliardenerbe Anant Ambani (28) und seine Jugendliebe Radhika Merchant (29) sprengten mit ihrem Polterabend alle bislang bekannten Rekorde. Doch statt Bewunderung gab es hierzulande mal wieder nur pikiertes Nasenr\u00fcmpfen.<\/p>\n","protected":false},"author":5,"featured_media":17224,"comment_status":"open","ping_status":"open","sticky":false,"template":"","format":"standard","meta":[],"categories":[76,69],"tags":[],"acf":[],"yoast_head":"<!-- This site is optimized with the Yoast SEO plugin v20.2 - https:\/\/yoast.com\/wordpress\/plugins\/seo\/ -->\n<title>DEUTSCHLAND, DIR FEHLT DAS G\u00d6NN-GEN! Meine Meinung zur indischen Pre-Wedding-Party - FINE WEDDINGS BLOG<\/title>\n<meta name=\"description\" content=\"Milliardenerbe Anant Ambani (28) und seine Jugendliebe Radhika Merchant (29) sprengten mit ihrem Polterabend alle bislang bekannten Rekorde.\" \/>\n<meta name=\"robots\" content=\"index, follow, max-snippet:-1, max-image-preview:large, max-video-preview:-1\" \/>\n<link rel=\"canonical\" href=\"https:\/\/fine-weddings.de\/blog\/indischer_polterabend\/\" \/>\n<meta property=\"og:locale\" content=\"de_DE\" \/>\n<meta property=\"og:type\" content=\"article\" \/>\n<meta property=\"og:title\" content=\"DEUTSCHLAND, DIR FEHLT DAS G\u00d6NN-GEN! Meine Meinung zur indischen Pre-Wedding-Party - FINE WEDDINGS BLOG\" \/>\n<meta property=\"og:description\" content=\"Milliardenerbe Anant Ambani (28) und seine Jugendliebe Radhika Merchant (29) sprengten mit ihrem Polterabend alle bislang bekannten Rekorde.\" \/>\n<meta property=\"og:url\" content=\"https:\/\/fine-weddings.de\/blog\/indischer_polterabend\/\" \/>\n<meta property=\"og:site_name\" content=\"FINE WEDDINGS BLOG\" \/>\n<meta property=\"article:published_time\" content=\"2024-03-04T20:38:13+00:00\" \/>\n<meta property=\"og:image\" content=\"https:\/\/fine-weddings.de\/blog\/wp-content\/uploads\/2024\/03\/Bildschirmfoto-2024-03-04-um-21.10.44.png\" \/>\n\t<meta property=\"og:image:width\" content=\"1144\" \/>\n\t<meta property=\"og:image:height\" content=\"1152\" \/>\n\t<meta property=\"og:image:type\" content=\"image\/png\" \/>\n<meta name=\"author\" content=\"Freya Matthiessen\" \/>\n<meta name=\"twitter:card\" content=\"summary_large_image\" \/>\n<meta name=\"twitter:label1\" content=\"Verfasst von\" \/>\n\t<meta name=\"twitter:data1\" content=\"Freya Matthiessen\" \/>\n\t<meta name=\"twitter:label2\" content=\"Gesch\u00e4tzte Lesezeit\" \/>\n\t<meta name=\"twitter:data2\" content=\"4\u00a0Minuten\" \/>\n<script type=\"application\/ld+json\" class=\"yoast-schema-graph\">{\"@context\":\"https:\/\/schema.org\",\"@graph\":[{\"@type\":\"Article\",\"@id\":\"https:\/\/fine-weddings.de\/blog\/indischer_polterabend\/#article\",\"isPartOf\":{\"@id\":\"https:\/\/fine-weddings.de\/blog\/indischer_polterabend\/\"},\"author\":{\"name\":\"Freya Matthiessen\",\"@id\":\"https:\/\/www.fine-weddings.de\/blog\/#\/schema\/person\/428ddccb5a71ac2cb9fd1d22b99ce6e8\"},\"headline\":\"DEUTSCHLAND, DIR FEHLT DAS G\u00d6NN-GEN! Meine Meinung zur indischen Pre-Wedding-Party\",\"datePublished\":\"2024-03-04T20:38:13+00:00\",\"dateModified\":\"2024-03-04T20:38:13+00:00\",\"mainEntityOfPage\":{\"@id\":\"https:\/\/fine-weddings.de\/blog\/indischer_polterabend\/\"},\"wordCount\":867,\"commentCount\":0,\"publisher\":{\"@id\":\"https:\/\/www.fine-weddings.de\/blog\/#organization\"},\"articleSection\":[\"Experten-Tipps\",\"News\"],\"inLanguage\":\"de\",\"potentialAction\":[{\"@type\":\"CommentAction\",\"name\":\"Comment\",\"target\":[\"https:\/\/fine-weddings.de\/blog\/indischer_polterabend\/#respond\"]}]},{\"@type\":\"WebPage\",\"@id\":\"https:\/\/fine-weddings.de\/blog\/indischer_polterabend\/\",\"url\":\"https:\/\/fine-weddings.de\/blog\/indischer_polterabend\/\",\"name\":\"DEUTSCHLAND, DIR FEHLT DAS G\u00d6NN-GEN! Meine Meinung zur indischen Pre-Wedding-Party - FINE WEDDINGS BLOG\",\"isPartOf\":{\"@id\":\"https:\/\/www.fine-weddings.de\/blog\/#website\"},\"datePublished\":\"2024-03-04T20:38:13+00:00\",\"dateModified\":\"2024-03-04T20:38:13+00:00\",\"description\":\"Milliardenerbe Anant Ambani (28) und seine Jugendliebe Radhika Merchant (29) sprengten mit ihrem Polterabend alle bislang bekannten Rekorde.\",\"breadcrumb\":{\"@id\":\"https:\/\/fine-weddings.de\/blog\/indischer_polterabend\/#breadcrumb\"},\"inLanguage\":\"de\",\"potentialAction\":[{\"@type\":\"ReadAction\",\"target\":[\"https:\/\/fine-weddings.de\/blog\/indischer_polterabend\/\"]}]},{\"@type\":\"BreadcrumbList\",\"@id\":\"https:\/\/fine-weddings.de\/blog\/indischer_polterabend\/#breadcrumb\",\"itemListElement\":[{\"@type\":\"ListItem\",\"position\":1,\"name\":\"Home\",\"item\":\"https:\/\/www.fine-weddings.de\/blog\/\"},{\"@type\":\"ListItem\",\"position\":2,\"name\":\"DEUTSCHLAND, DIR FEHLT DAS G\u00d6NN-GEN! Meine Meinung zur indischen Pre-Wedding-Party\"}]},{\"@type\":\"WebSite\",\"@id\":\"https:\/\/www.fine-weddings.de\/blog\/#website\",\"url\":\"https:\/\/www.fine-weddings.de\/blog\/\",\"name\":\"FINE WEDDINGS BLOG\",\"description\":\"Trends und News rund ums Heiraten\",\"publisher\":{\"@id\":\"https:\/\/www.fine-weddings.de\/blog\/#organization\"},\"potentialAction\":[{\"@type\":\"SearchAction\",\"target\":{\"@type\":\"EntryPoint\",\"urlTemplate\":\"https:\/\/www.fine-weddings.de\/blog\/?s={search_term_string}\"},\"query-input\":\"required name=search_term_string\"}],\"inLanguage\":\"de\"},{\"@type\":\"Organization\",\"@id\":\"https:\/\/www.fine-weddings.de\/blog\/#organization\",\"name\":\"Fine Weddings & Parties\",\"url\":\"https:\/\/www.fine-weddings.de\/blog\/\",\"logo\":{\"@type\":\"ImageObject\",\"inLanguage\":\"de\",\"@id\":\"https:\/\/www.fine-weddings.de\/blog\/#\/schema\/logo\/image\/\",\"url\":\"https:\/\/www.fine-weddings.de\/blog\/wp-content\/uploads\/2021\/05\/FW-Logo.png\",\"contentUrl\":\"https:\/\/www.fine-weddings.de\/blog\/wp-content\/uploads\/2021\/05\/FW-Logo.png\",\"width\":500,\"height\":458,\"caption\":\"Fine Weddings & Parties\"},\"image\":{\"@id\":\"https:\/\/www.fine-weddings.de\/blog\/#\/schema\/logo\/image\/\"}},{\"@type\":\"Person\",\"@id\":\"https:\/\/www.fine-weddings.de\/blog\/#\/schema\/person\/428ddccb5a71ac2cb9fd1d22b99ce6e8\",\"name\":\"Freya Matthiessen\"}]}<\/script>\n<!-- \/ Yoast SEO plugin. -->","yoast_head_json":{"title":"DEUTSCHLAND, DIR FEHLT DAS G\u00d6NN-GEN! Meine Meinung zur indischen Pre-Wedding-Party - FINE WEDDINGS BLOG","description":"Milliardenerbe Anant Ambani (28) und seine Jugendliebe Radhika Merchant (29) sprengten mit ihrem Polterabend alle bislang bekannten Rekorde.","robots":{"index":"index","follow":"follow","max-snippet":"max-snippet:-1","max-image-preview":"max-image-preview:large","max-video-preview":"max-video-preview:-1"},"canonical":"https:\/\/fine-weddings.de\/blog\/indischer_polterabend\/","og_locale":"de_DE","og_type":"article","og_title":"DEUTSCHLAND, DIR FEHLT DAS G\u00d6NN-GEN! Meine Meinung zur indischen Pre-Wedding-Party - FINE WEDDINGS BLOG","og_description":"Milliardenerbe Anant Ambani (28) und seine Jugendliebe Radhika Merchant (29) sprengten mit ihrem Polterabend alle bislang bekannten Rekorde.","og_url":"https:\/\/fine-weddings.de\/blog\/indischer_polterabend\/","og_site_name":"FINE WEDDINGS BLOG","article_published_time":"2024-03-04T20:38:13+00:00","og_image":[{"width":1144,"height":1152,"url":"https:\/\/fine-weddings.de\/blog\/wp-content\/uploads\/2024\/03\/Bildschirmfoto-2024-03-04-um-21.10.44.png","type":"image\/png"}],"author":"Freya Matthiessen","twitter_card":"summary_large_image","twitter_misc":{"Verfasst von":"Freya Matthiessen","Gesch\u00e4tzte Lesezeit":"4\u00a0Minuten"},"schema":{"@context":"https:\/\/schema.org","@graph":[{"@type":"Article","@id":"https:\/\/fine-weddings.de\/blog\/indischer_polterabend\/#article","isPartOf":{"@id":"https:\/\/fine-weddings.de\/blog\/indischer_polterabend\/"},"author":{"name":"Freya Matthiessen","@id":"https:\/\/www.fine-weddings.de\/blog\/#\/schema\/person\/428ddccb5a71ac2cb9fd1d22b99ce6e8"},"headline":"DEUTSCHLAND, DIR FEHLT DAS G\u00d6NN-GEN! Meine Meinung zur indischen Pre-Wedding-Party","datePublished":"2024-03-04T20:38:13+00:00","dateModified":"2024-03-04T20:38:13+00:00","mainEntityOfPage":{"@id":"https:\/\/fine-weddings.de\/blog\/indischer_polterabend\/"},"wordCount":867,"commentCount":0,"publisher":{"@id":"https:\/\/www.fine-weddings.de\/blog\/#organization"},"articleSection":["Experten-Tipps","News"],"inLanguage":"de","potentialAction":[{"@type":"CommentAction","name":"Comment","target":["https:\/\/fine-weddings.de\/blog\/indischer_polterabend\/#respond"]}]},{"@type":"WebPage","@id":"https:\/\/fine-weddings.de\/blog\/indischer_polterabend\/","url":"https:\/\/fine-weddings.de\/blog\/indischer_polterabend\/","name":"DEUTSCHLAND, DIR FEHLT DAS G\u00d6NN-GEN! Meine Meinung zur indischen Pre-Wedding-Party - FINE WEDDINGS BLOG","isPartOf":{"@id":"https:\/\/www.fine-weddings.de\/blog\/#website"},"datePublished":"2024-03-04T20:38:13+00:00","dateModified":"2024-03-04T20:38:13+00:00","description":"Milliardenerbe Anant Ambani (28) und seine Jugendliebe Radhika Merchant (29) sprengten mit ihrem Polterabend alle bislang bekannten Rekorde.","breadcrumb":{"@id":"https:\/\/fine-weddings.de\/blog\/indischer_polterabend\/#breadcrumb"},"inLanguage":"de","potentialAction":[{"@type":"ReadAction","target":["https:\/\/fine-weddings.de\/blog\/indischer_polterabend\/"]}]},{"@type":"BreadcrumbList","@id":"https:\/\/fine-weddings.de\/blog\/indischer_polterabend\/#breadcrumb","itemListElement":[{"@type":"ListItem","position":1,"name":"Home","item":"https:\/\/www.fine-weddings.de\/blog\/"},{"@type":"ListItem","position":2,"name":"DEUTSCHLAND, DIR FEHLT DAS G\u00d6NN-GEN! Meine Meinung zur indischen Pre-Wedding-Party"}]},{"@type":"WebSite","@id":"https:\/\/www.fine-weddings.de\/blog\/#website","url":"https:\/\/www.fine-weddings.de\/blog\/","name":"FINE WEDDINGS BLOG","description":"Trends und News rund ums Heiraten","publisher":{"@id":"https:\/\/www.fine-weddings.de\/blog\/#organization"},"potentialAction":[{"@type":"SearchAction","target":{"@type":"EntryPoint","urlTemplate":"https:\/\/www.fine-weddings.de\/blog\/?s={search_term_string}"},"query-input":"required name=search_term_string"}],"inLanguage":"de"},{"@type":"Organization","@id":"https:\/\/www.fine-weddings.de\/blog\/#organization","name":"Fine Weddings & Parties","url":"https:\/\/www.fine-weddings.de\/blog\/","logo":{"@type":"ImageObject","inLanguage":"de","@id":"https:\/\/www.fine-weddings.de\/blog\/#\/schema\/logo\/image\/","url":"https:\/\/www.fine-weddings.de\/blog\/wp-content\/uploads\/2021\/05\/FW-Logo.png","contentUrl":"https:\/\/www.fine-weddings.de\/blog\/wp-content\/uploads\/2021\/05\/FW-Logo.png","width":500,"height":458,"caption":"Fine Weddings & Parties"},"image":{"@id":"https:\/\/www.fine-weddings.de\/blog\/#\/schema\/logo\/image\/"}},{"@type":"Person","@id":"https:\/\/www.fine-weddings.de\/blog\/#\/schema\/person\/428ddccb5a71ac2cb9fd1d22b99ce6e8","name":"Freya Matthiessen"}]}},"_links":{"self":[{"href":"https:\/\/fine-weddings.de\/blog\/wp-json\/wp\/v2\/posts\/17222"}],"collection":[{"href":"https:\/\/fine-weddings.de\/blog\/wp-json\/wp\/v2\/posts"}],"about":[{"href":"https:\/\/fine-weddings.de\/blog\/wp-json\/wp\/v2\/types\/post"}],"author":[{"embeddable":true,"href":"https:\/\/fine-weddings.de\/blog\/wp-json\/wp\/v2\/users\/5"}],"replies":[{"embeddable":true,"href":"https:\/\/fine-weddings.de\/blog\/wp-json\/wp\/v2\/comments?post=17222"}],"version-history":[{"count":2,"href":"https:\/\/fine-weddings.de\/blog\/wp-json\/wp\/v2\/posts\/17222\/revisions"}],"predecessor-version":[{"id":17228,"href":"https:\/\/fine-weddings.de\/blog\/wp-json\/wp\/v2\/posts\/17222\/revisions\/17228"}],"wp:featuredmedia":[{"embeddable":true,"href":"https:\/\/fine-weddings.de\/blog\/wp-json\/wp\/v2\/media\/17224"}],"wp:attachment":[{"href":"https:\/\/fine-weddings.de\/blog\/wp-json\/wp\/v2\/media?parent=17222"}],"wp:term":[{"taxonomy":"category","embeddable":true,"href":"https:\/\/fine-weddings.de\/blog\/wp-json\/wp\/v2\/categories?post=17222"},{"taxonomy":"post_tag","embeddable":true,"href":"https:\/\/fine-weddings.de\/blog\/wp-json\/wp\/v2\/tags?post=17222"}],"curies":[{"name":"wp","href":"https:\/\/api.w.org\/{rel}","templated":true}]}}