{"id":17163,"date":"2023-10-22T13:51:32","date_gmt":"2023-10-22T11:51:32","guid":{"rendered":"https:\/\/fine-weddings.de\/blog\/?p=17163"},"modified":"2023-10-22T13:55:08","modified_gmt":"2023-10-22T11:55:08","slug":"hochzeit-verena-und-marc","status":"publish","type":"post","link":"https:\/\/fine-weddings.de\/blog\/hochzeit-verena-und-marc\/","title":{"rendered":"ERST HOCHZEIT DANN HORROR? Meine Gedanken zur Hochzeit von Verena Kerth und Marc Terenzi"},"content":{"rendered":"<section class=\"wpb-content-wrapper\"><p>[vc_row][vc_column]<div class=\"ult-spacer spacer-69edf5ad54d1f\" data-id=\"69edf5ad54d1f\" data-height=\"20\" data-height-mobile=\"20\" data-height-tab=\"\" data-height-tab-portrait=\"\" data-height-mobile-landscape=\"\" style=\"clear:both;display:block;\"><\/div>[vc_column_text]<\/p>\n<p style=\"font-weight: 400;\"><em>Es ging alles pl\u00f6tzlich ganz schnell! Verena Kerth und Marc Terenzi haben sich ganz \u00fcberraschend das Ja-Wort gegeben. Ganz in Rockstar-Manier ging es f\u00fcr die beiden nach Las Vegas in die White Chapel. Standen vor einigen Wochen noch alle Zeichen auf Trennung, so hat sich das Skandal-Paar jetzt \u00fcberraschend das Ja-Wort gegeben. Und das, obwohl sich b\u00f6se Zungen sicher waren: Diese beiden k\u00f6nnen niemals gl\u00fccklich werden. Schlie\u00dflich war die Rede von Alkohol-Exzessen und sogar Handgreiflichkeiten in einem Hamburger Hotel. Wie ich \u00fcber die spontane Hochzeit der beiden denke? So viel sei schon mal gesagt: Meine Meinung wird euch \u00fcberraschen.<\/em><\/p>\n<p>[\/vc_column_text]<div class=\"ult-spacer spacer-69edf5ad54d38\" data-id=\"69edf5ad54d38\" data-height=\"20\" data-height-mobile=\"20\" data-height-tab=\"\" data-height-tab-portrait=\"\" data-height-mobile-landscape=\"\" style=\"clear:both;display:block;\"><\/div>[\/vc_column][\/vc_row][vc_row][vc_column][vc_single_image image=&#8220;17162&#8243; img_size=&#8220;full&#8220; add_caption=&#8220;yes&#8220; alignment=&#8220;center&#8220;][\/vc_column][\/vc_row][vc_row][vc_column]<div class=\"ult-spacer spacer-69edf5ad54d4b\" data-id=\"69edf5ad54d4b\" data-height=\"20\" data-height-mobile=\"20\" data-height-tab=\"\" data-height-tab-portrait=\"\" data-height-mobile-landscape=\"\" style=\"clear:both;display:block;\"><\/div>[vc_column_text]<\/p>\n<p style=\"font-weight: 400;\"><strong>What happens in Vegas\u2026<\/strong><\/p>\n<p style=\"font-weight: 400;\">\u2026stays in Vegas! Denn ich wei\u00df von einer guten Quelle: Verena und Marc sehen die Hochzeit nicht als ihre \u201erichtige\u201c Trauung, sondern nur als liebevolle Geste. Die beiden haben es in diesem Jahr nicht mehr geschafft, eine traditionelle Hochzeit auf die Beine zu stellen und so sollte es ganz l\u00e4ssig in Vegas passieren. Erst eine Woche vor Abflug kam den beiden der Geistesblitz, denn urspr\u00fcnglich war nur ein Vegas-Urlaub geplant. In Windeseile organisierte sich Verena ein Braut-Dirndl bei ihrer Freundin Astrid S\u00f6ll. Die Ringe wurden online bestellt. Klar, glamour\u00f6s ist anders, aber darum geht es bei einer Vegas Hochzeit nun mal wirklich nicht. Beinah w\u00e4re es dann doch noch schief gegangen: Der Flieger der beiden musste umkehren und in Chicago landen, denn das Triebwerk hatte einen Schaden. Kein gutes Omen? Nix da! Die Trauung fand wie geplant in der White Chapel statt. Und beide waren super happy mit ihrer Entscheidung. Und das ist doch die Hauptsache!<\/p>\n<p>[\/vc_column_text]<div class=\"ult-spacer spacer-69edf5ad54d5b\" data-id=\"69edf5ad54d5b\" data-height=\"20\" data-height-mobile=\"20\" data-height-tab=\"\" data-height-tab-portrait=\"\" data-height-mobile-landscape=\"\" style=\"clear:both;display:block;\"><\/div>[\/vc_column][\/vc_row][vc_row][vc_column]<div class=\"ult-spacer spacer-69edf5ad54d6b\" data-id=\"69edf5ad54d6b\" data-height=\"20\" data-height-mobile=\"20\" data-height-tab=\"\" data-height-tab-portrait=\"\" data-height-mobile-landscape=\"\" style=\"clear:both;display:block;\"><\/div>[vc_column_text]<\/p>\n<p style=\"font-weight: 400;\"><strong>Kann das gut gehen?<\/strong><\/p>\n<p style=\"font-weight: 400;\">Ja warum denn nicht, frage ich mich! Ich durfte Verena und Marc vor rund einem Jahr kennenlernen, als ich mit Fine Weddings &amp; Parties in Dresden das Opening einer luxuri\u00f6sen Brautboutique organisierte (<a href=\"https:\/\/fine-weddings.de\/blog\/closer-magazin\/\" target=\"_blank\" rel=\"noopener\">Hier lest ihr mehr dazu<\/a>). Die beiden waren als Starg\u00e4ste geladen. Nat\u00fcrlich sind sie nicht wie du und ich, sondern etwas lauter, polarisierender und lieben das Rampenlicht. Aber: That\u2019s Showbiz. Star-sein ist nun mal kein Schicksalsschlag, sondern selbst gew\u00e4hlt. Und so war auch ihre spontane Hochzeit eine private Entscheidung, die nur den beiden gefallen muss und nicht Renate und Hildegard vom \u00f6rtlichen T\u00f6pferverein. Ob die beiden eine gesunde Beziehung f\u00fchren oder nicht \u2013 auch das ist nicht unser Business. Also lasst uns den beiden Lovebirds doch einfach den Moment genie\u00dfen. Oder was denkt ihr?<\/p>\n<p>[\/vc_column_text][\/vc_column][\/vc_row][vc_row][vc_column]<div class=\"ult-spacer spacer-69edf5ad54d7a\" data-id=\"69edf5ad54d7a\" data-height=\"20\" data-height-mobile=\"20\" data-height-tab=\"\" data-height-tab-portrait=\"\" data-height-mobile-landscape=\"\" style=\"clear:both;display:block;\"><\/div>[vc_single_image image=&#8220;17002&#8243; img_size=&#8220;full&#8220; alignment=&#8220;center&#8220;]<div class=\"ult-spacer spacer-69edf5ad54d88\" data-id=\"69edf5ad54d88\" data-height=\"20\" data-height-mobile=\"20\" data-height-tab=\"\" data-height-tab-portrait=\"\" data-height-mobile-landscape=\"\" style=\"clear:both;display:block;\"><\/div>[\/vc_column][\/vc_row][vc_row][vc_column]<div class=\"ult-spacer spacer-69edf5ad54d97\" data-id=\"69edf5ad54d97\" data-height=\"20\" data-height-mobile=\"20\" data-height-tab=\"\" data-height-tab-portrait=\"\" data-height-mobile-landscape=\"\" style=\"clear:both;display:block;\"><\/div>[vc_column_text]<\/p>\n<p style=\"font-weight: 400;\"><strong>Auch sie haben es getan<\/strong><\/p>\n<p style=\"font-weight: 400;\">Verena und Marc sind mit ihrer Idee nicht allein. Wer erinnert sich nicht an Britney Spears legend\u00e4re Vegas-Hochzeit mit einem Jugendfreund, die dann nach nur 55 Stunden annulliert wurde. Auch Kourtney Kardashian und Travis Scott sowie Jennifer Lopez und Ben Affleck entschieden sich f\u00fcr eine wilde Vegas-Sause bevor dann die eigentliche traditionelle Trauung mit allem drum und dran stattfand. Vielleicht sehen es Verena und Marc ja auch erst einmal als Ehe als Probe, die mit einem rockigen Elopement startete. Denn mir wurde gefl\u00fcstert: Die beiden wollen die Ehe in Deutschland nicht eintragen lassen. Somit ist die Trauung nicht rechtskr\u00e4ftig. Einer fulminanten Traumhochzeit mit allen Liebsten und mit viel Glamour ist also noch lange nicht vom Tisch!<\/p>\n<p>[\/vc_column_text]<div class=\"ult-spacer spacer-69edf5ad54da5\" data-id=\"69edf5ad54da5\" data-height=\"20\" data-height-mobile=\"20\" data-height-tab=\"\" data-height-tab-portrait=\"\" data-height-mobile-landscape=\"\" style=\"clear:both;display:block;\"><\/div>[vc_column_text]<\/p>\n<p style=\"font-weight: 400;\"><strong>Kann ich auch in Vegas heiraten?<\/strong><\/p>\n<p><span style=\"font-weight: 400;\">Auch wenn ich meist eher traditionelle Hochzeiten organisiere, w\u00e4re ich bei einer Vegas-Idee sofort Feuer und Flamme! Denn wo kann man hernach besser feiern als in der Glitzermetropole? Zu beachten ist: In den Chapels sind die Termine schnell ausgebucht. Deswegen fr\u00fchzeitig buchen! Was noch zu beachten ist: Las Vegas macht es den Verlobten denkbar einfach zu heiraten: Die Willigen brauchen zun\u00e4chst vom Marriage Bureau eine Heiratserlaubnis \u2013 die sogenannte Marriage License, die 77 Dollar kostet. Das Amt ist von 8 Uhr bis 24 Uhr ge\u00f6ffnet und man braucht auch keinen Termin. <\/span>[\/vc_column_text]<div class=\"ult-spacer spacer-69edf5ad54db6\" data-id=\"69edf5ad54db6\" data-height=\"20\" data-height-mobile=\"20\" data-height-tab=\"\" data-height-tab-portrait=\"\" data-height-mobile-landscape=\"\" style=\"clear:both;display:block;\"><\/div>[\/vc_column][\/vc_row][vc_row][vc_column]<div class=\"ult-spacer spacer-69edf5ad54dc4\" data-id=\"69edf5ad54dc4\" data-height=\"20\" data-height-mobile=\"20\" data-height-tab=\"\" data-height-tab-portrait=\"\" data-height-mobile-landscape=\"\" style=\"clear:both;display:block;\"><\/div>[vc_column_text]Damit nun die Ehe gegen\u00fcber deutschen Beh\u00f6rden nachgewiesen werden kann, muss sie noch hierzulande legalisiert werden. Dazu werden eine beglaubigte Kopie des registrierten Trauscheins und eine sogenannte Apostille ben\u00f6tigt. Die kann man entweder beim County Recorder gleich mitbeantragen oder separat beim Staatssekret\u00e4r. Und so steht dem W\u00fcsten-Abenteuer nichts mehr im Wege.[\/vc_column_text]<div class=\"ult-spacer spacer-69edf5ad54dd1\" data-id=\"69edf5ad54dd1\" data-height=\"20\" data-height-mobile=\"20\" data-height-tab=\"\" data-height-tab-portrait=\"\" data-height-mobile-landscape=\"\" style=\"clear:both;display:block;\"><\/div>[vc_column_text]<\/p>\n<p style=\"font-weight: 400;\">Wenn ihr Fragen habt, kennt ihr ja die beste Adresse f\u00fcr die besten Events. Mein Team von Fine Weddings &amp; Parties und ich sind mit Rat, Tat und Elvis-Outfit sofort mit dabei!<\/p>\n<p style=\"font-weight: 400;\">Alles Liebe,<\/p>\n<p style=\"font-weight: 400;\">eure Nadine<\/p>\n<p><img decoding=\"async\" loading=\"lazy\" class=\"size-full wp-image-14578 alignnone alignleft\" src=\"https:\/\/fine-weddings.de\/wp-content\/uploads\/2015\/07\/2_Siegel_50x50.png\" alt=\"\" width=\"50\" height=\"50\" \/>[\/vc_column_text]<div class=\"ult-spacer spacer-69edf5ad54de1\" data-id=\"69edf5ad54de1\" data-height=\"20\" data-height-mobile=\"20\" data-height-tab=\"\" data-height-tab-portrait=\"\" data-height-mobile-landscape=\"\" style=\"clear:both;display:block;\"><\/div><div class=\"ult-spacer spacer-69edf5ad54ded\" data-id=\"69edf5ad54ded\" data-height=\"20\" data-height-mobile=\"20\" data-height-tab=\"\" data-height-tab-portrait=\"\" data-height-mobile-landscape=\"\" style=\"clear:both;display:block;\"><\/div><div class=\"ult-spacer spacer-69edf5ad54dfa\" data-id=\"69edf5ad54dfa\" data-height=\"20\" data-height-mobile=\"20\" data-height-tab=\"\" data-height-tab-portrait=\"\" data-height-mobile-landscape=\"\" style=\"clear:both;display:block;\"><\/div>[vc_column_text]Bildcredit: Verena Kerth privat, Soulmaid Bridal Couture[\/vc_column_text][\/vc_column][\/vc_row][vc_row][vc_column width=&#8220;1\/2&#8243;]<div class=\"ult-spacer spacer-69edf5ad54e06\" data-id=\"69edf5ad54e06\" data-height=\"20\" data-height-mobile=\"20\" data-height-tab=\"\" data-height-tab-portrait=\"\" data-height-mobile-landscape=\"\" style=\"clear:both;display:block;\"><\/div><div class=\"ult-spacer spacer-69edf5ad54e12\" data-id=\"69edf5ad54e12\" data-height=\"20\" data-height-mobile=\"20\" data-height-tab=\"\" data-height-tab-portrait=\"\" data-height-mobile-landscape=\"\" style=\"clear:both;display:block;\"><\/div>[\/vc_column][vc_column width=&#8220;1\/2&#8243;]<div class=\"ult-spacer spacer-69edf5ad54e1e\" data-id=\"69edf5ad54e1e\" data-height=\"20\" data-height-mobile=\"20\" data-height-tab=\"\" data-height-tab-portrait=\"\" data-height-mobile-landscape=\"\" style=\"clear:both;display:block;\"><\/div><div class=\"ult-spacer spacer-69edf5ad54e29\" data-id=\"69edf5ad54e29\" data-height=\"20\" data-height-mobile=\"20\" data-height-tab=\"\" data-height-tab-portrait=\"\" data-height-mobile-landscape=\"\" style=\"clear:both;display:block;\"><\/div>[\/vc_column][\/vc_row]<\/p>\n<\/section>","protected":false},"excerpt":{"rendered":"<p>Verena Kerth und Marc Terenzi haben sich ganz \u00fcberraschend das Ja-Wort gegeben. Ganz in Rockstar-Manier ging es f\u00fcr die beiden nach Las Vegas in die White Chapel. Standen vor einigen Wochen noch alle Zeichen auf Trennung, so hat sich das Skandal-Paar jetzt \u00fcberraschend das Ja-Wort gegeben. Meine Meinung dazu wird euch \u00fcberraschen.<\/p>\n","protected":false},"author":5,"featured_media":17162,"comment_status":"open","ping_status":"open","sticky":false,"template":"","format":"standard","meta":[],"categories":[76,69],"tags":[276,277,211],"acf":[],"yoast_head":"<!-- This site is optimized with the Yoast SEO plugin v20.2 - https:\/\/yoast.com\/wordpress\/plugins\/seo\/ -->\n<title>ERST HOCHZEIT DANN HORROR? Meine Gedanken zur Hochzeit von Verena Kerth und Marc Terenzi - FINE WEDDINGS BLOG<\/title>\n<meta name=\"description\" content=\"Verena Kerth und Marc Terenzi haben sich ganz \u00fcberraschend das Ja-Wort gegeben. Ganz in Rockstar-Manier ging es f\u00fcr die beiden nach Las Vegas in die White Chapel. Standen vor einigen Wochen noch alle Zeichen auf Trennung, so hat sich das Skandal-Paar jetzt \u00fcberraschend das Ja-Wort gegeben. Meine Meinung dazu wird euch \u00fcberraschen.\" \/>\n<meta name=\"robots\" content=\"index, follow, max-snippet:-1, max-image-preview:large, max-video-preview:-1\" \/>\n<link rel=\"canonical\" href=\"https:\/\/fine-weddings.de\/blog\/hochzeit-verena-und-marc\/\" \/>\n<meta property=\"og:locale\" content=\"de_DE\" \/>\n<meta property=\"og:type\" content=\"article\" \/>\n<meta property=\"og:title\" content=\"ERST HOCHZEIT DANN HORROR? Meine Gedanken zur Hochzeit von Verena Kerth und Marc Terenzi - FINE WEDDINGS BLOG\" \/>\n<meta property=\"og:description\" content=\"Verena Kerth und Marc Terenzi haben sich ganz \u00fcberraschend das Ja-Wort gegeben. Ganz in Rockstar-Manier ging es f\u00fcr die beiden nach Las Vegas in die White Chapel. Standen vor einigen Wochen noch alle Zeichen auf Trennung, so hat sich das Skandal-Paar jetzt \u00fcberraschend das Ja-Wort gegeben. Meine Meinung dazu wird euch \u00fcberraschen.\" \/>\n<meta property=\"og:url\" content=\"https:\/\/fine-weddings.de\/blog\/hochzeit-verena-und-marc\/\" \/>\n<meta property=\"og:site_name\" content=\"FINE WEDDINGS BLOG\" \/>\n<meta property=\"article:published_time\" content=\"2023-10-22T11:51:32+00:00\" \/>\n<meta property=\"article:modified_time\" content=\"2023-10-22T11:55:08+00:00\" \/>\n<meta property=\"og:image\" content=\"https:\/\/fine-weddings.de\/blog\/wp-content\/uploads\/2023\/10\/05f92e88-d7c9-4365-a069-b0ead3c0a1b7.jpg\" \/>\n\t<meta property=\"og:image:width\" content=\"1200\" \/>\n\t<meta property=\"og:image:height\" content=\"1600\" \/>\n\t<meta property=\"og:image:type\" content=\"image\/jpeg\" \/>\n<meta name=\"author\" content=\"Freya Matthiessen\" \/>\n<meta name=\"twitter:card\" content=\"summary_large_image\" \/>\n<meta name=\"twitter:label1\" content=\"Verfasst von\" \/>\n\t<meta name=\"twitter:data1\" content=\"Freya Matthiessen\" \/>\n\t<meta name=\"twitter:label2\" content=\"Gesch\u00e4tzte Lesezeit\" \/>\n\t<meta name=\"twitter:data2\" content=\"5\u00a0Minuten\" \/>\n<script type=\"application\/ld+json\" class=\"yoast-schema-graph\">{\"@context\":\"https:\/\/schema.org\",\"@graph\":[{\"@type\":\"Article\",\"@id\":\"https:\/\/fine-weddings.de\/blog\/hochzeit-verena-und-marc\/#article\",\"isPartOf\":{\"@id\":\"https:\/\/fine-weddings.de\/blog\/hochzeit-verena-und-marc\/\"},\"author\":{\"name\":\"Freya Matthiessen\",\"@id\":\"https:\/\/fine-weddings.de\/blog\/#\/schema\/person\/428ddccb5a71ac2cb9fd1d22b99ce6e8\"},\"headline\":\"ERST HOCHZEIT DANN HORROR? Meine Gedanken zur Hochzeit von Verena Kerth und Marc Terenzi\",\"datePublished\":\"2023-10-22T11:51:32+00:00\",\"dateModified\":\"2023-10-22T11:55:08+00:00\",\"mainEntityOfPage\":{\"@id\":\"https:\/\/fine-weddings.de\/blog\/hochzeit-verena-und-marc\/\"},\"wordCount\":995,\"commentCount\":0,\"publisher\":{\"@id\":\"https:\/\/fine-weddings.de\/blog\/#organization\"},\"keywords\":[\"Ehe\",\"Paartherapeut\",\"Traumhochzeit\"],\"articleSection\":[\"Experten-Tipps\",\"News\"],\"inLanguage\":\"de\",\"potentialAction\":[{\"@type\":\"CommentAction\",\"name\":\"Comment\",\"target\":[\"https:\/\/fine-weddings.de\/blog\/hochzeit-verena-und-marc\/#respond\"]}]},{\"@type\":\"WebPage\",\"@id\":\"https:\/\/fine-weddings.de\/blog\/hochzeit-verena-und-marc\/\",\"url\":\"https:\/\/fine-weddings.de\/blog\/hochzeit-verena-und-marc\/\",\"name\":\"ERST HOCHZEIT DANN HORROR? Meine Gedanken zur Hochzeit von Verena Kerth und Marc Terenzi - FINE WEDDINGS BLOG\",\"isPartOf\":{\"@id\":\"https:\/\/fine-weddings.de\/blog\/#website\"},\"datePublished\":\"2023-10-22T11:51:32+00:00\",\"dateModified\":\"2023-10-22T11:55:08+00:00\",\"description\":\"Verena Kerth und Marc Terenzi haben sich ganz \u00fcberraschend das Ja-Wort gegeben. Ganz in Rockstar-Manier ging es f\u00fcr die beiden nach Las Vegas in die White Chapel. Standen vor einigen Wochen noch alle Zeichen auf Trennung, so hat sich das Skandal-Paar jetzt \u00fcberraschend das Ja-Wort gegeben. Meine Meinung dazu wird euch \u00fcberraschen.\",\"breadcrumb\":{\"@id\":\"https:\/\/fine-weddings.de\/blog\/hochzeit-verena-und-marc\/#breadcrumb\"},\"inLanguage\":\"de\",\"potentialAction\":[{\"@type\":\"ReadAction\",\"target\":[\"https:\/\/fine-weddings.de\/blog\/hochzeit-verena-und-marc\/\"]}]},{\"@type\":\"BreadcrumbList\",\"@id\":\"https:\/\/fine-weddings.de\/blog\/hochzeit-verena-und-marc\/#breadcrumb\",\"itemListElement\":[{\"@type\":\"ListItem\",\"position\":1,\"name\":\"Home\",\"item\":\"https:\/\/fine-weddings.de\/blog\/\"},{\"@type\":\"ListItem\",\"position\":2,\"name\":\"ERST HOCHZEIT DANN HORROR? Meine Gedanken zur Hochzeit von Verena Kerth und Marc Terenzi\"}]},{\"@type\":\"WebSite\",\"@id\":\"https:\/\/fine-weddings.de\/blog\/#website\",\"url\":\"https:\/\/fine-weddings.de\/blog\/\",\"name\":\"FINE WEDDINGS BLOG\",\"description\":\"Trends und News rund ums Heiraten\",\"publisher\":{\"@id\":\"https:\/\/fine-weddings.de\/blog\/#organization\"},\"potentialAction\":[{\"@type\":\"SearchAction\",\"target\":{\"@type\":\"EntryPoint\",\"urlTemplate\":\"https:\/\/fine-weddings.de\/blog\/?s={search_term_string}\"},\"query-input\":\"required name=search_term_string\"}],\"inLanguage\":\"de\"},{\"@type\":\"Organization\",\"@id\":\"https:\/\/fine-weddings.de\/blog\/#organization\",\"name\":\"Fine Weddings & Parties\",\"url\":\"https:\/\/fine-weddings.de\/blog\/\",\"logo\":{\"@type\":\"ImageObject\",\"inLanguage\":\"de\",\"@id\":\"https:\/\/fine-weddings.de\/blog\/#\/schema\/logo\/image\/\",\"url\":\"https:\/\/www.fine-weddings.de\/blog\/wp-content\/uploads\/2021\/05\/FW-Logo.png\",\"contentUrl\":\"https:\/\/www.fine-weddings.de\/blog\/wp-content\/uploads\/2021\/05\/FW-Logo.png\",\"width\":500,\"height\":458,\"caption\":\"Fine Weddings & Parties\"},\"image\":{\"@id\":\"https:\/\/fine-weddings.de\/blog\/#\/schema\/logo\/image\/\"}},{\"@type\":\"Person\",\"@id\":\"https:\/\/fine-weddings.de\/blog\/#\/schema\/person\/428ddccb5a71ac2cb9fd1d22b99ce6e8\",\"name\":\"Freya Matthiessen\"}]}<\/script>\n<!-- \/ Yoast SEO plugin. -->","yoast_head_json":{"title":"ERST HOCHZEIT DANN HORROR? Meine Gedanken zur Hochzeit von Verena Kerth und Marc Terenzi - FINE WEDDINGS BLOG","description":"Verena Kerth und Marc Terenzi haben sich ganz \u00fcberraschend das Ja-Wort gegeben. Ganz in Rockstar-Manier ging es f\u00fcr die beiden nach Las Vegas in die White Chapel. Standen vor einigen Wochen noch alle Zeichen auf Trennung, so hat sich das Skandal-Paar jetzt \u00fcberraschend das Ja-Wort gegeben. Meine Meinung dazu wird euch \u00fcberraschen.","robots":{"index":"index","follow":"follow","max-snippet":"max-snippet:-1","max-image-preview":"max-image-preview:large","max-video-preview":"max-video-preview:-1"},"canonical":"https:\/\/fine-weddings.de\/blog\/hochzeit-verena-und-marc\/","og_locale":"de_DE","og_type":"article","og_title":"ERST HOCHZEIT DANN HORROR? Meine Gedanken zur Hochzeit von Verena Kerth und Marc Terenzi - FINE WEDDINGS BLOG","og_description":"Verena Kerth und Marc Terenzi haben sich ganz \u00fcberraschend das Ja-Wort gegeben. Ganz in Rockstar-Manier ging es f\u00fcr die beiden nach Las Vegas in die White Chapel. Standen vor einigen Wochen noch alle Zeichen auf Trennung, so hat sich das Skandal-Paar jetzt \u00fcberraschend das Ja-Wort gegeben. Meine Meinung dazu wird euch \u00fcberraschen.","og_url":"https:\/\/fine-weddings.de\/blog\/hochzeit-verena-und-marc\/","og_site_name":"FINE WEDDINGS BLOG","article_published_time":"2023-10-22T11:51:32+00:00","article_modified_time":"2023-10-22T11:55:08+00:00","og_image":[{"width":1200,"height":1600,"url":"https:\/\/fine-weddings.de\/blog\/wp-content\/uploads\/2023\/10\/05f92e88-d7c9-4365-a069-b0ead3c0a1b7.jpg","type":"image\/jpeg"}],"author":"Freya Matthiessen","twitter_card":"summary_large_image","twitter_misc":{"Verfasst von":"Freya Matthiessen","Gesch\u00e4tzte Lesezeit":"5\u00a0Minuten"},"schema":{"@context":"https:\/\/schema.org","@graph":[{"@type":"Article","@id":"https:\/\/fine-weddings.de\/blog\/hochzeit-verena-und-marc\/#article","isPartOf":{"@id":"https:\/\/fine-weddings.de\/blog\/hochzeit-verena-und-marc\/"},"author":{"name":"Freya Matthiessen","@id":"https:\/\/fine-weddings.de\/blog\/#\/schema\/person\/428ddccb5a71ac2cb9fd1d22b99ce6e8"},"headline":"ERST HOCHZEIT DANN HORROR? Meine Gedanken zur Hochzeit von Verena Kerth und Marc Terenzi","datePublished":"2023-10-22T11:51:32+00:00","dateModified":"2023-10-22T11:55:08+00:00","mainEntityOfPage":{"@id":"https:\/\/fine-weddings.de\/blog\/hochzeit-verena-und-marc\/"},"wordCount":995,"commentCount":0,"publisher":{"@id":"https:\/\/fine-weddings.de\/blog\/#organization"},"keywords":["Ehe","Paartherapeut","Traumhochzeit"],"articleSection":["Experten-Tipps","News"],"inLanguage":"de","potentialAction":[{"@type":"CommentAction","name":"Comment","target":["https:\/\/fine-weddings.de\/blog\/hochzeit-verena-und-marc\/#respond"]}]},{"@type":"WebPage","@id":"https:\/\/fine-weddings.de\/blog\/hochzeit-verena-und-marc\/","url":"https:\/\/fine-weddings.de\/blog\/hochzeit-verena-und-marc\/","name":"ERST HOCHZEIT DANN HORROR? Meine Gedanken zur Hochzeit von Verena Kerth und Marc Terenzi - FINE WEDDINGS BLOG","isPartOf":{"@id":"https:\/\/fine-weddings.de\/blog\/#website"},"datePublished":"2023-10-22T11:51:32+00:00","dateModified":"2023-10-22T11:55:08+00:00","description":"Verena Kerth und Marc Terenzi haben sich ganz \u00fcberraschend das Ja-Wort gegeben. Ganz in Rockstar-Manier ging es f\u00fcr die beiden nach Las Vegas in die White Chapel. Standen vor einigen Wochen noch alle Zeichen auf Trennung, so hat sich das Skandal-Paar jetzt \u00fcberraschend das Ja-Wort gegeben. Meine Meinung dazu wird euch \u00fcberraschen.","breadcrumb":{"@id":"https:\/\/fine-weddings.de\/blog\/hochzeit-verena-und-marc\/#breadcrumb"},"inLanguage":"de","potentialAction":[{"@type":"ReadAction","target":["https:\/\/fine-weddings.de\/blog\/hochzeit-verena-und-marc\/"]}]},{"@type":"BreadcrumbList","@id":"https:\/\/fine-weddings.de\/blog\/hochzeit-verena-und-marc\/#breadcrumb","itemListElement":[{"@type":"ListItem","position":1,"name":"Home","item":"https:\/\/fine-weddings.de\/blog\/"},{"@type":"ListItem","position":2,"name":"ERST HOCHZEIT DANN HORROR? Meine Gedanken zur Hochzeit von Verena Kerth und Marc Terenzi"}]},{"@type":"WebSite","@id":"https:\/\/fine-weddings.de\/blog\/#website","url":"https:\/\/fine-weddings.de\/blog\/","name":"FINE WEDDINGS BLOG","description":"Trends und News rund ums Heiraten","publisher":{"@id":"https:\/\/fine-weddings.de\/blog\/#organization"},"potentialAction":[{"@type":"SearchAction","target":{"@type":"EntryPoint","urlTemplate":"https:\/\/fine-weddings.de\/blog\/?s={search_term_string}"},"query-input":"required name=search_term_string"}],"inLanguage":"de"},{"@type":"Organization","@id":"https:\/\/fine-weddings.de\/blog\/#organization","name":"Fine Weddings & Parties","url":"https:\/\/fine-weddings.de\/blog\/","logo":{"@type":"ImageObject","inLanguage":"de","@id":"https:\/\/fine-weddings.de\/blog\/#\/schema\/logo\/image\/","url":"https:\/\/www.fine-weddings.de\/blog\/wp-content\/uploads\/2021\/05\/FW-Logo.png","contentUrl":"https:\/\/www.fine-weddings.de\/blog\/wp-content\/uploads\/2021\/05\/FW-Logo.png","width":500,"height":458,"caption":"Fine Weddings & Parties"},"image":{"@id":"https:\/\/fine-weddings.de\/blog\/#\/schema\/logo\/image\/"}},{"@type":"Person","@id":"https:\/\/fine-weddings.de\/blog\/#\/schema\/person\/428ddccb5a71ac2cb9fd1d22b99ce6e8","name":"Freya Matthiessen"}]}},"_links":{"self":[{"href":"https:\/\/fine-weddings.de\/blog\/wp-json\/wp\/v2\/posts\/17163"}],"collection":[{"href":"https:\/\/fine-weddings.de\/blog\/wp-json\/wp\/v2\/posts"}],"about":[{"href":"https:\/\/fine-weddings.de\/blog\/wp-json\/wp\/v2\/types\/post"}],"author":[{"embeddable":true,"href":"https:\/\/fine-weddings.de\/blog\/wp-json\/wp\/v2\/users\/5"}],"replies":[{"embeddable":true,"href":"https:\/\/fine-weddings.de\/blog\/wp-json\/wp\/v2\/comments?post=17163"}],"version-history":[{"count":2,"href":"https:\/\/fine-weddings.de\/blog\/wp-json\/wp\/v2\/posts\/17163\/revisions"}],"predecessor-version":[{"id":17165,"href":"https:\/\/fine-weddings.de\/blog\/wp-json\/wp\/v2\/posts\/17163\/revisions\/17165"}],"wp:featuredmedia":[{"embeddable":true,"href":"https:\/\/fine-weddings.de\/blog\/wp-json\/wp\/v2\/media\/17162"}],"wp:attachment":[{"href":"https:\/\/fine-weddings.de\/blog\/wp-json\/wp\/v2\/media?parent=17163"}],"wp:term":[{"taxonomy":"category","embeddable":true,"href":"https:\/\/fine-weddings.de\/blog\/wp-json\/wp\/v2\/categories?post=17163"},{"taxonomy":"post_tag","embeddable":true,"href":"https:\/\/fine-weddings.de\/blog\/wp-json\/wp\/v2\/tags?post=17163"}],"curies":[{"name":"wp","href":"https:\/\/api.w.org\/{rel}","templated":true}]}}