{"id":17071,"date":"2023-06-01T18:52:19","date_gmt":"2023-06-01T16:52:19","guid":{"rendered":"https:\/\/fine-weddings.de\/blog\/?p=17071"},"modified":"2023-06-02T15:51:00","modified_gmt":"2023-06-02T13:51:00","slug":"louisa-masciullo-heiratet-im-eigenen-garten","status":"publish","type":"post","link":"https:\/\/fine-weddings.de\/blog\/louisa-masciullo-heiratet-im-eigenen-garten\/","title":{"rendered":"GROSSE GEF\u00dcHLE IM GARTEN &#8211; Louisa Masciullo verzaubert ihren Fatih im eigenen Gr\u00fcn"},"content":{"rendered":"<section class=\"wpb-content-wrapper\"><p>[vc_row][vc_column]<div class=\"ult-spacer spacer-69f09d5521be4\" data-id=\"69f09d5521be4\" data-height=\"20\" data-height-mobile=\"20\" data-height-tab=\"\" data-height-tab-portrait=\"\" data-height-mobile-landscape=\"\" style=\"clear:both;display:block;\"><\/div>[vc_column_text]<\/p>\n<p style=\"font-weight: 400;\"><em>Endlich war es so weit: Ich durfte die erste Gartenhochzeit in diesem Jahr organisieren und das von keiner Geringeren, als Moderatorin, Unternehmerin und Star-Influencerin Louisa Masciullo. Die 24-J\u00e4hrige lie\u00df ihre Follower nat\u00fcrlich mit gr\u00f6\u00dfter Freude am Fest der Liebe teilhaben. Und da ihr sicherlich genauso neugierig seid, wie so ein Internet-Star heiratet, will ich auch von meiner Seite aus berichten. Denn von dieser Traumhochzeit k\u00f6nnt auch ihr euch so einiges abgucken.<\/em><\/p>\n<p>[\/vc_column_text][\/vc_column][\/vc_row][vc_row][vc_column][vc_single_image image=&#8220;17079&#8243; img_size=&#8220;full&#8220; alignment=&#8220;center&#8220;][\/vc_column][\/vc_row][vc_row][vc_column]<div class=\"ult-spacer spacer-69f09d5521bfa\" data-id=\"69f09d5521bfa\" data-height=\"20\" data-height-mobile=\"20\" data-height-tab=\"\" data-height-tab-portrait=\"\" data-height-mobile-landscape=\"\" style=\"clear:both;display:block;\"><\/div>[vc_column_text]<\/p>\n<p style=\"font-weight: 400;\"><strong>Ein Auftrag der besonderen Art<\/strong><\/p>\n<p style=\"font-weight: 400;\">Eines vorneweg: So simpel wie diese Aufgabe klingt \u2013 der Teufel steckt im Detail! Schlie\u00dflich planen wir hier keine handels\u00fcbliche Grillparty, sondern den sch\u00f6nsten Tag im Leben. Klar also: Profis m\u00fcssen ans Werk. Nat\u00fcrlich war meine Freude riesig, dass mich Louisa und ihr Gatte in Spe kontaktierten und wir uns auf ein erstes Gespr\u00e4ch trafen. Schon zuvor war ich ein gro\u00dfer Fan ihrer lustigen TikTok-Videos und auch im \u201eechten\u201c Leben ist Louisa alles andere als ein abgehobener Online-Star. Deswegen auch ihr Wunsch: Sie wollte f\u00fcr die freie Trauung keine luxuri\u00f6se Location, sondern ihren eigenen Garten, bevor sie mit ihrem t\u00fcrkischst\u00e4mmigen Gatten in seiner Heimat eine weitere Feier plant. Doch die rund 100 G\u00e4ste m\u00fcssen da erst einmal Platz finden.<\/p>\n<p>&nbsp;<\/p>\n<p style=\"font-weight: 400;\"><strong>So wird der eigene Garten zur Liebes-Oase<\/strong><\/p>\n<p style=\"font-weight: 400;\">Auch wenn ich mich wiederhole: Die perfekte Planung ist das A und O. W\u00e4hrend in einer Miet-Location bereits die K\u00fcche, das Geschirr, die M\u00f6bel, ausreichende Parkpl\u00e4tze und nicht zu vergessen die gewissen \u00d6rtlichkeiten vorhanden sind, ist der eigene Garten quasi eine leere Leinwand, die erst einmal Farbe annehmen muss. Wichtig: Auch wenn wir uns bereits im Gr\u00fcn befinden, empfehle ich auch hier eine \u00fcppige Blumen-Dekoration. F\u00fcr die romantischen M\u00f6bel und das stilechte Geschirr gibt es in Deutschland zahlreiche gro\u00dfartige Anbieter, die mein Team und ich mit Freude vermitteln. Gemeinsam entwarfen wir dann ein Konzept der Extraklasse. Und was soll ich sagen: Es war ein Traum!<\/p>\n<p>[\/vc_column_text][\/vc_column][\/vc_row][vc_row][vc_column][vc_single_image image=&#8220;17074&#8243; img_size=&#8220;full&#8220; alignment=&#8220;center&#8220;][vc_single_image image=&#8220;17072&#8243; img_size=&#8220;full&#8220; alignment=&#8220;center&#8220;][\/vc_column][\/vc_row][vc_row][vc_column]<div class=\"ult-spacer spacer-69f09d5521c06\" data-id=\"69f09d5521c06\" data-height=\"20\" data-height-mobile=\"20\" data-height-tab=\"\" data-height-tab-portrait=\"\" data-height-mobile-landscape=\"\" style=\"clear:both;display:block;\"><\/div>[vc_column_text]<\/p>\n<p style=\"font-weight: 400;\"><strong>Der Teufel steckt im Detail<\/strong><\/p>\n<p style=\"font-weight: 400;\">In unseren Gefilden wissen wir: Das Wetter kann uns gerne mal ein Schnippchen schlagen. Wichtig also: der Plan B! Auch wenn wir unseren sch\u00f6nsten Tag unter freiem Himmel verbringen wollen, so empfehle ich ein Zelt in der Hinterhand. Zudem m\u00fcsst ihr euch Gedanken machen, ob ihr das Fest mit oder ohne dem Nachwuchs eurer G\u00e4ste feiern wollt. Denn dann ist eine professionelle Kinderbetreuung ein Muss. Mami und Papi wollen schlie\u00dflich euren gro\u00dfen Tag genie\u00dfen und nicht dem Anhang hinterherjagen. Tabuthema Toiletten: Wenn ihr nicht wollt, dass alle G\u00e4ste durchs Haus laufen, gibt es ganz wunderbare Miet-Services. Und zu guter Letzt nicht zu vergessen: Sollten die Nachbarn nicht auf der G\u00e4steliste stehen, solltet ihr sie unbedingt darauf hinweisen, dass im eigenen Garten eine Hochzeit stattfindet und es gegebenenfalls auch zu fortgeschrittener Stunde etwas lauter werden k\u00f6nnte. Mit einem kleinen Pr\u00e4sent von Herzen, ist sicherlich auch der konservativste Nachbar schnell bes\u00e4nftigt!<\/p>\n<p>[\/vc_column_text][\/vc_column][\/vc_row][vc_row][vc_column][vc_single_image image=&#8220;17077&#8243; img_size=&#8220;full&#8220; alignment=&#8220;center&#8220;][vc_single_image image=&#8220;17076&#8243; img_size=&#8220;full&#8220; alignment=&#8220;center&#8220;][\/vc_column][\/vc_row][vc_row][vc_column]<div class=\"ult-spacer spacer-69f09d5521c1b\" data-id=\"69f09d5521c1b\" data-height=\"20\" data-height-mobile=\"20\" data-height-tab=\"\" data-height-tab-portrait=\"\" data-height-mobile-landscape=\"\" style=\"clear:both;display:block;\"><\/div>[vc_column_text]<\/p>\n<p style=\"font-weight: 400;\"><strong>Mein Zauberwort: der Eventflow!<\/strong><\/p>\n<p style=\"font-weight: 400;\">Fragt ihr mein Team, w\u00fcrde es euch best\u00e4tigen: mein absolutes Lieblingswort ist der Eventflow. Denn ohne ihn bringt auch die sch\u00f6nste Deko, die tollste Musik und das exklusivste Dinner nichts. Wenn sich die G\u00e4ste langweilen, ist schnell die Luft raus. Deswegen macht euch Gedanken, um den genauen Ablauf der Veranstaltung. Der Zeitplan sollte entspannt, aber dennoch straff sein. Ein Beispiel: Nach der freien Trauung unter freiem Himmel k\u00f6nnt ihr entweder noch Kaffee und Kuchen reichen oder direkt zum Champagner-Empfang mit Flying Fingerfood \u00fcbergehen. Untermalen k\u00f6nnt ihr das beispielsweise mit einem Gitarristen, der mit sanften Kl\u00e4ngen dem Garten das Gewisse Etwas verleiht. Zus\u00e4tzlich sorgt eine Bar mit Cocktail-K\u00fcnstlern, eine Fotobox, Live-Cooking-Stations oder sogar ein Popcorn- oder Eiswagen f\u00fcr ein tolles Flair. Nach dem Dinner sollte dann keine lange Pause mit langweiligen Reden entstehen. Setzt euren lieben Rednern also klare Grenzen. Tipp: Fragt bei der Einladung auch direkt nach den Lieblingssongs eurer G\u00e4ste \u2013 dann ist die Tanzfl\u00e4che im Handumdrehen gef\u00fcllt und einer rauschenden Partynacht steht nichts mehr im Wege!<\/p>\n<p>[\/vc_column_text][\/vc_column][\/vc_row][vc_row][vc_column][vc_column_text]<\/p>\n<p style=\"font-weight: 400;\">Wenn auch ihr eine Hochzeit im eigenen Garten feiern wollt: Mein Team und ich stehen euch mit Rat und Tat zur Seite. Schickt uns eine E-Mail an nm@fine-weddings.de<\/p>\n<p style=\"font-weight: 400;\">Alles Liebe,<\/p>\n<p style=\"font-weight: 400;\">Eure Nadine<\/p>\n<p><img decoding=\"async\" loading=\"lazy\" class=\"size-full wp-image-14578 alignnone alignleft\" src=\"https:\/\/fine-weddings.de\/wp-content\/uploads\/2015\/07\/2_Siegel_50x50.png\" alt=\"\" width=\"50\" height=\"50\" \/>[\/vc_column_text]<div class=\"ult-spacer spacer-69f09d5521c22\" data-id=\"69f09d5521c22\" data-height=\"20\" data-height-mobile=\"20\" data-height-tab=\"\" data-height-tab-portrait=\"\" data-height-mobile-landscape=\"\" style=\"clear:both;display:block;\"><\/div><div class=\"ult-spacer spacer-69f09d5521c2d\" data-id=\"69f09d5521c2d\" data-height=\"20\" data-height-mobile=\"20\" data-height-tab=\"\" data-height-tab-portrait=\"\" data-height-mobile-landscape=\"\" style=\"clear:both;display:block;\"><\/div><div class=\"ult-spacer spacer-69f09d5521c33\" data-id=\"69f09d5521c33\" data-height=\"20\" data-height-mobile=\"20\" data-height-tab=\"\" data-height-tab-portrait=\"\" data-height-mobile-landscape=\"\" style=\"clear:both;display:block;\"><\/div>[vc_column_text]Bildcredit: Hope Studio[\/vc_column_text][\/vc_column][\/vc_row][vc_row][vc_column width=&#8220;1\/2&#8243;]<div class=\"ult-spacer spacer-69f09d5521c39\" data-id=\"69f09d5521c39\" data-height=\"20\" data-height-mobile=\"20\" data-height-tab=\"\" data-height-tab-portrait=\"\" data-height-mobile-landscape=\"\" style=\"clear:both;display:block;\"><\/div><div class=\"ult-spacer spacer-69f09d5521c40\" data-id=\"69f09d5521c40\" data-height=\"20\" data-height-mobile=\"20\" data-height-tab=\"\" data-height-tab-portrait=\"\" data-height-mobile-landscape=\"\" style=\"clear:both;display:block;\"><\/div>[\/vc_column][vc_column width=&#8220;1\/2&#8243;]<div class=\"ult-spacer spacer-69f09d5521c4c\" data-id=\"69f09d5521c4c\" data-height=\"20\" data-height-mobile=\"20\" data-height-tab=\"\" data-height-tab-portrait=\"\" data-height-mobile-landscape=\"\" style=\"clear:both;display:block;\"><\/div><div class=\"ult-spacer spacer-69f09d5521c53\" data-id=\"69f09d5521c53\" data-height=\"20\" data-height-mobile=\"20\" data-height-tab=\"\" data-height-tab-portrait=\"\" data-height-mobile-landscape=\"\" style=\"clear:both;display:block;\"><\/div>[\/vc_column][\/vc_row]<\/p>\n<\/section>","protected":false},"excerpt":{"rendered":"<p>Endlich war es so weit: Ich durfte die erste Gartenhochzeit in diesem Jahr organisieren und das von keiner Geringeren, als Moderatorin, Unternehmerin und Star-Influencerin Louisa Masciullo. Die 24-J\u00e4hrige lie\u00df ihre Follower nat\u00fcrlich mit gr\u00f6\u00dfter Freude am Fest der Liebe teilhaben. Und da ihr sicherlich genauso neugierig seid, wie so ein Internet-Star heiratet, will ich auch von meiner Seite aus berichten. Denn von dieser Traumhochzeit k\u00f6nnt auch ihr euch so einiges abgucken.<\/p>\n","protected":false},"author":5,"featured_media":17079,"comment_status":"open","ping_status":"open","sticky":false,"template":"","format":"standard","meta":[],"categories":[69],"tags":[],"acf":[],"yoast_head":"<!-- This site is optimized with the Yoast SEO plugin v20.2 - https:\/\/yoast.com\/wordpress\/plugins\/seo\/ -->\n<title>GROSSE GEF\u00dcHLE IM GARTEN - Louisa Masciullo verzaubert ihren Fatih im eigenen Gr\u00fcn - FINE WEDDINGS BLOG<\/title>\n<meta name=\"description\" content=\"Endlich war es so weit: Ich durfte die erste Gartenhochzeit in diesem Jahr organisieren und das von keiner Geringeren, als Moderatorin, Unternehmerin und Star-Influencerin Louisa Masciullo. Die 24-J\u00e4hrige lie\u00df ihre Follower nat\u00fcrlich mit gr\u00f6\u00dfter Freude am Fest der Liebe teilhaben. Und da ihr sicherlich genauso neugierig seid, wie so ein Internet-Star heiratet, will ich auch von meiner Seite aus berichten. Denn von dieser Traumhochzeit k\u00f6nnt auch ihr euch so einiges abgucken.\" \/>\n<meta name=\"robots\" content=\"index, follow, max-snippet:-1, max-image-preview:large, max-video-preview:-1\" \/>\n<link rel=\"canonical\" href=\"https:\/\/fine-weddings.de\/blog\/louisa-masciullo-heiratet-im-eigenen-garten\/\" \/>\n<meta property=\"og:locale\" content=\"de_DE\" \/>\n<meta property=\"og:type\" content=\"article\" \/>\n<meta property=\"og:title\" content=\"GROSSE GEF\u00dcHLE IM GARTEN - Louisa Masciullo verzaubert ihren Fatih im eigenen Gr\u00fcn - FINE WEDDINGS BLOG\" \/>\n<meta property=\"og:description\" content=\"Endlich war es so weit: Ich durfte die erste Gartenhochzeit in diesem Jahr organisieren und das von keiner Geringeren, als Moderatorin, Unternehmerin und Star-Influencerin Louisa Masciullo. Die 24-J\u00e4hrige lie\u00df ihre Follower nat\u00fcrlich mit gr\u00f6\u00dfter Freude am Fest der Liebe teilhaben. Und da ihr sicherlich genauso neugierig seid, wie so ein Internet-Star heiratet, will ich auch von meiner Seite aus berichten. Denn von dieser Traumhochzeit k\u00f6nnt auch ihr euch so einiges abgucken.\" \/>\n<meta property=\"og:url\" content=\"https:\/\/fine-weddings.de\/blog\/louisa-masciullo-heiratet-im-eigenen-garten\/\" \/>\n<meta property=\"og:site_name\" content=\"FINE WEDDINGS BLOG\" \/>\n<meta property=\"article:published_time\" content=\"2023-06-01T16:52:19+00:00\" \/>\n<meta property=\"article:modified_time\" content=\"2023-06-02T13:51:00+00:00\" \/>\n<meta property=\"og:image\" content=\"https:\/\/fine-weddings.de\/blog\/wp-content\/uploads\/2023\/06\/Louisa-Fatih-157-e1689872408698-1024x683.jpg\" \/>\n\t<meta property=\"og:image:width\" content=\"1024\" \/>\n\t<meta property=\"og:image:height\" content=\"683\" \/>\n\t<meta property=\"og:image:type\" content=\"image\/jpeg\" \/>\n<meta name=\"author\" content=\"Freya Matthiessen\" \/>\n<meta name=\"twitter:card\" content=\"summary_large_image\" \/>\n<meta name=\"twitter:label1\" content=\"Verfasst von\" \/>\n\t<meta name=\"twitter:data1\" content=\"Freya Matthiessen\" \/>\n\t<meta name=\"twitter:label2\" content=\"Gesch\u00e4tzte Lesezeit\" \/>\n\t<meta name=\"twitter:data2\" content=\"5\u00a0Minuten\" \/>\n<script type=\"application\/ld+json\" class=\"yoast-schema-graph\">{\"@context\":\"https:\/\/schema.org\",\"@graph\":[{\"@type\":\"Article\",\"@id\":\"https:\/\/fine-weddings.de\/blog\/louisa-masciullo-heiratet-im-eigenen-garten\/#article\",\"isPartOf\":{\"@id\":\"https:\/\/fine-weddings.de\/blog\/louisa-masciullo-heiratet-im-eigenen-garten\/\"},\"author\":{\"name\":\"Freya Matthiessen\",\"@id\":\"https:\/\/fine-weddings.de\/blog\/#\/schema\/person\/428ddccb5a71ac2cb9fd1d22b99ce6e8\"},\"headline\":\"GROSSE GEF\u00dcHLE IM GARTEN &#8211; Louisa Masciullo verzaubert ihren Fatih im eigenen Gr\u00fcn\",\"datePublished\":\"2023-06-01T16:52:19+00:00\",\"dateModified\":\"2023-06-02T13:51:00+00:00\",\"mainEntityOfPage\":{\"@id\":\"https:\/\/fine-weddings.de\/blog\/louisa-masciullo-heiratet-im-eigenen-garten\/\"},\"wordCount\":957,\"commentCount\":0,\"publisher\":{\"@id\":\"https:\/\/fine-weddings.de\/blog\/#organization\"},\"articleSection\":[\"News\"],\"inLanguage\":\"de\",\"potentialAction\":[{\"@type\":\"CommentAction\",\"name\":\"Comment\",\"target\":[\"https:\/\/fine-weddings.de\/blog\/louisa-masciullo-heiratet-im-eigenen-garten\/#respond\"]}]},{\"@type\":\"WebPage\",\"@id\":\"https:\/\/fine-weddings.de\/blog\/louisa-masciullo-heiratet-im-eigenen-garten\/\",\"url\":\"https:\/\/fine-weddings.de\/blog\/louisa-masciullo-heiratet-im-eigenen-garten\/\",\"name\":\"GROSSE GEF\u00dcHLE IM GARTEN - Louisa Masciullo verzaubert ihren Fatih im eigenen Gr\u00fcn - FINE WEDDINGS BLOG\",\"isPartOf\":{\"@id\":\"https:\/\/fine-weddings.de\/blog\/#website\"},\"datePublished\":\"2023-06-01T16:52:19+00:00\",\"dateModified\":\"2023-06-02T13:51:00+00:00\",\"description\":\"Endlich war es so weit: Ich durfte die erste Gartenhochzeit in diesem Jahr organisieren und das von keiner Geringeren, als Moderatorin, Unternehmerin und Star-Influencerin Louisa Masciullo. Die 24-J\u00e4hrige lie\u00df ihre Follower nat\u00fcrlich mit gr\u00f6\u00dfter Freude am Fest der Liebe teilhaben. Und da ihr sicherlich genauso neugierig seid, wie so ein Internet-Star heiratet, will ich auch von meiner Seite aus berichten. Denn von dieser Traumhochzeit k\u00f6nnt auch ihr euch so einiges abgucken.\",\"breadcrumb\":{\"@id\":\"https:\/\/fine-weddings.de\/blog\/louisa-masciullo-heiratet-im-eigenen-garten\/#breadcrumb\"},\"inLanguage\":\"de\",\"potentialAction\":[{\"@type\":\"ReadAction\",\"target\":[\"https:\/\/fine-weddings.de\/blog\/louisa-masciullo-heiratet-im-eigenen-garten\/\"]}]},{\"@type\":\"BreadcrumbList\",\"@id\":\"https:\/\/fine-weddings.de\/blog\/louisa-masciullo-heiratet-im-eigenen-garten\/#breadcrumb\",\"itemListElement\":[{\"@type\":\"ListItem\",\"position\":1,\"name\":\"Home\",\"item\":\"https:\/\/fine-weddings.de\/blog\/\"},{\"@type\":\"ListItem\",\"position\":2,\"name\":\"GROSSE GEF\u00dcHLE IM GARTEN &#8211; Louisa Masciullo verzaubert ihren Fatih im eigenen Gr\u00fcn\"}]},{\"@type\":\"WebSite\",\"@id\":\"https:\/\/fine-weddings.de\/blog\/#website\",\"url\":\"https:\/\/fine-weddings.de\/blog\/\",\"name\":\"FINE WEDDINGS BLOG\",\"description\":\"Trends und News rund ums Heiraten\",\"publisher\":{\"@id\":\"https:\/\/fine-weddings.de\/blog\/#organization\"},\"potentialAction\":[{\"@type\":\"SearchAction\",\"target\":{\"@type\":\"EntryPoint\",\"urlTemplate\":\"https:\/\/fine-weddings.de\/blog\/?s={search_term_string}\"},\"query-input\":\"required name=search_term_string\"}],\"inLanguage\":\"de\"},{\"@type\":\"Organization\",\"@id\":\"https:\/\/fine-weddings.de\/blog\/#organization\",\"name\":\"Fine Weddings & Parties\",\"url\":\"https:\/\/fine-weddings.de\/blog\/\",\"logo\":{\"@type\":\"ImageObject\",\"inLanguage\":\"de\",\"@id\":\"https:\/\/fine-weddings.de\/blog\/#\/schema\/logo\/image\/\",\"url\":\"https:\/\/www.fine-weddings.de\/blog\/wp-content\/uploads\/2021\/05\/FW-Logo.png\",\"contentUrl\":\"https:\/\/www.fine-weddings.de\/blog\/wp-content\/uploads\/2021\/05\/FW-Logo.png\",\"width\":500,\"height\":458,\"caption\":\"Fine Weddings & Parties\"},\"image\":{\"@id\":\"https:\/\/fine-weddings.de\/blog\/#\/schema\/logo\/image\/\"}},{\"@type\":\"Person\",\"@id\":\"https:\/\/fine-weddings.de\/blog\/#\/schema\/person\/428ddccb5a71ac2cb9fd1d22b99ce6e8\",\"name\":\"Freya Matthiessen\"}]}<\/script>\n<!-- \/ Yoast SEO plugin. -->","yoast_head_json":{"title":"GROSSE GEF\u00dcHLE IM GARTEN - Louisa Masciullo verzaubert ihren Fatih im eigenen Gr\u00fcn - FINE WEDDINGS BLOG","description":"Endlich war es so weit: Ich durfte die erste Gartenhochzeit in diesem Jahr organisieren und das von keiner Geringeren, als Moderatorin, Unternehmerin und Star-Influencerin Louisa Masciullo. Die 24-J\u00e4hrige lie\u00df ihre Follower nat\u00fcrlich mit gr\u00f6\u00dfter Freude am Fest der Liebe teilhaben. Und da ihr sicherlich genauso neugierig seid, wie so ein Internet-Star heiratet, will ich auch von meiner Seite aus berichten. Denn von dieser Traumhochzeit k\u00f6nnt auch ihr euch so einiges abgucken.","robots":{"index":"index","follow":"follow","max-snippet":"max-snippet:-1","max-image-preview":"max-image-preview:large","max-video-preview":"max-video-preview:-1"},"canonical":"https:\/\/fine-weddings.de\/blog\/louisa-masciullo-heiratet-im-eigenen-garten\/","og_locale":"de_DE","og_type":"article","og_title":"GROSSE GEF\u00dcHLE IM GARTEN - Louisa Masciullo verzaubert ihren Fatih im eigenen Gr\u00fcn - FINE WEDDINGS BLOG","og_description":"Endlich war es so weit: Ich durfte die erste Gartenhochzeit in diesem Jahr organisieren und das von keiner Geringeren, als Moderatorin, Unternehmerin und Star-Influencerin Louisa Masciullo. Die 24-J\u00e4hrige lie\u00df ihre Follower nat\u00fcrlich mit gr\u00f6\u00dfter Freude am Fest der Liebe teilhaben. Und da ihr sicherlich genauso neugierig seid, wie so ein Internet-Star heiratet, will ich auch von meiner Seite aus berichten. Denn von dieser Traumhochzeit k\u00f6nnt auch ihr euch so einiges abgucken.","og_url":"https:\/\/fine-weddings.de\/blog\/louisa-masciullo-heiratet-im-eigenen-garten\/","og_site_name":"FINE WEDDINGS BLOG","article_published_time":"2023-06-01T16:52:19+00:00","article_modified_time":"2023-06-02T13:51:00+00:00","og_image":[{"width":1024,"height":683,"url":"https:\/\/fine-weddings.de\/blog\/wp-content\/uploads\/2023\/06\/Louisa-Fatih-157-e1689872408698-1024x683.jpg","type":"image\/jpeg"}],"author":"Freya Matthiessen","twitter_card":"summary_large_image","twitter_misc":{"Verfasst von":"Freya Matthiessen","Gesch\u00e4tzte Lesezeit":"5\u00a0Minuten"},"schema":{"@context":"https:\/\/schema.org","@graph":[{"@type":"Article","@id":"https:\/\/fine-weddings.de\/blog\/louisa-masciullo-heiratet-im-eigenen-garten\/#article","isPartOf":{"@id":"https:\/\/fine-weddings.de\/blog\/louisa-masciullo-heiratet-im-eigenen-garten\/"},"author":{"name":"Freya Matthiessen","@id":"https:\/\/fine-weddings.de\/blog\/#\/schema\/person\/428ddccb5a71ac2cb9fd1d22b99ce6e8"},"headline":"GROSSE GEF\u00dcHLE IM GARTEN &#8211; Louisa Masciullo verzaubert ihren Fatih im eigenen Gr\u00fcn","datePublished":"2023-06-01T16:52:19+00:00","dateModified":"2023-06-02T13:51:00+00:00","mainEntityOfPage":{"@id":"https:\/\/fine-weddings.de\/blog\/louisa-masciullo-heiratet-im-eigenen-garten\/"},"wordCount":957,"commentCount":0,"publisher":{"@id":"https:\/\/fine-weddings.de\/blog\/#organization"},"articleSection":["News"],"inLanguage":"de","potentialAction":[{"@type":"CommentAction","name":"Comment","target":["https:\/\/fine-weddings.de\/blog\/louisa-masciullo-heiratet-im-eigenen-garten\/#respond"]}]},{"@type":"WebPage","@id":"https:\/\/fine-weddings.de\/blog\/louisa-masciullo-heiratet-im-eigenen-garten\/","url":"https:\/\/fine-weddings.de\/blog\/louisa-masciullo-heiratet-im-eigenen-garten\/","name":"GROSSE GEF\u00dcHLE IM GARTEN - Louisa Masciullo verzaubert ihren Fatih im eigenen Gr\u00fcn - FINE WEDDINGS BLOG","isPartOf":{"@id":"https:\/\/fine-weddings.de\/blog\/#website"},"datePublished":"2023-06-01T16:52:19+00:00","dateModified":"2023-06-02T13:51:00+00:00","description":"Endlich war es so weit: Ich durfte die erste Gartenhochzeit in diesem Jahr organisieren und das von keiner Geringeren, als Moderatorin, Unternehmerin und Star-Influencerin Louisa Masciullo. Die 24-J\u00e4hrige lie\u00df ihre Follower nat\u00fcrlich mit gr\u00f6\u00dfter Freude am Fest der Liebe teilhaben. Und da ihr sicherlich genauso neugierig seid, wie so ein Internet-Star heiratet, will ich auch von meiner Seite aus berichten. Denn von dieser Traumhochzeit k\u00f6nnt auch ihr euch so einiges abgucken.","breadcrumb":{"@id":"https:\/\/fine-weddings.de\/blog\/louisa-masciullo-heiratet-im-eigenen-garten\/#breadcrumb"},"inLanguage":"de","potentialAction":[{"@type":"ReadAction","target":["https:\/\/fine-weddings.de\/blog\/louisa-masciullo-heiratet-im-eigenen-garten\/"]}]},{"@type":"BreadcrumbList","@id":"https:\/\/fine-weddings.de\/blog\/louisa-masciullo-heiratet-im-eigenen-garten\/#breadcrumb","itemListElement":[{"@type":"ListItem","position":1,"name":"Home","item":"https:\/\/fine-weddings.de\/blog\/"},{"@type":"ListItem","position":2,"name":"GROSSE GEF\u00dcHLE IM GARTEN &#8211; Louisa Masciullo verzaubert ihren Fatih im eigenen Gr\u00fcn"}]},{"@type":"WebSite","@id":"https:\/\/fine-weddings.de\/blog\/#website","url":"https:\/\/fine-weddings.de\/blog\/","name":"FINE WEDDINGS BLOG","description":"Trends und News rund ums Heiraten","publisher":{"@id":"https:\/\/fine-weddings.de\/blog\/#organization"},"potentialAction":[{"@type":"SearchAction","target":{"@type":"EntryPoint","urlTemplate":"https:\/\/fine-weddings.de\/blog\/?s={search_term_string}"},"query-input":"required name=search_term_string"}],"inLanguage":"de"},{"@type":"Organization","@id":"https:\/\/fine-weddings.de\/blog\/#organization","name":"Fine Weddings & Parties","url":"https:\/\/fine-weddings.de\/blog\/","logo":{"@type":"ImageObject","inLanguage":"de","@id":"https:\/\/fine-weddings.de\/blog\/#\/schema\/logo\/image\/","url":"https:\/\/www.fine-weddings.de\/blog\/wp-content\/uploads\/2021\/05\/FW-Logo.png","contentUrl":"https:\/\/www.fine-weddings.de\/blog\/wp-content\/uploads\/2021\/05\/FW-Logo.png","width":500,"height":458,"caption":"Fine Weddings & Parties"},"image":{"@id":"https:\/\/fine-weddings.de\/blog\/#\/schema\/logo\/image\/"}},{"@type":"Person","@id":"https:\/\/fine-weddings.de\/blog\/#\/schema\/person\/428ddccb5a71ac2cb9fd1d22b99ce6e8","name":"Freya Matthiessen"}]}},"_links":{"self":[{"href":"https:\/\/fine-weddings.de\/blog\/wp-json\/wp\/v2\/posts\/17071"}],"collection":[{"href":"https:\/\/fine-weddings.de\/blog\/wp-json\/wp\/v2\/posts"}],"about":[{"href":"https:\/\/fine-weddings.de\/blog\/wp-json\/wp\/v2\/types\/post"}],"author":[{"embeddable":true,"href":"https:\/\/fine-weddings.de\/blog\/wp-json\/wp\/v2\/users\/5"}],"replies":[{"embeddable":true,"href":"https:\/\/fine-weddings.de\/blog\/wp-json\/wp\/v2\/comments?post=17071"}],"version-history":[{"count":2,"href":"https:\/\/fine-weddings.de\/blog\/wp-json\/wp\/v2\/posts\/17071\/revisions"}],"predecessor-version":[{"id":17081,"href":"https:\/\/fine-weddings.de\/blog\/wp-json\/wp\/v2\/posts\/17071\/revisions\/17081"}],"wp:featuredmedia":[{"embeddable":true,"href":"https:\/\/fine-weddings.de\/blog\/wp-json\/wp\/v2\/media\/17079"}],"wp:attachment":[{"href":"https:\/\/fine-weddings.de\/blog\/wp-json\/wp\/v2\/media?parent=17071"}],"wp:term":[{"taxonomy":"category","embeddable":true,"href":"https:\/\/fine-weddings.de\/blog\/wp-json\/wp\/v2\/categories?post=17071"},{"taxonomy":"post_tag","embeddable":true,"href":"https:\/\/fine-weddings.de\/blog\/wp-json\/wp\/v2\/tags?post=17071"}],"curies":[{"name":"wp","href":"https:\/\/api.w.org\/{rel}","templated":true}]}}