{"id":17043,"date":"2023-04-27T17:24:15","date_gmt":"2023-04-27T15:24:15","guid":{"rendered":"https:\/\/fine-weddings.de\/blog\/?p=17043"},"modified":"2023-04-30T22:16:34","modified_gmt":"2023-04-30T20:16:34","slug":"viva-magenta-trendfarbe-2023","status":"publish","type":"post","link":"https:\/\/fine-weddings.de\/blog\/viva-magenta-trendfarbe-2023\/","title":{"rendered":"VIVA MAGENTA \u2013 ES LEBE DIE LIEBE! Die Trendfarbe h\u00e4lt Einzug in die Hochzeitsbranche"},"content":{"rendered":"<section class=\"wpb-content-wrapper\"><p>[vc_row][vc_column]<div class=\"ult-spacer spacer-69f09d06821a7\" data-id=\"69f09d06821a7\" data-height=\"20\" data-height-mobile=\"20\" data-height-tab=\"\" data-height-tab-portrait=\"\" data-height-mobile-landscape=\"\" style=\"clear:both;display:block;\"><\/div>[vc_column_text]<\/p>\n<div><i>Das Thema \u201eFarbwelt\u201c ist eines der wichtigen Themen bei der Hochzeitsplanung. Mein absolutes Highlight in diesem Jahr: Die Pantone-<\/i><i>Farbe des Jahres \u2013 Viva Magenta. Wie ihr den Trend gekonnt stylt? Ich begab mich f\u00fcr euch auf Farb-Forschung.<\/i><\/div>\n<p>[\/vc_column_text][\/vc_column][\/vc_row][vc_row][vc_column][vc_single_image image=&#8220;17046&#8243; img_size=&#8220;full&#8220; alignment=&#8220;center&#8220;][\/vc_column][\/vc_row][vc_row][vc_column]<div class=\"ult-spacer spacer-69f09d06821b8\" data-id=\"69f09d06821b8\" data-height=\"20\" data-height-mobile=\"20\" data-height-tab=\"\" data-height-tab-portrait=\"\" data-height-mobile-landscape=\"\" style=\"clear:both;display:block;\"><\/div>[vc_column_text]<\/p>\n<p style=\"font-weight: 400;\"><strong>Die Macht der Farbe <\/strong><\/p>\n<p style=\"font-weight: 400;\">Seit 1999 bestimmt das amerikanische Pantone\u00ae Color Institute jedes Jahr die Farbe, die dann mindestens ein Jahr lang auch unsere Konsumg\u00fcter mitbestimmt. Aus einer Masse an weltweit gesammelten Informationen legen Trendforschern sie dann fest. Doch die Farbe kann mehr als \u201enur\u201c Trend sein. Sie bestimmt unser Verhalten und unsere Stimmung. Vor allem auf einer Hochzeit ist sie deswegen ma\u00dfgeblich f\u00fcr den Erfolg eines Festes entscheidend. Farbpsychologen verbinden mit Magenta Eigenschaften wie Idealismus, Dankbarkeit und Mitgef\u00fchl. Da sie aus der Farbfamilie der Rott\u00f6ne kommt, wird ihr zudem Liebe und Leidenschaft nachgesagt. Rote Farbt\u00f6ne strahlen zudem W\u00e4rme und Geborgenheit aus \u2013 f\u00fcr die Raumgestaltung also ein wahrer Gl\u00fccksgriff!<\/p>\n<p style=\"font-weight: 400;\"><strong>Pinke Power<\/strong><\/p>\n<p style=\"font-weight: 400;\">\u201eDie Pantone\u2019s Color of The Year, Viva Magenta 18-750, ist voller Leben und Leidenschaft. Eine Farbe aus der Familie der Rott\u00f6ne, die in der Natur verwurzelt ist und ein neues Signal der St\u00e4rke aussendet. Viva Magenta ist mutig und furchtlos, eine \u00fcberschw\u00e4ngliche, pulsierende Farbe, die Freude und Optimismus ausstrahlt und ein neues Kapitel aufschl\u00e4gt.\u201c \u2013 Das schreibt das Pantone\u00ae-Farbinstitut \u00fcber die Farbe des Jahres 2023. Und weiter: \u201eViva Magenta ist ein elektrisierender und unb\u00e4ndiger Farbton, ein markantes Statement, das alle mit der gleichen Lebensfreude und dem gleichen rebellischen Temperament begr\u00fc\u00dft. Es ist eine gewagte Farbe, voll Witz und Humor, die alle einbezieht.\u201c Allein die Beschreibung lie\u00df mich also aufhorchen und mir war sofort klar: Viva Magenta ist DIE Farbe f\u00fcr Verliebte!<\/p>\n<p>[\/vc_column_text][\/vc_column][\/vc_row][vc_row][vc_column][vc_single_image image=&#8220;17048&#8243; img_size=&#8220;full&#8220; alignment=&#8220;center&#8220;][vc_single_image image=&#8220;17052&#8243; img_size=&#8220;full&#8220; alignment=&#8220;center&#8220;][\/vc_column][\/vc_row][vc_row][vc_column]<div class=\"ult-spacer spacer-69f09d06821c2\" data-id=\"69f09d06821c2\" data-height=\"20\" data-height-mobile=\"20\" data-height-tab=\"\" data-height-tab-portrait=\"\" data-height-mobile-landscape=\"\" style=\"clear:both;display:block;\"><\/div>[vc_column_text]<\/p>\n<p style=\"font-weight: 400;\"><strong>Wo kommt die Farbe zum Einsatz?<\/strong><\/p>\n<p style=\"font-weight: 400;\">Die Dosis macht den Unterschied. Fest steht aber: Zuviel Magenta kann den Raum schnell \u00fcberladen, deswegen empfehle ich gekonnte Akzente: Ob in der Blumen-Deko, als Schriftzug in den Men\u00fc- und Einladungskarten oder in Form von Servietten \u2013 Magenta kann in geringen Dosen unendlich oft aufgegriffen werden. Wie w\u00e4re zum Beispiel ein k\u00f6stlicher Aperitif in der Trendfarbe? Auch eine Leuchtschrift an der Wand, der samtig anmutende Teppich oder gar das Einstecktuch des Br\u00e4utigams k\u00f6nnen hervorragend als Stilmittel genutzt werden. Erst k\u00fcrzlich planten mein Team und ich von \u201eFine Weddings &amp; Parties\u201c eine Trauung im wundersch\u00f6nen Ostsee-Resort Wei\u00dfenhaus. Auch dort war Viva Magenta ein absolutes Highlight. Nicht nur das Brautpaar, sondern auch die G\u00e4ste waren f\u00f6rmlich elektrisiert und die Hochzeit wurde zu einer rauschenden Partynacht.<\/p>\n<p>[\/vc_column_text][\/vc_column][\/vc_row][vc_row][vc_column][vc_single_image image=&#8220;17049&#8243; img_size=&#8220;full&#8220; alignment=&#8220;center&#8220;][vc_single_image image=&#8220;17047&#8243; img_size=&#8220;full&#8220; alignment=&#8220;center&#8220;][\/vc_column][\/vc_row][vc_row][vc_column]<div class=\"ult-spacer spacer-69f09d06821ca\" data-id=\"69f09d06821ca\" data-height=\"20\" data-height-mobile=\"20\" data-height-tab=\"\" data-height-tab-portrait=\"\" data-height-mobile-landscape=\"\" style=\"clear:both;display:block;\"><\/div>[\/vc_column][\/vc_row][vc_row][vc_column][vc_column_text]<\/p>\n<p style=\"font-weight: 400;\">Wenn auch ihr ein Fest der Farben feiern wollt: Mein Team und ich stehen euch mit Rat und Tat zur Seite. In diesem Sinne: Think Pink!<\/p>\n<p style=\"font-weight: 400;\">Alles Liebe,<\/p>\n<p style=\"font-weight: 400;\">Eure Nadine<\/p>\n<p><img decoding=\"async\" loading=\"lazy\" class=\"size-full wp-image-14578 alignnone alignleft\" src=\"https:\/\/fine-weddings.de\/wp-content\/uploads\/2015\/07\/2_Siegel_50x50.png\" alt=\"\" width=\"50\" height=\"50\" \/>[\/vc_column_text]<div class=\"ult-spacer spacer-69f09d06821d1\" data-id=\"69f09d06821d1\" data-height=\"20\" data-height-mobile=\"20\" data-height-tab=\"\" data-height-tab-portrait=\"\" data-height-mobile-landscape=\"\" style=\"clear:both;display:block;\"><\/div><div class=\"ult-spacer spacer-69f09d06821d7\" data-id=\"69f09d06821d7\" data-height=\"20\" data-height-mobile=\"20\" data-height-tab=\"\" data-height-tab-portrait=\"\" data-height-mobile-landscape=\"\" style=\"clear:both;display:block;\"><\/div><div class=\"ult-spacer spacer-69f09d06821dd\" data-id=\"69f09d06821dd\" data-height=\"20\" data-height-mobile=\"20\" data-height-tab=\"\" data-height-tab-portrait=\"\" data-height-mobile-landscape=\"\" style=\"clear:both;display:block;\"><\/div>[vc_column_text]Bildcredit: F\u00fcr Immer Wir Fotografie[\/vc_column_text][\/vc_column][\/vc_row][vc_row][vc_column width=&#8220;1\/2&#8243;]<div class=\"ult-spacer spacer-69f09d06821e3\" data-id=\"69f09d06821e3\" data-height=\"20\" data-height-mobile=\"20\" data-height-tab=\"\" data-height-tab-portrait=\"\" data-height-mobile-landscape=\"\" style=\"clear:both;display:block;\"><\/div><div class=\"ult-spacer spacer-69f09d06821e9\" data-id=\"69f09d06821e9\" data-height=\"20\" data-height-mobile=\"20\" data-height-tab=\"\" data-height-tab-portrait=\"\" data-height-mobile-landscape=\"\" style=\"clear:both;display:block;\"><\/div>[\/vc_column][vc_column width=&#8220;1\/2&#8243;]<div class=\"ult-spacer spacer-69f09d06821f2\" data-id=\"69f09d06821f2\" data-height=\"20\" data-height-mobile=\"20\" data-height-tab=\"\" data-height-tab-portrait=\"\" data-height-mobile-landscape=\"\" style=\"clear:both;display:block;\"><\/div><div class=\"ult-spacer spacer-69f09d06821f8\" data-id=\"69f09d06821f8\" data-height=\"20\" data-height-mobile=\"20\" data-height-tab=\"\" data-height-tab-portrait=\"\" data-height-mobile-landscape=\"\" style=\"clear:both;display:block;\"><\/div>[\/vc_column][\/vc_row]<\/p>\n<\/section>","protected":false},"excerpt":{"rendered":"<p>Das Thema \u201eFarbwelt\u201c ist eines der wichtigen Themen bei der Hochzeitsplanung. Mein absolutes Highlight in diesem Jahr: Die Pantone\u00aeFarbe des Jahres \u2013 Viva Magenta. Wie ihr den Trend gekonnt stylt? Ich begab mich f\u00fcr euch auf Farb-Forschung.<\/p>\n","protected":false},"author":5,"featured_media":17053,"comment_status":"open","ping_status":"open","sticky":false,"template":"","format":"standard","meta":[],"categories":[69],"tags":[],"acf":[],"yoast_head":"<!-- This site is optimized with the Yoast SEO plugin v20.2 - https:\/\/yoast.com\/wordpress\/plugins\/seo\/ -->\n<title>VIVA MAGENTA \u2013 ES LEBE DIE LIEBE! Die Trendfarbe h\u00e4lt Einzug in die Hochzeitsbranche - FINE WEDDINGS BLOG<\/title>\n<meta name=\"description\" content=\"Das Thema \u201eFarbwelt\u201c ist eines der wichtigen Themen bei der Hochzeitsplanung. Mein absolutes Highlight in diesem Jahr: Die Pantone\u00aeFarbe des Jahres \u2013 Viva Magenta. Wie ihr den Trend gekonnt stylt? Ich begab mich f\u00fcr euch auf Farb-Forschung.\" \/>\n<meta name=\"robots\" content=\"index, follow, max-snippet:-1, max-image-preview:large, max-video-preview:-1\" \/>\n<link rel=\"canonical\" href=\"https:\/\/fine-weddings.de\/blog\/viva-magenta-trendfarbe-2023\/\" \/>\n<meta property=\"og:locale\" content=\"de_DE\" \/>\n<meta property=\"og:type\" content=\"article\" \/>\n<meta property=\"og:title\" content=\"VIVA MAGENTA \u2013 ES LEBE DIE LIEBE! Die Trendfarbe h\u00e4lt Einzug in die Hochzeitsbranche - FINE WEDDINGS BLOG\" \/>\n<meta property=\"og:description\" content=\"Das Thema \u201eFarbwelt\u201c ist eines der wichtigen Themen bei der Hochzeitsplanung. Mein absolutes Highlight in diesem Jahr: Die Pantone\u00aeFarbe des Jahres \u2013 Viva Magenta. Wie ihr den Trend gekonnt stylt? Ich begab mich f\u00fcr euch auf Farb-Forschung.\" \/>\n<meta property=\"og:url\" content=\"https:\/\/fine-weddings.de\/blog\/viva-magenta-trendfarbe-2023\/\" \/>\n<meta property=\"og:site_name\" content=\"FINE WEDDINGS BLOG\" \/>\n<meta property=\"article:published_time\" content=\"2023-04-27T15:24:15+00:00\" \/>\n<meta property=\"article:modified_time\" content=\"2023-04-30T20:16:34+00:00\" \/>\n<meta property=\"og:image\" content=\"https:\/\/fine-weddings.de\/blog\/wp-content\/uploads\/2023\/04\/Bildschirmfoto-2023-04-30-um-22.14.12.png\" \/>\n\t<meta property=\"og:image:width\" content=\"806\" \/>\n\t<meta property=\"og:image:height\" content=\"850\" \/>\n\t<meta property=\"og:image:type\" content=\"image\/png\" \/>\n<meta name=\"author\" content=\"Freya Matthiessen\" \/>\n<meta name=\"twitter:card\" content=\"summary_large_image\" \/>\n<meta name=\"twitter:label1\" content=\"Verfasst von\" \/>\n\t<meta name=\"twitter:data1\" content=\"Freya Matthiessen\" \/>\n\t<meta name=\"twitter:label2\" content=\"Gesch\u00e4tzte Lesezeit\" \/>\n\t<meta name=\"twitter:data2\" content=\"3\u00a0Minuten\" \/>\n<script type=\"application\/ld+json\" class=\"yoast-schema-graph\">{\"@context\":\"https:\/\/schema.org\",\"@graph\":[{\"@type\":\"Article\",\"@id\":\"https:\/\/fine-weddings.de\/blog\/viva-magenta-trendfarbe-2023\/#article\",\"isPartOf\":{\"@id\":\"https:\/\/fine-weddings.de\/blog\/viva-magenta-trendfarbe-2023\/\"},\"author\":{\"name\":\"Freya Matthiessen\",\"@id\":\"https:\/\/fine-weddings.de\/blog\/#\/schema\/person\/428ddccb5a71ac2cb9fd1d22b99ce6e8\"},\"headline\":\"VIVA MAGENTA \u2013 ES LEBE DIE LIEBE! Die Trendfarbe h\u00e4lt Einzug in die Hochzeitsbranche\",\"datePublished\":\"2023-04-27T15:24:15+00:00\",\"dateModified\":\"2023-04-30T20:16:34+00:00\",\"mainEntityOfPage\":{\"@id\":\"https:\/\/fine-weddings.de\/blog\/viva-magenta-trendfarbe-2023\/\"},\"wordCount\":692,\"commentCount\":0,\"publisher\":{\"@id\":\"https:\/\/fine-weddings.de\/blog\/#organization\"},\"articleSection\":[\"News\"],\"inLanguage\":\"de\",\"potentialAction\":[{\"@type\":\"CommentAction\",\"name\":\"Comment\",\"target\":[\"https:\/\/fine-weddings.de\/blog\/viva-magenta-trendfarbe-2023\/#respond\"]}]},{\"@type\":\"WebPage\",\"@id\":\"https:\/\/fine-weddings.de\/blog\/viva-magenta-trendfarbe-2023\/\",\"url\":\"https:\/\/fine-weddings.de\/blog\/viva-magenta-trendfarbe-2023\/\",\"name\":\"VIVA MAGENTA \u2013 ES LEBE DIE LIEBE! Die Trendfarbe h\u00e4lt Einzug in die Hochzeitsbranche - FINE WEDDINGS BLOG\",\"isPartOf\":{\"@id\":\"https:\/\/fine-weddings.de\/blog\/#website\"},\"datePublished\":\"2023-04-27T15:24:15+00:00\",\"dateModified\":\"2023-04-30T20:16:34+00:00\",\"description\":\"Das Thema \u201eFarbwelt\u201c ist eines der wichtigen Themen bei der Hochzeitsplanung. Mein absolutes Highlight in diesem Jahr: Die Pantone\u00aeFarbe des Jahres \u2013 Viva Magenta. Wie ihr den Trend gekonnt stylt? Ich begab mich f\u00fcr euch auf Farb-Forschung.\",\"breadcrumb\":{\"@id\":\"https:\/\/fine-weddings.de\/blog\/viva-magenta-trendfarbe-2023\/#breadcrumb\"},\"inLanguage\":\"de\",\"potentialAction\":[{\"@type\":\"ReadAction\",\"target\":[\"https:\/\/fine-weddings.de\/blog\/viva-magenta-trendfarbe-2023\/\"]}]},{\"@type\":\"BreadcrumbList\",\"@id\":\"https:\/\/fine-weddings.de\/blog\/viva-magenta-trendfarbe-2023\/#breadcrumb\",\"itemListElement\":[{\"@type\":\"ListItem\",\"position\":1,\"name\":\"Home\",\"item\":\"https:\/\/fine-weddings.de\/blog\/\"},{\"@type\":\"ListItem\",\"position\":2,\"name\":\"VIVA MAGENTA \u2013 ES LEBE DIE LIEBE! Die Trendfarbe h\u00e4lt Einzug in die Hochzeitsbranche\"}]},{\"@type\":\"WebSite\",\"@id\":\"https:\/\/fine-weddings.de\/blog\/#website\",\"url\":\"https:\/\/fine-weddings.de\/blog\/\",\"name\":\"FINE WEDDINGS BLOG\",\"description\":\"Trends und News rund ums Heiraten\",\"publisher\":{\"@id\":\"https:\/\/fine-weddings.de\/blog\/#organization\"},\"potentialAction\":[{\"@type\":\"SearchAction\",\"target\":{\"@type\":\"EntryPoint\",\"urlTemplate\":\"https:\/\/fine-weddings.de\/blog\/?s={search_term_string}\"},\"query-input\":\"required name=search_term_string\"}],\"inLanguage\":\"de\"},{\"@type\":\"Organization\",\"@id\":\"https:\/\/fine-weddings.de\/blog\/#organization\",\"name\":\"Fine Weddings & Parties\",\"url\":\"https:\/\/fine-weddings.de\/blog\/\",\"logo\":{\"@type\":\"ImageObject\",\"inLanguage\":\"de\",\"@id\":\"https:\/\/fine-weddings.de\/blog\/#\/schema\/logo\/image\/\",\"url\":\"https:\/\/www.fine-weddings.de\/blog\/wp-content\/uploads\/2021\/05\/FW-Logo.png\",\"contentUrl\":\"https:\/\/www.fine-weddings.de\/blog\/wp-content\/uploads\/2021\/05\/FW-Logo.png\",\"width\":500,\"height\":458,\"caption\":\"Fine Weddings & Parties\"},\"image\":{\"@id\":\"https:\/\/fine-weddings.de\/blog\/#\/schema\/logo\/image\/\"}},{\"@type\":\"Person\",\"@id\":\"https:\/\/fine-weddings.de\/blog\/#\/schema\/person\/428ddccb5a71ac2cb9fd1d22b99ce6e8\",\"name\":\"Freya Matthiessen\"}]}<\/script>\n<!-- \/ Yoast SEO plugin. -->","yoast_head_json":{"title":"VIVA MAGENTA \u2013 ES LEBE DIE LIEBE! Die Trendfarbe h\u00e4lt Einzug in die Hochzeitsbranche - FINE WEDDINGS BLOG","description":"Das Thema \u201eFarbwelt\u201c ist eines der wichtigen Themen bei der Hochzeitsplanung. Mein absolutes Highlight in diesem Jahr: Die Pantone\u00aeFarbe des Jahres \u2013 Viva Magenta. Wie ihr den Trend gekonnt stylt? Ich begab mich f\u00fcr euch auf Farb-Forschung.","robots":{"index":"index","follow":"follow","max-snippet":"max-snippet:-1","max-image-preview":"max-image-preview:large","max-video-preview":"max-video-preview:-1"},"canonical":"https:\/\/fine-weddings.de\/blog\/viva-magenta-trendfarbe-2023\/","og_locale":"de_DE","og_type":"article","og_title":"VIVA MAGENTA \u2013 ES LEBE DIE LIEBE! Die Trendfarbe h\u00e4lt Einzug in die Hochzeitsbranche - FINE WEDDINGS BLOG","og_description":"Das Thema \u201eFarbwelt\u201c ist eines der wichtigen Themen bei der Hochzeitsplanung. Mein absolutes Highlight in diesem Jahr: Die Pantone\u00aeFarbe des Jahres \u2013 Viva Magenta. Wie ihr den Trend gekonnt stylt? Ich begab mich f\u00fcr euch auf Farb-Forschung.","og_url":"https:\/\/fine-weddings.de\/blog\/viva-magenta-trendfarbe-2023\/","og_site_name":"FINE WEDDINGS BLOG","article_published_time":"2023-04-27T15:24:15+00:00","article_modified_time":"2023-04-30T20:16:34+00:00","og_image":[{"width":806,"height":850,"url":"https:\/\/fine-weddings.de\/blog\/wp-content\/uploads\/2023\/04\/Bildschirmfoto-2023-04-30-um-22.14.12.png","type":"image\/png"}],"author":"Freya Matthiessen","twitter_card":"summary_large_image","twitter_misc":{"Verfasst von":"Freya Matthiessen","Gesch\u00e4tzte Lesezeit":"3\u00a0Minuten"},"schema":{"@context":"https:\/\/schema.org","@graph":[{"@type":"Article","@id":"https:\/\/fine-weddings.de\/blog\/viva-magenta-trendfarbe-2023\/#article","isPartOf":{"@id":"https:\/\/fine-weddings.de\/blog\/viva-magenta-trendfarbe-2023\/"},"author":{"name":"Freya Matthiessen","@id":"https:\/\/fine-weddings.de\/blog\/#\/schema\/person\/428ddccb5a71ac2cb9fd1d22b99ce6e8"},"headline":"VIVA MAGENTA \u2013 ES LEBE DIE LIEBE! Die Trendfarbe h\u00e4lt Einzug in die Hochzeitsbranche","datePublished":"2023-04-27T15:24:15+00:00","dateModified":"2023-04-30T20:16:34+00:00","mainEntityOfPage":{"@id":"https:\/\/fine-weddings.de\/blog\/viva-magenta-trendfarbe-2023\/"},"wordCount":692,"commentCount":0,"publisher":{"@id":"https:\/\/fine-weddings.de\/blog\/#organization"},"articleSection":["News"],"inLanguage":"de","potentialAction":[{"@type":"CommentAction","name":"Comment","target":["https:\/\/fine-weddings.de\/blog\/viva-magenta-trendfarbe-2023\/#respond"]}]},{"@type":"WebPage","@id":"https:\/\/fine-weddings.de\/blog\/viva-magenta-trendfarbe-2023\/","url":"https:\/\/fine-weddings.de\/blog\/viva-magenta-trendfarbe-2023\/","name":"VIVA MAGENTA \u2013 ES LEBE DIE LIEBE! Die Trendfarbe h\u00e4lt Einzug in die Hochzeitsbranche - FINE WEDDINGS BLOG","isPartOf":{"@id":"https:\/\/fine-weddings.de\/blog\/#website"},"datePublished":"2023-04-27T15:24:15+00:00","dateModified":"2023-04-30T20:16:34+00:00","description":"Das Thema \u201eFarbwelt\u201c ist eines der wichtigen Themen bei der Hochzeitsplanung. Mein absolutes Highlight in diesem Jahr: Die Pantone\u00aeFarbe des Jahres \u2013 Viva Magenta. Wie ihr den Trend gekonnt stylt? Ich begab mich f\u00fcr euch auf Farb-Forschung.","breadcrumb":{"@id":"https:\/\/fine-weddings.de\/blog\/viva-magenta-trendfarbe-2023\/#breadcrumb"},"inLanguage":"de","potentialAction":[{"@type":"ReadAction","target":["https:\/\/fine-weddings.de\/blog\/viva-magenta-trendfarbe-2023\/"]}]},{"@type":"BreadcrumbList","@id":"https:\/\/fine-weddings.de\/blog\/viva-magenta-trendfarbe-2023\/#breadcrumb","itemListElement":[{"@type":"ListItem","position":1,"name":"Home","item":"https:\/\/fine-weddings.de\/blog\/"},{"@type":"ListItem","position":2,"name":"VIVA MAGENTA \u2013 ES LEBE DIE LIEBE! Die Trendfarbe h\u00e4lt Einzug in die Hochzeitsbranche"}]},{"@type":"WebSite","@id":"https:\/\/fine-weddings.de\/blog\/#website","url":"https:\/\/fine-weddings.de\/blog\/","name":"FINE WEDDINGS BLOG","description":"Trends und News rund ums Heiraten","publisher":{"@id":"https:\/\/fine-weddings.de\/blog\/#organization"},"potentialAction":[{"@type":"SearchAction","target":{"@type":"EntryPoint","urlTemplate":"https:\/\/fine-weddings.de\/blog\/?s={search_term_string}"},"query-input":"required name=search_term_string"}],"inLanguage":"de"},{"@type":"Organization","@id":"https:\/\/fine-weddings.de\/blog\/#organization","name":"Fine Weddings & Parties","url":"https:\/\/fine-weddings.de\/blog\/","logo":{"@type":"ImageObject","inLanguage":"de","@id":"https:\/\/fine-weddings.de\/blog\/#\/schema\/logo\/image\/","url":"https:\/\/www.fine-weddings.de\/blog\/wp-content\/uploads\/2021\/05\/FW-Logo.png","contentUrl":"https:\/\/www.fine-weddings.de\/blog\/wp-content\/uploads\/2021\/05\/FW-Logo.png","width":500,"height":458,"caption":"Fine Weddings & Parties"},"image":{"@id":"https:\/\/fine-weddings.de\/blog\/#\/schema\/logo\/image\/"}},{"@type":"Person","@id":"https:\/\/fine-weddings.de\/blog\/#\/schema\/person\/428ddccb5a71ac2cb9fd1d22b99ce6e8","name":"Freya Matthiessen"}]}},"_links":{"self":[{"href":"https:\/\/fine-weddings.de\/blog\/wp-json\/wp\/v2\/posts\/17043"}],"collection":[{"href":"https:\/\/fine-weddings.de\/blog\/wp-json\/wp\/v2\/posts"}],"about":[{"href":"https:\/\/fine-weddings.de\/blog\/wp-json\/wp\/v2\/types\/post"}],"author":[{"embeddable":true,"href":"https:\/\/fine-weddings.de\/blog\/wp-json\/wp\/v2\/users\/5"}],"replies":[{"embeddable":true,"href":"https:\/\/fine-weddings.de\/blog\/wp-json\/wp\/v2\/comments?post=17043"}],"version-history":[{"count":4,"href":"https:\/\/fine-weddings.de\/blog\/wp-json\/wp\/v2\/posts\/17043\/revisions"}],"predecessor-version":[{"id":17054,"href":"https:\/\/fine-weddings.de\/blog\/wp-json\/wp\/v2\/posts\/17043\/revisions\/17054"}],"wp:featuredmedia":[{"embeddable":true,"href":"https:\/\/fine-weddings.de\/blog\/wp-json\/wp\/v2\/media\/17053"}],"wp:attachment":[{"href":"https:\/\/fine-weddings.de\/blog\/wp-json\/wp\/v2\/media?parent=17043"}],"wp:term":[{"taxonomy":"category","embeddable":true,"href":"https:\/\/fine-weddings.de\/blog\/wp-json\/wp\/v2\/categories?post=17043"},{"taxonomy":"post_tag","embeddable":true,"href":"https:\/\/fine-weddings.de\/blog\/wp-json\/wp\/v2\/tags?post=17043"}],"curies":[{"name":"wp","href":"https:\/\/api.w.org\/{rel}","templated":true}]}}