{"id":17030,"date":"2023-04-04T16:34:18","date_gmt":"2023-04-04T14:34:18","guid":{"rendered":"https:\/\/fine-weddings.de\/blog\/?p=17030"},"modified":"2023-04-13T11:12:43","modified_gmt":"2023-04-13T09:12:43","slug":"name_meshing","status":"publish","type":"post","link":"https:\/\/fine-weddings.de\/blog\/name_meshing\/","title":{"rendered":"NOMEN EST OMEN! Wenn der Nachname zur Grundsatzdiskussion wird"},"content":{"rendered":"<section class=\"wpb-content-wrapper\"><p>[vc_row][vc_column]<div class=\"ult-spacer spacer-69f34a1eeeab8\" data-id=\"69f34a1eeeab8\" data-height=\"20\" data-height-mobile=\"20\" data-height-tab=\"\" data-height-tab-portrait=\"\" data-height-mobile-landscape=\"\" style=\"clear:both;display:block;\"><\/div>[vc_column_text]<\/p>\n<p style=\"font-weight: 400;\"><em>Es ist ein Thema, an dem sich die Geister scheiden: Welchen Nachnamen nimmt man nach der Hochzeit denn blo\u00df an? Den Namen der Frau, den des Mannes oder wie jetzt ein Gr\u00fcnen-Politiker vorschlug, ein lustiges Kuddelmuddel aus beidem: Aus Heidi Klum und Tom Kaulitz k\u00f6nnte dann beispielsweise ein \u201eKlumlitz\u201c entstehen. Absoluter Schwachsinn oder eine geniale Idee?<\/em><\/p>\n<p>[\/vc_column_text][\/vc_column][\/vc_row][vc_row][vc_column][vc_single_image image=&#8220;16978&#8243; img_size=&#8220;full&#8220; alignment=&#8220;center&#8220;][\/vc_column][\/vc_row][vc_row][vc_column]<div class=\"ult-spacer spacer-69f34a1eeeaca\" data-id=\"69f34a1eeeaca\" data-height=\"20\" data-height-mobile=\"20\" data-height-tab=\"\" data-height-tab-portrait=\"\" data-height-mobile-landscape=\"\" style=\"clear:both;display:block;\"><\/div>[vc_column_text]<\/p>\n<p style=\"font-weight: 400;\"><strong>Sch\u00f6ne Tradition oder veralteter Brauch?<\/strong><\/p>\n<p style=\"font-weight: 400;\">Wusstet ihr, dass viele unserer M\u00fctter noch gezwungen wurden, den Namen des Mannes anzunehmen? Erst vor rund 30 Jahren wurde die Pflicht zu einem gemeinsamen Ehenamen abgeschafft. Seither k\u00f6nnen Frauen bei der Hochzeit ihren Namen behalten. \u201eDie \u00c4gypterinnen behielten ihn. Die R\u00f6merinnen auch. Die Germaninnen sowieso. Und in 106 L\u00e4ndern der Welt ist es selbstverst\u00e4ndlich, dass Frauen ihn behalten. Nur die deutschen Frauen verloren ihn in der Neuzeit: ihren eigenen Namen und damit ihre Identit\u00e4t&#8220;, schrieben die Feministinnen der Zeitschrift Emma. Sie feierten im Jahr 1991 das Urteil des Bundesverfassungsgerichtes, wonach der Familienname nicht mehr automatisch der Nachname des Mannes wurde, wenn sich ein Paar nicht einigen konnte. Endlich durften Frauen ihren Geburtsnamen behalten. Doch damit ging die Diskussion los: Wie sollen wir blo\u00df hei\u00dfen?<\/p>\n<p style=\"font-weight: 400;\"><strong>Deiner, meiner oder unserer?<\/strong><\/p>\n<p style=\"font-weight: 400;\">Nicht nur darf die Frau seitdem ihren eigenen Namen behalten, der Mann d\u00fcrfte auch den Familiennamen seiner Angebeteten annehmen. Doch das Angebot findet nicht gerade rei\u00dfenden Absatz. Die harten Fakten zeigt eine Studie: Nur einer von 16 M\u00e4nnern in Deutschland nimmt bei der Hochzeit den Nachnamen seiner Ehefrau an. Nur 6 Prozent der Paare entscheiden sich f\u00fcr den Familiennamen der Frau. Etwa doppelt so h\u00e4ufig kommt es laut Studie vor, dass beide Partner ihren eigenen Namen behalten. Au\u00dferdem gibt es den Kompromiss: den Doppelnamen. Doch f\u00fcr den entscheiden sich nur 8 Prozent der Paare. Eine Freundin sagte mal: \u201eDerjenige, der in der Beziehung mehr Geld und Einfluss hat, dessen Name wird auch angenommen.\u201c Eine interessante These. Sind wir wirklich so r\u00fcckschrittlich?<\/p>\n<p style=\"font-weight: 400;\"><strong>M\u00e4nner, traut euch!<\/strong><\/p>\n<p style=\"font-weight: 400;\">Erst k\u00fcrzlich hatte ich ein tolles junges Paar zur Hochzeits-Vorbesprechung bei mir. Der Br\u00e4utigam wollte unbedingt den Namen seiner Partnerin annehmen. Und nicht, weil sie die Erfolgreichere war. F\u00fcr die Braut stand fest, sie m\u00f6chte ihren Namen behalten, da ihr die Familienhistorie viel bedeutete. Er hingegen war der Meinung, dass es sch\u00f6ner w\u00e4re einen gemeinsamen Nachnamen zu tragen. Und da er ihren sowieso sch\u00f6ner fand, als seinen eigenen, entschied er sich einfach daf\u00fcr. Siehe da: Pragmatisch, einfach, gut. Und wenn man sich in solchen Fragen bereits einig ist, kann doch wohl auch in der Ehe nicht mehr viel schief gehen.<\/p>\n<p>[\/vc_column_text][\/vc_column][\/vc_row][vc_row][vc_column]<div class=\"ult-spacer spacer-69f34a1eeead3\" data-id=\"69f34a1eeead3\" data-height=\"20\" data-height-mobile=\"20\" data-height-tab=\"\" data-height-tab-portrait=\"\" data-height-mobile-landscape=\"\" style=\"clear:both;display:block;\"><\/div>[vc_column_text]<\/p>\n<div>\n<p style=\"font-weight: 400;\"><strong>Meine Meinung: Schuster bleib bei deinen Leisten.<\/strong><\/p>\n<p style=\"font-weight: 400;\">Und das bringt mich auch zu der kurzweiligen Idee unserer Politiker. In meiner letzten Instastory habe ich meine Community gefragt, was sie vom so genannten Name Meshing halten und wie ihr neuer Nachname dann w\u00e4re. Es war eine sehr lustige Umfrage und die Ergebnisse kamen mit vielen Lach-Emojis.<\/p>\n<\/div>\n<p>[\/vc_column_text][\/vc_column][\/vc_row][vc_row][vc_column][vc_single_image image=&#8220;17038&#8243; img_size=&#8220;full&#8220; alignment=&#8220;center&#8220;][vc_single_image image=&#8220;17037&#8243; img_size=&#8220;full&#8220; alignment=&#8220;center&#8220;][vc_single_image image=&#8220;17036&#8243; img_size=&#8220;full&#8220; alignment=&#8220;center&#8220;][\/vc_column][\/vc_row][vc_row][vc_column]<div class=\"ult-spacer spacer-69f34a1eeeadc\" data-id=\"69f34a1eeeadc\" data-height=\"20\" data-height-mobile=\"20\" data-height-tab=\"\" data-height-tab-portrait=\"\" data-height-mobile-landscape=\"\" style=\"clear:both;display:block;\"><\/div>[vc_column_text]<\/p>\n<div>\n<div>\n<p style=\"font-weight: 400;\">\u201eEine Verschmelzung von Nachnamen anstelle von Doppelnamen mit Bindestrich f\u00e4nde ich eine erfrischende Neuerung und damit sehr charmant\u201c, sagte k\u00fcrzlich Helge Limburg, rechtspolitischer Sprecher der Gr\u00fcnen-Bundestagsfraktion. In Gro\u00dfbritannien ist das sogenannte \u201eMeshing\u201c bereits m\u00f6glich. Das gemeinsame Kind der Eheleute James und Harrison kann demnach Jamison mit Nachnamen hei\u00dfen. So weit, so gut. Was aber beispielsweise, wenn Frau Sch\u00e4fer und Herr Wei\u00df heiraten? Eine ziemliche Sch*** Idee oder?<\/p>\n<p style=\"font-weight: 400;\">\n<\/div>\n<\/div>\n<p>[\/vc_column_text][\/vc_column][\/vc_row][vc_row][vc_column]<div class=\"ult-spacer spacer-69f34a1eeeae3\" data-id=\"69f34a1eeeae3\" data-height=\"20\" data-height-mobile=\"20\" data-height-tab=\"\" data-height-tab-portrait=\"\" data-height-mobile-landscape=\"\" style=\"clear:both;display:block;\"><\/div>[\/vc_column][\/vc_row][vc_row][vc_column][vc_column_text]<\/p>\n<p style=\"text-align: left;\">Alles Liebe,<\/p>\n<p style=\"text-align: left;\">Eure Nadine<\/p>\n<p><img decoding=\"async\" loading=\"lazy\" class=\"size-full wp-image-14578 alignnone alignleft\" src=\"https:\/\/fine-weddings.de\/wp-content\/uploads\/2015\/07\/2_Siegel_50x50.png\" alt=\"\" width=\"50\" height=\"50\" \/>[\/vc_column_text]<div class=\"ult-spacer spacer-69f34a1eeeae9\" data-id=\"69f34a1eeeae9\" data-height=\"20\" data-height-mobile=\"20\" data-height-tab=\"\" data-height-tab-portrait=\"\" data-height-mobile-landscape=\"\" style=\"clear:both;display:block;\"><\/div><div class=\"ult-spacer spacer-69f34a1eeeaef\" data-id=\"69f34a1eeeaef\" data-height=\"20\" data-height-mobile=\"20\" data-height-tab=\"\" data-height-tab-portrait=\"\" data-height-mobile-landscape=\"\" style=\"clear:both;display:block;\"><\/div><div class=\"ult-spacer spacer-69f34a1eeeaf6\" data-id=\"69f34a1eeeaf6\" data-height=\"20\" data-height-mobile=\"20\" data-height-tab=\"\" data-height-tab-portrait=\"\" data-height-mobile-landscape=\"\" style=\"clear:both;display:block;\"><\/div>[vc_column_text]Bildquelle: Spiegel.de, privat[\/vc_column_text][\/vc_column][\/vc_row][vc_row][vc_column width=&#8220;1\/2&#8243;]<div class=\"ult-spacer spacer-69f34a1eeeafc\" data-id=\"69f34a1eeeafc\" data-height=\"20\" data-height-mobile=\"20\" data-height-tab=\"\" data-height-tab-portrait=\"\" data-height-mobile-landscape=\"\" style=\"clear:both;display:block;\"><\/div><div class=\"ult-spacer spacer-69f34a1eeeb02\" data-id=\"69f34a1eeeb02\" data-height=\"20\" data-height-mobile=\"20\" data-height-tab=\"\" data-height-tab-portrait=\"\" data-height-mobile-landscape=\"\" style=\"clear:both;display:block;\"><\/div>[\/vc_column][vc_column width=&#8220;1\/2&#8243;]<div class=\"ult-spacer spacer-69f34a1eeeb07\" data-id=\"69f34a1eeeb07\" data-height=\"20\" data-height-mobile=\"20\" data-height-tab=\"\" data-height-tab-portrait=\"\" data-height-mobile-landscape=\"\" style=\"clear:both;display:block;\"><\/div><div class=\"ult-spacer spacer-69f34a1eeeb0d\" data-id=\"69f34a1eeeb0d\" data-height=\"20\" data-height-mobile=\"20\" data-height-tab=\"\" data-height-tab-portrait=\"\" data-height-mobile-landscape=\"\" style=\"clear:both;display:block;\"><\/div>[\/vc_column][\/vc_row]<\/p>\n<\/section>","protected":false},"excerpt":{"rendered":"<p>Es ist ein Thema, an dem sich die Geister scheiden: Welchen Nachnamen nimmt man nach der Hochzeit denn blo\u00df an? Den Namen der Frau, den des Mannes oder wie jetzt ein Gr\u00fcnen-Politiker vorschlug, ein lustiges Kuddelmuddel aus beidem: Aus Heidi Klum und Tom Kaulitz k\u00f6nnte dann beispielsweise ein \u201eKlumlitz\u201c entstehen. Absoluter Schwachsinn oder eine geniale Idee?<\/p>\n","protected":false},"author":5,"featured_media":16978,"comment_status":"open","ping_status":"open","sticky":false,"template":"","format":"standard","meta":[],"categories":[69],"tags":[],"acf":[],"yoast_head":"<!-- This site is optimized with the Yoast SEO plugin v20.2 - https:\/\/yoast.com\/wordpress\/plugins\/seo\/ -->\n<title>NOMEN EST OMEN! Wenn der Nachname zur Grundsatzdiskussion wird - FINE WEDDINGS BLOG<\/title>\n<meta name=\"description\" content=\"Es ist ein Thema, an dem sich die Geister scheiden: Welchen Nachnamen nimmt man nach der Hochzeit denn blo\u00df an? Den Namen der Frau, den des Mannes oder wie jetzt ein Gr\u00fcnen-Politiker vorschlug, ein lustiges Kuddelmuddel aus beidem: Aus Heidi Klum und Tom Kaulitz k\u00f6nnte dann beispielsweise ein \u201eKlumlitz\u201c entstehen. Absoluter Schwachsinn oder eine geniale Idee?\" \/>\n<meta name=\"robots\" content=\"index, follow, max-snippet:-1, max-image-preview:large, max-video-preview:-1\" \/>\n<link rel=\"canonical\" href=\"https:\/\/fine-weddings.de\/blog\/name_meshing\/\" \/>\n<meta property=\"og:locale\" content=\"de_DE\" \/>\n<meta property=\"og:type\" content=\"article\" \/>\n<meta property=\"og:title\" content=\"NOMEN EST OMEN! Wenn der Nachname zur Grundsatzdiskussion wird - FINE WEDDINGS BLOG\" \/>\n<meta property=\"og:description\" content=\"Es ist ein Thema, an dem sich die Geister scheiden: Welchen Nachnamen nimmt man nach der Hochzeit denn blo\u00df an? Den Namen der Frau, den des Mannes oder wie jetzt ein Gr\u00fcnen-Politiker vorschlug, ein lustiges Kuddelmuddel aus beidem: Aus Heidi Klum und Tom Kaulitz k\u00f6nnte dann beispielsweise ein \u201eKlumlitz\u201c entstehen. Absoluter Schwachsinn oder eine geniale Idee?\" \/>\n<meta property=\"og:url\" content=\"https:\/\/fine-weddings.de\/blog\/name_meshing\/\" \/>\n<meta property=\"og:site_name\" content=\"FINE WEDDINGS BLOG\" \/>\n<meta property=\"article:published_time\" content=\"2023-04-04T14:34:18+00:00\" \/>\n<meta property=\"article:modified_time\" content=\"2023-04-13T09:12:43+00:00\" \/>\n<meta property=\"og:image\" content=\"https:\/\/fine-weddings.de\/blog\/wp-content\/uploads\/2022\/11\/zuzu-birkhof-5663-scaled.jpg\" \/>\n\t<meta property=\"og:image:width\" content=\"2560\" \/>\n\t<meta property=\"og:image:height\" content=\"1707\" \/>\n\t<meta property=\"og:image:type\" content=\"image\/jpeg\" \/>\n<meta name=\"author\" content=\"Freya Matthiessen\" \/>\n<meta name=\"twitter:card\" content=\"summary_large_image\" \/>\n<meta name=\"twitter:label1\" content=\"Verfasst von\" \/>\n\t<meta name=\"twitter:data1\" content=\"Freya Matthiessen\" \/>\n\t<meta name=\"twitter:label2\" content=\"Gesch\u00e4tzte Lesezeit\" \/>\n\t<meta name=\"twitter:data2\" content=\"4\u00a0Minuten\" \/>\n<script type=\"application\/ld+json\" class=\"yoast-schema-graph\">{\"@context\":\"https:\/\/schema.org\",\"@graph\":[{\"@type\":\"Article\",\"@id\":\"https:\/\/fine-weddings.de\/blog\/name_meshing\/#article\",\"isPartOf\":{\"@id\":\"https:\/\/fine-weddings.de\/blog\/name_meshing\/\"},\"author\":{\"name\":\"Freya Matthiessen\",\"@id\":\"https:\/\/fine-weddings.de\/blog\/#\/schema\/person\/428ddccb5a71ac2cb9fd1d22b99ce6e8\"},\"headline\":\"NOMEN EST OMEN! Wenn der Nachname zur Grundsatzdiskussion wird\",\"datePublished\":\"2023-04-04T14:34:18+00:00\",\"dateModified\":\"2023-04-13T09:12:43+00:00\",\"mainEntityOfPage\":{\"@id\":\"https:\/\/fine-weddings.de\/blog\/name_meshing\/\"},\"wordCount\":804,\"commentCount\":0,\"publisher\":{\"@id\":\"https:\/\/fine-weddings.de\/blog\/#organization\"},\"articleSection\":[\"News\"],\"inLanguage\":\"de\",\"potentialAction\":[{\"@type\":\"CommentAction\",\"name\":\"Comment\",\"target\":[\"https:\/\/fine-weddings.de\/blog\/name_meshing\/#respond\"]}]},{\"@type\":\"WebPage\",\"@id\":\"https:\/\/fine-weddings.de\/blog\/name_meshing\/\",\"url\":\"https:\/\/fine-weddings.de\/blog\/name_meshing\/\",\"name\":\"NOMEN EST OMEN! Wenn der Nachname zur Grundsatzdiskussion wird - FINE WEDDINGS BLOG\",\"isPartOf\":{\"@id\":\"https:\/\/fine-weddings.de\/blog\/#website\"},\"datePublished\":\"2023-04-04T14:34:18+00:00\",\"dateModified\":\"2023-04-13T09:12:43+00:00\",\"description\":\"Es ist ein Thema, an dem sich die Geister scheiden: Welchen Nachnamen nimmt man nach der Hochzeit denn blo\u00df an? Den Namen der Frau, den des Mannes oder wie jetzt ein Gr\u00fcnen-Politiker vorschlug, ein lustiges Kuddelmuddel aus beidem: Aus Heidi Klum und Tom Kaulitz k\u00f6nnte dann beispielsweise ein \u201eKlumlitz\u201c entstehen. Absoluter Schwachsinn oder eine geniale Idee?\",\"breadcrumb\":{\"@id\":\"https:\/\/fine-weddings.de\/blog\/name_meshing\/#breadcrumb\"},\"inLanguage\":\"de\",\"potentialAction\":[{\"@type\":\"ReadAction\",\"target\":[\"https:\/\/fine-weddings.de\/blog\/name_meshing\/\"]}]},{\"@type\":\"BreadcrumbList\",\"@id\":\"https:\/\/fine-weddings.de\/blog\/name_meshing\/#breadcrumb\",\"itemListElement\":[{\"@type\":\"ListItem\",\"position\":1,\"name\":\"Home\",\"item\":\"https:\/\/fine-weddings.de\/blog\/\"},{\"@type\":\"ListItem\",\"position\":2,\"name\":\"NOMEN EST OMEN! Wenn der Nachname zur Grundsatzdiskussion wird\"}]},{\"@type\":\"WebSite\",\"@id\":\"https:\/\/fine-weddings.de\/blog\/#website\",\"url\":\"https:\/\/fine-weddings.de\/blog\/\",\"name\":\"FINE WEDDINGS BLOG\",\"description\":\"Trends und News rund ums Heiraten\",\"publisher\":{\"@id\":\"https:\/\/fine-weddings.de\/blog\/#organization\"},\"potentialAction\":[{\"@type\":\"SearchAction\",\"target\":{\"@type\":\"EntryPoint\",\"urlTemplate\":\"https:\/\/fine-weddings.de\/blog\/?s={search_term_string}\"},\"query-input\":\"required name=search_term_string\"}],\"inLanguage\":\"de\"},{\"@type\":\"Organization\",\"@id\":\"https:\/\/fine-weddings.de\/blog\/#organization\",\"name\":\"Fine Weddings & Parties\",\"url\":\"https:\/\/fine-weddings.de\/blog\/\",\"logo\":{\"@type\":\"ImageObject\",\"inLanguage\":\"de\",\"@id\":\"https:\/\/fine-weddings.de\/blog\/#\/schema\/logo\/image\/\",\"url\":\"https:\/\/www.fine-weddings.de\/blog\/wp-content\/uploads\/2021\/05\/FW-Logo.png\",\"contentUrl\":\"https:\/\/www.fine-weddings.de\/blog\/wp-content\/uploads\/2021\/05\/FW-Logo.png\",\"width\":500,\"height\":458,\"caption\":\"Fine Weddings & Parties\"},\"image\":{\"@id\":\"https:\/\/fine-weddings.de\/blog\/#\/schema\/logo\/image\/\"}},{\"@type\":\"Person\",\"@id\":\"https:\/\/fine-weddings.de\/blog\/#\/schema\/person\/428ddccb5a71ac2cb9fd1d22b99ce6e8\",\"name\":\"Freya Matthiessen\"}]}<\/script>\n<!-- \/ Yoast SEO plugin. -->","yoast_head_json":{"title":"NOMEN EST OMEN! Wenn der Nachname zur Grundsatzdiskussion wird - FINE WEDDINGS BLOG","description":"Es ist ein Thema, an dem sich die Geister scheiden: Welchen Nachnamen nimmt man nach der Hochzeit denn blo\u00df an? Den Namen der Frau, den des Mannes oder wie jetzt ein Gr\u00fcnen-Politiker vorschlug, ein lustiges Kuddelmuddel aus beidem: Aus Heidi Klum und Tom Kaulitz k\u00f6nnte dann beispielsweise ein \u201eKlumlitz\u201c entstehen. Absoluter Schwachsinn oder eine geniale Idee?","robots":{"index":"index","follow":"follow","max-snippet":"max-snippet:-1","max-image-preview":"max-image-preview:large","max-video-preview":"max-video-preview:-1"},"canonical":"https:\/\/fine-weddings.de\/blog\/name_meshing\/","og_locale":"de_DE","og_type":"article","og_title":"NOMEN EST OMEN! Wenn der Nachname zur Grundsatzdiskussion wird - FINE WEDDINGS BLOG","og_description":"Es ist ein Thema, an dem sich die Geister scheiden: Welchen Nachnamen nimmt man nach der Hochzeit denn blo\u00df an? Den Namen der Frau, den des Mannes oder wie jetzt ein Gr\u00fcnen-Politiker vorschlug, ein lustiges Kuddelmuddel aus beidem: Aus Heidi Klum und Tom Kaulitz k\u00f6nnte dann beispielsweise ein \u201eKlumlitz\u201c entstehen. Absoluter Schwachsinn oder eine geniale Idee?","og_url":"https:\/\/fine-weddings.de\/blog\/name_meshing\/","og_site_name":"FINE WEDDINGS BLOG","article_published_time":"2023-04-04T14:34:18+00:00","article_modified_time":"2023-04-13T09:12:43+00:00","og_image":[{"width":2560,"height":1707,"url":"https:\/\/fine-weddings.de\/blog\/wp-content\/uploads\/2022\/11\/zuzu-birkhof-5663-scaled.jpg","type":"image\/jpeg"}],"author":"Freya Matthiessen","twitter_card":"summary_large_image","twitter_misc":{"Verfasst von":"Freya Matthiessen","Gesch\u00e4tzte Lesezeit":"4\u00a0Minuten"},"schema":{"@context":"https:\/\/schema.org","@graph":[{"@type":"Article","@id":"https:\/\/fine-weddings.de\/blog\/name_meshing\/#article","isPartOf":{"@id":"https:\/\/fine-weddings.de\/blog\/name_meshing\/"},"author":{"name":"Freya Matthiessen","@id":"https:\/\/fine-weddings.de\/blog\/#\/schema\/person\/428ddccb5a71ac2cb9fd1d22b99ce6e8"},"headline":"NOMEN EST OMEN! Wenn der Nachname zur Grundsatzdiskussion wird","datePublished":"2023-04-04T14:34:18+00:00","dateModified":"2023-04-13T09:12:43+00:00","mainEntityOfPage":{"@id":"https:\/\/fine-weddings.de\/blog\/name_meshing\/"},"wordCount":804,"commentCount":0,"publisher":{"@id":"https:\/\/fine-weddings.de\/blog\/#organization"},"articleSection":["News"],"inLanguage":"de","potentialAction":[{"@type":"CommentAction","name":"Comment","target":["https:\/\/fine-weddings.de\/blog\/name_meshing\/#respond"]}]},{"@type":"WebPage","@id":"https:\/\/fine-weddings.de\/blog\/name_meshing\/","url":"https:\/\/fine-weddings.de\/blog\/name_meshing\/","name":"NOMEN EST OMEN! Wenn der Nachname zur Grundsatzdiskussion wird - FINE WEDDINGS BLOG","isPartOf":{"@id":"https:\/\/fine-weddings.de\/blog\/#website"},"datePublished":"2023-04-04T14:34:18+00:00","dateModified":"2023-04-13T09:12:43+00:00","description":"Es ist ein Thema, an dem sich die Geister scheiden: Welchen Nachnamen nimmt man nach der Hochzeit denn blo\u00df an? Den Namen der Frau, den des Mannes oder wie jetzt ein Gr\u00fcnen-Politiker vorschlug, ein lustiges Kuddelmuddel aus beidem: Aus Heidi Klum und Tom Kaulitz k\u00f6nnte dann beispielsweise ein \u201eKlumlitz\u201c entstehen. Absoluter Schwachsinn oder eine geniale Idee?","breadcrumb":{"@id":"https:\/\/fine-weddings.de\/blog\/name_meshing\/#breadcrumb"},"inLanguage":"de","potentialAction":[{"@type":"ReadAction","target":["https:\/\/fine-weddings.de\/blog\/name_meshing\/"]}]},{"@type":"BreadcrumbList","@id":"https:\/\/fine-weddings.de\/blog\/name_meshing\/#breadcrumb","itemListElement":[{"@type":"ListItem","position":1,"name":"Home","item":"https:\/\/fine-weddings.de\/blog\/"},{"@type":"ListItem","position":2,"name":"NOMEN EST OMEN! Wenn der Nachname zur Grundsatzdiskussion wird"}]},{"@type":"WebSite","@id":"https:\/\/fine-weddings.de\/blog\/#website","url":"https:\/\/fine-weddings.de\/blog\/","name":"FINE WEDDINGS BLOG","description":"Trends und News rund ums Heiraten","publisher":{"@id":"https:\/\/fine-weddings.de\/blog\/#organization"},"potentialAction":[{"@type":"SearchAction","target":{"@type":"EntryPoint","urlTemplate":"https:\/\/fine-weddings.de\/blog\/?s={search_term_string}"},"query-input":"required name=search_term_string"}],"inLanguage":"de"},{"@type":"Organization","@id":"https:\/\/fine-weddings.de\/blog\/#organization","name":"Fine Weddings & Parties","url":"https:\/\/fine-weddings.de\/blog\/","logo":{"@type":"ImageObject","inLanguage":"de","@id":"https:\/\/fine-weddings.de\/blog\/#\/schema\/logo\/image\/","url":"https:\/\/www.fine-weddings.de\/blog\/wp-content\/uploads\/2021\/05\/FW-Logo.png","contentUrl":"https:\/\/www.fine-weddings.de\/blog\/wp-content\/uploads\/2021\/05\/FW-Logo.png","width":500,"height":458,"caption":"Fine Weddings & Parties"},"image":{"@id":"https:\/\/fine-weddings.de\/blog\/#\/schema\/logo\/image\/"}},{"@type":"Person","@id":"https:\/\/fine-weddings.de\/blog\/#\/schema\/person\/428ddccb5a71ac2cb9fd1d22b99ce6e8","name":"Freya Matthiessen"}]}},"_links":{"self":[{"href":"https:\/\/fine-weddings.de\/blog\/wp-json\/wp\/v2\/posts\/17030"}],"collection":[{"href":"https:\/\/fine-weddings.de\/blog\/wp-json\/wp\/v2\/posts"}],"about":[{"href":"https:\/\/fine-weddings.de\/blog\/wp-json\/wp\/v2\/types\/post"}],"author":[{"embeddable":true,"href":"https:\/\/fine-weddings.de\/blog\/wp-json\/wp\/v2\/users\/5"}],"replies":[{"embeddable":true,"href":"https:\/\/fine-weddings.de\/blog\/wp-json\/wp\/v2\/comments?post=17030"}],"version-history":[{"count":8,"href":"https:\/\/fine-weddings.de\/blog\/wp-json\/wp\/v2\/posts\/17030\/revisions"}],"predecessor-version":[{"id":17040,"href":"https:\/\/fine-weddings.de\/blog\/wp-json\/wp\/v2\/posts\/17030\/revisions\/17040"}],"wp:featuredmedia":[{"embeddable":true,"href":"https:\/\/fine-weddings.de\/blog\/wp-json\/wp\/v2\/media\/16978"}],"wp:attachment":[{"href":"https:\/\/fine-weddings.de\/blog\/wp-json\/wp\/v2\/media?parent=17030"}],"wp:term":[{"taxonomy":"category","embeddable":true,"href":"https:\/\/fine-weddings.de\/blog\/wp-json\/wp\/v2\/categories?post=17030"},{"taxonomy":"post_tag","embeddable":true,"href":"https:\/\/fine-weddings.de\/blog\/wp-json\/wp\/v2\/tags?post=17030"}],"curies":[{"name":"wp","href":"https:\/\/api.w.org\/{rel}","templated":true}]}}