{"id":16969,"date":"2022-11-24T15:01:38","date_gmt":"2022-11-24T14:01:38","guid":{"rendered":"https:\/\/fine-weddings.de\/blog\/?p=16969"},"modified":"2022-11-24T17:22:20","modified_gmt":"2022-11-24T16:22:20","slug":"closer-magazin","status":"publish","type":"post","link":"https:\/\/fine-weddings.de\/blog\/closer-magazin\/","title":{"rendered":"Kompliment vom CLOSER Magazin"},"content":{"rendered":"<section class=\"wpb-content-wrapper\"><p>[vc_row][vc_column]<div class=\"ult-spacer spacer-69ee1b9f26b65\" data-id=\"69ee1b9f26b65\" data-height=\"20\" data-height-mobile=\"20\" data-height-tab=\"\" data-height-tab-portrait=\"\" data-height-mobile-landscape=\"\" style=\"clear:both;display:block;\"><\/div>[vc_column_text]Moderatorin Verena Kerth und S\u00e4nger Marc Terenzi waren DAS Tuschel-Thema auf der SOULMAID Bridal Couture Brautmodenladen-Er\u00f6ffnung vergangene Woche in Dresden. Nicht nur, weil sie sich den ganzen Abend verliebt in die Augen schauten, sondern vor allem, weil Verena in eins der Brautkleider schl\u00fcpfte: Sie trug ein atemberaubendes Kleid von der Designerin Julia Kontogruni. Auch ich durfte mich mit den beiden unterhalten auf diesem Event. Und ich kann nur sagen: Ein wirklich s\u00fc\u00dfes Paar! Was wir besprochen haben? Das bleibt nat\u00fcrlich unter uns&#8230;<\/p>\n<p>\u00dcber Marc und Verena in Love berichtete nun auch das bekannte CLOSER Magazin &#8211; und ich bin mehr als stolz darauf, dass dieses Magazin mich als &#8222;Deutschlands bekannteste Luxus-Wedding-Planerin&#8220; betitelte. Vielen lieben Dank daf\u00fcr.<\/p>\n<p>Wer es nicht mehr in den Zeitschriftenladen schafft: Hier ist der Artikel von der bezaubernden CLOSER Chefreporterin Natalie Eichhammer:[\/vc_column_text][\/vc_column][\/vc_row][vc_row][vc_column]<div class=\"ult-spacer spacer-69ee1b9f26b77\" data-id=\"69ee1b9f26b77\" data-height=\"20\" data-height-mobile=\"20\" data-height-tab=\"\" data-height-tab-portrait=\"\" data-height-mobile-landscape=\"\" style=\"clear:both;display:block;\"><\/div>[\/vc_column][\/vc_row][vc_row][vc_column][vc_single_image image=&#8220;16970&#8243; img_size=&#8220;full&#8220; alignment=&#8220;center&#8220;][\/vc_column][\/vc_row][vc_row][vc_column]<div class=\"ult-spacer spacer-69ee1b9f26b80\" data-id=\"69ee1b9f26b80\" data-height=\"20\" data-height-mobile=\"20\" data-height-tab=\"\" data-height-tab-portrait=\"\" data-height-mobile-landscape=\"\" style=\"clear:both;display:block;\"><\/div>[\/vc_column][\/vc_row][vc_row][vc_column][vc_column_text]<\/p>\n<p style=\"text-align: left;\">Alles Liebe,<\/p>\n<p style=\"text-align: left;\">Eure Nadine<\/p>\n<p><img decoding=\"async\" loading=\"lazy\" class=\"size-full wp-image-14578 alignnone alignleft\" src=\"https:\/\/fine-weddings.de\/wp-content\/uploads\/2015\/07\/2_Siegel_50x50.png\" alt=\"\" width=\"50\" height=\"50\" \/>[\/vc_column_text]<div class=\"ult-spacer spacer-69ee1b9f26b88\" data-id=\"69ee1b9f26b88\" data-height=\"20\" data-height-mobile=\"20\" data-height-tab=\"\" data-height-tab-portrait=\"\" data-height-mobile-landscape=\"\" style=\"clear:both;display:block;\"><\/div><div class=\"ult-spacer spacer-69ee1b9f26b8f\" data-id=\"69ee1b9f26b8f\" data-height=\"20\" data-height-mobile=\"20\" data-height-tab=\"\" data-height-tab-portrait=\"\" data-height-mobile-landscape=\"\" style=\"clear:both;display:block;\"><\/div><div class=\"ult-spacer spacer-69ee1b9f26b95\" data-id=\"69ee1b9f26b95\" data-height=\"20\" data-height-mobile=\"20\" data-height-tab=\"\" data-height-tab-portrait=\"\" data-height-mobile-landscape=\"\" style=\"clear:both;display:block;\"><\/div>[\/vc_column][\/vc_row][vc_row][vc_column][vc_column_text][\/vc_column_text]<div class=\"ult-spacer spacer-69ee1b9f26b9c\" data-id=\"69ee1b9f26b9c\" data-height=\"20\" data-height-mobile=\"20\" data-height-tab=\"\" data-height-tab-portrait=\"\" data-height-mobile-landscape=\"\" style=\"clear:both;display:block;\"><\/div><div class=\"ult-spacer spacer-69ee1b9f26ba3\" data-id=\"69ee1b9f26ba3\" data-height=\"20\" data-height-mobile=\"20\" data-height-tab=\"\" data-height-tab-portrait=\"\" data-height-mobile-landscape=\"\" style=\"clear:both;display:block;\"><\/div><div class=\"ult-spacer spacer-69ee1b9f26ba9\" data-id=\"69ee1b9f26ba9\" data-height=\"20\" data-height-mobile=\"20\" data-height-tab=\"\" data-height-tab-portrait=\"\" data-height-mobile-landscape=\"\" style=\"clear:both;display:block;\"><\/div>[\/vc_column][\/vc_row][vc_row][vc_column width=&#8220;1\/2&#8243;]<div class=\"ult-spacer spacer-69ee1b9f26baf\" data-id=\"69ee1b9f26baf\" data-height=\"20\" data-height-mobile=\"20\" data-height-tab=\"\" data-height-tab-portrait=\"\" data-height-mobile-landscape=\"\" style=\"clear:both;display:block;\"><\/div><div class=\"ult-spacer spacer-69ee1b9f26bb6\" data-id=\"69ee1b9f26bb6\" data-height=\"20\" data-height-mobile=\"20\" data-height-tab=\"\" data-height-tab-portrait=\"\" data-height-mobile-landscape=\"\" style=\"clear:both;display:block;\"><\/div>[\/vc_column][vc_column width=&#8220;1\/2&#8243;]<div class=\"ult-spacer spacer-69ee1b9f26bbc\" data-id=\"69ee1b9f26bbc\" data-height=\"20\" data-height-mobile=\"20\" data-height-tab=\"\" data-height-tab-portrait=\"\" data-height-mobile-landscape=\"\" style=\"clear:both;display:block;\"><\/div><div class=\"ult-spacer spacer-69ee1b9f26bc2\" data-id=\"69ee1b9f26bc2\" data-height=\"20\" data-height-mobile=\"20\" data-height-tab=\"\" data-height-tab-portrait=\"\" data-height-mobile-landscape=\"\" style=\"clear:both;display:block;\"><\/div>[\/vc_column][\/vc_row]<\/p>\n<\/section>","protected":false},"excerpt":{"rendered":"<p>\u00dcber Verena Kerth und Marc Terenzi und ihre m\u00f6glichen Hochzeitspl\u00e4ne berichtete das CLOSER Magazin &#8211; und f\u00fcr mich gab es noch ein ganz besonderes Kompliment.<\/p>\n","protected":false},"author":5,"featured_media":16975,"comment_status":"open","ping_status":"open","sticky":false,"template":"","format":"standard","meta":[],"categories":[69],"tags":[],"acf":[],"yoast_head":"<!-- This site is optimized with the Yoast SEO plugin v20.2 - https:\/\/yoast.com\/wordpress\/plugins\/seo\/ -->\n<title>Kompliment vom CLOSER Magazin - FINE WEDDINGS BLOG<\/title>\n<meta name=\"description\" content=\"Das CLOSER Magazin betitelte mich als &quot;Deutschlands bekannteste Luxus Weddingplanerin&quot; - und darauf bin ich mehr als stolz!\" \/>\n<meta name=\"robots\" content=\"index, follow, max-snippet:-1, max-image-preview:large, max-video-preview:-1\" \/>\n<link rel=\"canonical\" href=\"https:\/\/fine-weddings.de\/blog\/closer-magazin\/\" \/>\n<meta property=\"og:locale\" content=\"de_DE\" \/>\n<meta property=\"og:type\" content=\"article\" \/>\n<meta property=\"og:title\" content=\"Kompliment vom CLOSER Magazin - FINE WEDDINGS BLOG\" \/>\n<meta property=\"og:description\" content=\"Das CLOSER Magazin betitelte mich als &quot;Deutschlands bekannteste Luxus Weddingplanerin&quot; - und darauf bin ich mehr als stolz!\" \/>\n<meta property=\"og:url\" content=\"https:\/\/fine-weddings.de\/blog\/closer-magazin\/\" \/>\n<meta property=\"og:site_name\" content=\"FINE WEDDINGS BLOG\" \/>\n<meta property=\"article:published_time\" content=\"2022-11-24T14:01:38+00:00\" \/>\n<meta property=\"article:modified_time\" content=\"2022-11-24T16:22:20+00:00\" \/>\n<meta property=\"og:image\" content=\"https:\/\/fine-weddings.de\/blog\/wp-content\/uploads\/2022\/11\/closer-2.jpg\" \/>\n\t<meta property=\"og:image:width\" content=\"841\" \/>\n\t<meta property=\"og:image:height\" content=\"595\" \/>\n\t<meta property=\"og:image:type\" content=\"image\/jpeg\" \/>\n<meta name=\"author\" content=\"Freya Matthiessen\" \/>\n<meta name=\"twitter:card\" content=\"summary_large_image\" \/>\n<meta name=\"twitter:label1\" content=\"Verfasst von\" \/>\n\t<meta name=\"twitter:data1\" content=\"Freya Matthiessen\" \/>\n\t<meta name=\"twitter:label2\" content=\"Gesch\u00e4tzte Lesezeit\" \/>\n\t<meta name=\"twitter:data2\" content=\"1\u00a0Minute\" \/>\n<script type=\"application\/ld+json\" class=\"yoast-schema-graph\">{\"@context\":\"https:\/\/schema.org\",\"@graph\":[{\"@type\":\"Article\",\"@id\":\"https:\/\/fine-weddings.de\/blog\/closer-magazin\/#article\",\"isPartOf\":{\"@id\":\"https:\/\/fine-weddings.de\/blog\/closer-magazin\/\"},\"author\":{\"name\":\"Freya Matthiessen\",\"@id\":\"https:\/\/fine-weddings.de\/blog\/#\/schema\/person\/428ddccb5a71ac2cb9fd1d22b99ce6e8\"},\"headline\":\"Kompliment vom CLOSER Magazin\",\"datePublished\":\"2022-11-24T14:01:38+00:00\",\"dateModified\":\"2022-11-24T16:22:20+00:00\",\"mainEntityOfPage\":{\"@id\":\"https:\/\/fine-weddings.de\/blog\/closer-magazin\/\"},\"wordCount\":316,\"commentCount\":0,\"publisher\":{\"@id\":\"https:\/\/fine-weddings.de\/blog\/#organization\"},\"articleSection\":[\"News\"],\"inLanguage\":\"de\",\"potentialAction\":[{\"@type\":\"CommentAction\",\"name\":\"Comment\",\"target\":[\"https:\/\/fine-weddings.de\/blog\/closer-magazin\/#respond\"]}]},{\"@type\":\"WebPage\",\"@id\":\"https:\/\/fine-weddings.de\/blog\/closer-magazin\/\",\"url\":\"https:\/\/fine-weddings.de\/blog\/closer-magazin\/\",\"name\":\"Kompliment vom CLOSER Magazin - FINE WEDDINGS BLOG\",\"isPartOf\":{\"@id\":\"https:\/\/fine-weddings.de\/blog\/#website\"},\"datePublished\":\"2022-11-24T14:01:38+00:00\",\"dateModified\":\"2022-11-24T16:22:20+00:00\",\"description\":\"Das CLOSER Magazin betitelte mich als \\\"Deutschlands bekannteste Luxus Weddingplanerin\\\" - und darauf bin ich mehr als stolz!\",\"breadcrumb\":{\"@id\":\"https:\/\/fine-weddings.de\/blog\/closer-magazin\/#breadcrumb\"},\"inLanguage\":\"de\",\"potentialAction\":[{\"@type\":\"ReadAction\",\"target\":[\"https:\/\/fine-weddings.de\/blog\/closer-magazin\/\"]}]},{\"@type\":\"BreadcrumbList\",\"@id\":\"https:\/\/fine-weddings.de\/blog\/closer-magazin\/#breadcrumb\",\"itemListElement\":[{\"@type\":\"ListItem\",\"position\":1,\"name\":\"Home\",\"item\":\"https:\/\/fine-weddings.de\/blog\/\"},{\"@type\":\"ListItem\",\"position\":2,\"name\":\"Kompliment vom CLOSER Magazin\"}]},{\"@type\":\"WebSite\",\"@id\":\"https:\/\/fine-weddings.de\/blog\/#website\",\"url\":\"https:\/\/fine-weddings.de\/blog\/\",\"name\":\"FINE WEDDINGS BLOG\",\"description\":\"Trends und News rund ums Heiraten\",\"publisher\":{\"@id\":\"https:\/\/fine-weddings.de\/blog\/#organization\"},\"potentialAction\":[{\"@type\":\"SearchAction\",\"target\":{\"@type\":\"EntryPoint\",\"urlTemplate\":\"https:\/\/fine-weddings.de\/blog\/?s={search_term_string}\"},\"query-input\":\"required name=search_term_string\"}],\"inLanguage\":\"de\"},{\"@type\":\"Organization\",\"@id\":\"https:\/\/fine-weddings.de\/blog\/#organization\",\"name\":\"Fine Weddings & Parties\",\"url\":\"https:\/\/fine-weddings.de\/blog\/\",\"logo\":{\"@type\":\"ImageObject\",\"inLanguage\":\"de\",\"@id\":\"https:\/\/fine-weddings.de\/blog\/#\/schema\/logo\/image\/\",\"url\":\"https:\/\/www.fine-weddings.de\/blog\/wp-content\/uploads\/2021\/05\/FW-Logo.png\",\"contentUrl\":\"https:\/\/www.fine-weddings.de\/blog\/wp-content\/uploads\/2021\/05\/FW-Logo.png\",\"width\":500,\"height\":458,\"caption\":\"Fine Weddings & Parties\"},\"image\":{\"@id\":\"https:\/\/fine-weddings.de\/blog\/#\/schema\/logo\/image\/\"}},{\"@type\":\"Person\",\"@id\":\"https:\/\/fine-weddings.de\/blog\/#\/schema\/person\/428ddccb5a71ac2cb9fd1d22b99ce6e8\",\"name\":\"Freya Matthiessen\"}]}<\/script>\n<!-- \/ Yoast SEO plugin. -->","yoast_head_json":{"title":"Kompliment vom CLOSER Magazin - FINE WEDDINGS BLOG","description":"Das CLOSER Magazin betitelte mich als \"Deutschlands bekannteste Luxus Weddingplanerin\" - und darauf bin ich mehr als stolz!","robots":{"index":"index","follow":"follow","max-snippet":"max-snippet:-1","max-image-preview":"max-image-preview:large","max-video-preview":"max-video-preview:-1"},"canonical":"https:\/\/fine-weddings.de\/blog\/closer-magazin\/","og_locale":"de_DE","og_type":"article","og_title":"Kompliment vom CLOSER Magazin - FINE WEDDINGS BLOG","og_description":"Das CLOSER Magazin betitelte mich als \"Deutschlands bekannteste Luxus Weddingplanerin\" - und darauf bin ich mehr als stolz!","og_url":"https:\/\/fine-weddings.de\/blog\/closer-magazin\/","og_site_name":"FINE WEDDINGS BLOG","article_published_time":"2022-11-24T14:01:38+00:00","article_modified_time":"2022-11-24T16:22:20+00:00","og_image":[{"width":841,"height":595,"url":"https:\/\/fine-weddings.de\/blog\/wp-content\/uploads\/2022\/11\/closer-2.jpg","type":"image\/jpeg"}],"author":"Freya Matthiessen","twitter_card":"summary_large_image","twitter_misc":{"Verfasst von":"Freya Matthiessen","Gesch\u00e4tzte Lesezeit":"1\u00a0Minute"},"schema":{"@context":"https:\/\/schema.org","@graph":[{"@type":"Article","@id":"https:\/\/fine-weddings.de\/blog\/closer-magazin\/#article","isPartOf":{"@id":"https:\/\/fine-weddings.de\/blog\/closer-magazin\/"},"author":{"name":"Freya Matthiessen","@id":"https:\/\/fine-weddings.de\/blog\/#\/schema\/person\/428ddccb5a71ac2cb9fd1d22b99ce6e8"},"headline":"Kompliment vom CLOSER Magazin","datePublished":"2022-11-24T14:01:38+00:00","dateModified":"2022-11-24T16:22:20+00:00","mainEntityOfPage":{"@id":"https:\/\/fine-weddings.de\/blog\/closer-magazin\/"},"wordCount":316,"commentCount":0,"publisher":{"@id":"https:\/\/fine-weddings.de\/blog\/#organization"},"articleSection":["News"],"inLanguage":"de","potentialAction":[{"@type":"CommentAction","name":"Comment","target":["https:\/\/fine-weddings.de\/blog\/closer-magazin\/#respond"]}]},{"@type":"WebPage","@id":"https:\/\/fine-weddings.de\/blog\/closer-magazin\/","url":"https:\/\/fine-weddings.de\/blog\/closer-magazin\/","name":"Kompliment vom CLOSER Magazin - FINE WEDDINGS BLOG","isPartOf":{"@id":"https:\/\/fine-weddings.de\/blog\/#website"},"datePublished":"2022-11-24T14:01:38+00:00","dateModified":"2022-11-24T16:22:20+00:00","description":"Das CLOSER Magazin betitelte mich als \"Deutschlands bekannteste Luxus Weddingplanerin\" - und darauf bin ich mehr als stolz!","breadcrumb":{"@id":"https:\/\/fine-weddings.de\/blog\/closer-magazin\/#breadcrumb"},"inLanguage":"de","potentialAction":[{"@type":"ReadAction","target":["https:\/\/fine-weddings.de\/blog\/closer-magazin\/"]}]},{"@type":"BreadcrumbList","@id":"https:\/\/fine-weddings.de\/blog\/closer-magazin\/#breadcrumb","itemListElement":[{"@type":"ListItem","position":1,"name":"Home","item":"https:\/\/fine-weddings.de\/blog\/"},{"@type":"ListItem","position":2,"name":"Kompliment vom CLOSER Magazin"}]},{"@type":"WebSite","@id":"https:\/\/fine-weddings.de\/blog\/#website","url":"https:\/\/fine-weddings.de\/blog\/","name":"FINE WEDDINGS BLOG","description":"Trends und News rund ums Heiraten","publisher":{"@id":"https:\/\/fine-weddings.de\/blog\/#organization"},"potentialAction":[{"@type":"SearchAction","target":{"@type":"EntryPoint","urlTemplate":"https:\/\/fine-weddings.de\/blog\/?s={search_term_string}"},"query-input":"required name=search_term_string"}],"inLanguage":"de"},{"@type":"Organization","@id":"https:\/\/fine-weddings.de\/blog\/#organization","name":"Fine Weddings & Parties","url":"https:\/\/fine-weddings.de\/blog\/","logo":{"@type":"ImageObject","inLanguage":"de","@id":"https:\/\/fine-weddings.de\/blog\/#\/schema\/logo\/image\/","url":"https:\/\/www.fine-weddings.de\/blog\/wp-content\/uploads\/2021\/05\/FW-Logo.png","contentUrl":"https:\/\/www.fine-weddings.de\/blog\/wp-content\/uploads\/2021\/05\/FW-Logo.png","width":500,"height":458,"caption":"Fine Weddings & Parties"},"image":{"@id":"https:\/\/fine-weddings.de\/blog\/#\/schema\/logo\/image\/"}},{"@type":"Person","@id":"https:\/\/fine-weddings.de\/blog\/#\/schema\/person\/428ddccb5a71ac2cb9fd1d22b99ce6e8","name":"Freya Matthiessen"}]}},"_links":{"self":[{"href":"https:\/\/fine-weddings.de\/blog\/wp-json\/wp\/v2\/posts\/16969"}],"collection":[{"href":"https:\/\/fine-weddings.de\/blog\/wp-json\/wp\/v2\/posts"}],"about":[{"href":"https:\/\/fine-weddings.de\/blog\/wp-json\/wp\/v2\/types\/post"}],"author":[{"embeddable":true,"href":"https:\/\/fine-weddings.de\/blog\/wp-json\/wp\/v2\/users\/5"}],"replies":[{"embeddable":true,"href":"https:\/\/fine-weddings.de\/blog\/wp-json\/wp\/v2\/comments?post=16969"}],"version-history":[{"count":2,"href":"https:\/\/fine-weddings.de\/blog\/wp-json\/wp\/v2\/posts\/16969\/revisions"}],"predecessor-version":[{"id":16973,"href":"https:\/\/fine-weddings.de\/blog\/wp-json\/wp\/v2\/posts\/16969\/revisions\/16973"}],"wp:featuredmedia":[{"embeddable":true,"href":"https:\/\/fine-weddings.de\/blog\/wp-json\/wp\/v2\/media\/16975"}],"wp:attachment":[{"href":"https:\/\/fine-weddings.de\/blog\/wp-json\/wp\/v2\/media?parent=16969"}],"wp:term":[{"taxonomy":"category","embeddable":true,"href":"https:\/\/fine-weddings.de\/blog\/wp-json\/wp\/v2\/categories?post=16969"},{"taxonomy":"post_tag","embeddable":true,"href":"https:\/\/fine-weddings.de\/blog\/wp-json\/wp\/v2\/tags?post=16969"}],"curies":[{"name":"wp","href":"https:\/\/api.w.org\/{rel}","templated":true}]}}