{"id":16920,"date":"2022-07-19T22:52:11","date_gmt":"2022-07-19T20:52:11","guid":{"rendered":"https:\/\/fine-weddings.de\/blog\/?p=16920"},"modified":"2022-11-24T17:13:36","modified_gmt":"2022-11-24T16:13:36","slug":"lindner-hochzeit","status":"publish","type":"post","link":"https:\/\/fine-weddings.de\/blog\/lindner-hochzeit\/","title":{"rendered":"Hat Deutschland ein Problem mit seiner Elite? Meine Gedanken zur Lindner-Hochzeit"},"content":{"rendered":"<section class=\"wpb-content-wrapper\"><p>[vc_row][vc_column]<div class=\"ult-spacer spacer-69edf14c4e61d\" data-id=\"69edf14c4e61d\" data-height=\"20\" data-height-mobile=\"20\" data-height-tab=\"\" data-height-tab-portrait=\"\" data-height-mobile-landscape=\"\" style=\"clear:both;display:block;\"><\/div>[vc_column_text]<\/p>\n<p style=\"font-weight: 400;\">Mit Staunen habe ich in den vergangenen Tagen die Berichterstattung \u00fcber die Hochzeit unseres Bundesfinanzministers auf Sylt verfolgt, und ich muss sagen: Ich bin schockiert und wirklich ver\u00e4rgert! Was mich an dieser ganzen Diskussion am meisten st\u00f6rt, ist, dass es uns \u00fcberhaupt gar nichts angeht, wie ein verliebtes Paar die Hochzeit feiert. Seien es nun Franca Lehfeldt \u00a0und #christianlindner oder die Nachbarn von nebenan. Woher kommt diese Negativit\u00e4t gegen\u00fcber Menschen, die wir pers\u00f6nlich nicht kennen?<\/p>\n<p>[\/vc_column_text][\/vc_column][\/vc_row][vc_row][vc_column]<div class=\"ult-spacer spacer-69edf14c4e62e\" data-id=\"69edf14c4e62e\" data-height=\"20\" data-height-mobile=\"20\" data-height-tab=\"\" data-height-tab-portrait=\"\" data-height-mobile-landscape=\"\" style=\"clear:both;display:block;\"><\/div>[\/vc_column][\/vc_row][vc_row][vc_column][vc_single_image image=&#8220;16923&#8243; img_size=&#8220;full&#8220; alignment=&#8220;center&#8220;][\/vc_column][\/vc_row][vc_row][vc_column]<div class=\"ult-spacer spacer-69edf14c4e638\" data-id=\"69edf14c4e638\" data-height=\"20\" data-height-mobile=\"20\" data-height-tab=\"\" data-height-tab-portrait=\"\" data-height-mobile-landscape=\"\" style=\"clear:both;display:block;\"><\/div>[vc_column_text]<\/p>\n<p style=\"font-weight: 400;\">Das Problem: Schon Oma redete uns ein, dass wir nicht \u00fcber unseren Verh\u00e4ltnissen leben sollen. Was meine Oma nicht erw\u00e4hnte: Wir sollten aber auch nicht UNTER unseren Verh\u00e4ltnissen leben und schon gar nicht die eigene Hochzeit einschr\u00e4nken, weil es die Gesellschaft so will. Stichwort: Sozialneid.<\/p>\n<p>Fakt ist: Hier verm\u00e4hlte sich ein beruflich erfolgreiches und hart arbeitendes Paar. Die beiden haben die Feierlichkeiten wegen der Political Correctness sogar von Italien nach Deutschland verlegt. Und h\u00e4tten die beiden in der Turnhalle von Wanne-Eickel mit Kartoffelsalat und W\u00fcrstchen geheiratet h\u00e4tte, dann f\u00e4nde der deutsche Neider sicherlich auch dort ein Haar in der Suppe. \u00dcberraschung: Die Sicherheitskosten h\u00e4tte n\u00e4mlich auch dort der Staat \u00fcbernommen![\/vc_column_text][\/vc_column][\/vc_row][vc_row][vc_column][vc_single_image image=&#8220;16922&#8243; img_size=&#8220;full&#8220; alignment=&#8220;center&#8220;][\/vc_column][\/vc_row][vc_row][vc_column]<div class=\"ult-spacer spacer-69edf14c4e640\" data-id=\"69edf14c4e640\" data-height=\"20\" data-height-mobile=\"20\" data-height-tab=\"\" data-height-tab-portrait=\"\" data-height-mobile-landscape=\"\" style=\"clear:both;display:block;\"><\/div>[vc_column_text]<\/p>\n<p style=\"font-weight: 400;\">Ich selbst erlebe es immer wieder in meiner Arbeit als #Hochzeitsplanerin. Auch meine solventen Kunden haben mitunter Angst davor, was &#8222;die Leute denken&#8220;, wenn sie &#8222;zu glamour\u00f6s&#8220; zu feiern. Es gibt sogar Verschwiegenheitsvertr\u00e4ge, weil irgendjemand ja meckern k\u00f6nnte. Neulich habe ich erlebt, dass ein Gast auf einer Hochzeit ein Foto auf seinem Handy auf Wunsch des Brautpaars l\u00f6schen musste, weil das Wohnhaus der Familie im Hintergrund der Fotos von der Gartenparty zu sehen war. Begr\u00fcndung: Angst, was die Mitarbeiter der Firma des Brautpaars denken, falls sie irgendwo auf Social Media sehen, wie der Chef wohnt. Grunds\u00e4tzlich verr\u00fcckt, in dem Fall aber besonders schr\u00e4g, denn das Haus war sch\u00f6n, ja, keine Frage, aber mit Sicherheit kein Anlass f\u00fcr so ein Man\u00f6ver.<\/p>\n<p>Aber wo kommen wir da denn hin? Der Umgang mit den Leistungstr\u00e4gern unseres Landes ist ein absolutes No-go und wird durch mediale Hetze zudem gef\u00f6rdert. Mein Motto: Lebe, liebe und feiere so wie es dir gef\u00e4llt \u2013 nur nicht unter deinem Niveau!<\/p>\n<p>#lindner #lindnerhochzeit #sozialneid[\/vc_column_text][\/vc_column][\/vc_row][vc_row][vc_column]<div class=\"ult-spacer spacer-69edf14c4e647\" data-id=\"69edf14c4e647\" data-height=\"20\" data-height-mobile=\"20\" data-height-tab=\"\" data-height-tab-portrait=\"\" data-height-mobile-landscape=\"\" style=\"clear:both;display:block;\"><\/div>[\/vc_column][\/vc_row][vc_row][vc_column]<div class=\"ult-spacer spacer-69edf14c4e64e\" data-id=\"69edf14c4e64e\" data-height=\"20\" data-height-mobile=\"20\" data-height-tab=\"\" data-height-tab-portrait=\"\" data-height-mobile-landscape=\"\" style=\"clear:both;display:block;\"><\/div>[\/vc_column][\/vc_row][vc_row][vc_column][vc_column_text]<\/p>\n<p style=\"text-align: left;\">Alles Liebe,<\/p>\n<p style=\"text-align: left;\">Eure Nadine<\/p>\n<p><img decoding=\"async\" loading=\"lazy\" class=\"size-full wp-image-14578 alignnone alignleft\" src=\"https:\/\/fine-weddings.de\/wp-content\/uploads\/2015\/07\/2_Siegel_50x50.png\" alt=\"\" width=\"50\" height=\"50\" \/>[\/vc_column_text]<div class=\"ult-spacer spacer-69edf14c4e655\" data-id=\"69edf14c4e655\" data-height=\"20\" data-height-mobile=\"20\" data-height-tab=\"\" data-height-tab-portrait=\"\" data-height-mobile-landscape=\"\" style=\"clear:both;display:block;\"><\/div>[vc_column_text]<\/p>\n<p style=\"text-align: left;\">p.s. Ihr selbst wollt auf Sylt oder einer anderen Insel heiraten und ben\u00f6tigt noch Inspiration und Planungs-Hilfe? Schreibt mir eine E-Mail an info@fine-weddings.de<\/p>\n<p>[\/vc_column_text]<div class=\"ult-spacer spacer-69edf14c4e65b\" data-id=\"69edf14c4e65b\" data-height=\"20\" data-height-mobile=\"20\" data-height-tab=\"\" data-height-tab-portrait=\"\" data-height-mobile-landscape=\"\" style=\"clear:both;display:block;\"><\/div>[vc_column_text]<\/p>\n<p style=\"text-align: left;\">Fotocredit: mapfotodesign<\/p>\n<p>[\/vc_column_text]<div class=\"ult-spacer spacer-69edf14c4e661\" data-id=\"69edf14c4e661\" data-height=\"20\" data-height-mobile=\"20\" data-height-tab=\"\" data-height-tab-portrait=\"\" data-height-mobile-landscape=\"\" style=\"clear:both;display:block;\"><\/div>[\/vc_column][\/vc_row][vc_row][vc_column][vc_column_text][\/vc_column_text]<div class=\"ult-spacer spacer-69edf14c4e667\" data-id=\"69edf14c4e667\" data-height=\"20\" data-height-mobile=\"20\" data-height-tab=\"\" data-height-tab-portrait=\"\" data-height-mobile-landscape=\"\" style=\"clear:both;display:block;\"><\/div><div class=\"ult-spacer spacer-69edf14c4e66d\" data-id=\"69edf14c4e66d\" data-height=\"20\" data-height-mobile=\"20\" data-height-tab=\"\" data-height-tab-portrait=\"\" data-height-mobile-landscape=\"\" style=\"clear:both;display:block;\"><\/div><div class=\"ult-spacer spacer-69edf14c4e673\" data-id=\"69edf14c4e673\" data-height=\"20\" data-height-mobile=\"20\" data-height-tab=\"\" data-height-tab-portrait=\"\" data-height-mobile-landscape=\"\" style=\"clear:both;display:block;\"><\/div>[\/vc_column][\/vc_row][vc_row][vc_column width=&#8220;1\/2&#8243;]<div class=\"ult-spacer spacer-69edf14c4e679\" data-id=\"69edf14c4e679\" data-height=\"20\" data-height-mobile=\"20\" data-height-tab=\"\" data-height-tab-portrait=\"\" data-height-mobile-landscape=\"\" style=\"clear:both;display:block;\"><\/div><div class=\"ult-spacer spacer-69edf14c4e67f\" data-id=\"69edf14c4e67f\" data-height=\"20\" data-height-mobile=\"20\" data-height-tab=\"\" data-height-tab-portrait=\"\" data-height-mobile-landscape=\"\" style=\"clear:both;display:block;\"><\/div>[\/vc_column][vc_column width=&#8220;1\/2&#8243;]<div class=\"ult-spacer spacer-69edf14c4e685\" data-id=\"69edf14c4e685\" data-height=\"20\" data-height-mobile=\"20\" data-height-tab=\"\" data-height-tab-portrait=\"\" data-height-mobile-landscape=\"\" style=\"clear:both;display:block;\"><\/div><div class=\"ult-spacer spacer-69edf14c4e68b\" data-id=\"69edf14c4e68b\" data-height=\"20\" data-height-mobile=\"20\" data-height-tab=\"\" data-height-tab-portrait=\"\" data-height-mobile-landscape=\"\" style=\"clear:both;display:block;\"><\/div>[\/vc_column][\/vc_row]<\/p>\n<\/section>","protected":false},"excerpt":{"rendered":"<p>Mit Staunen habe ich in den vergangenen Tagen die Berichterstattung \u00fcber die Hochzeit unseres Bundesfinanzministers auf Sylt verfolgt, und ich muss sagen: Ich bin schockiert und wirklich ver\u00e4rgert! Woher kommt diese Negativit\u00e4t gegen\u00fcber Menschen, die wir pers\u00f6nlich nicht kennen?<\/p>\n","protected":false},"author":5,"featured_media":16923,"comment_status":"open","ping_status":"open","sticky":false,"template":"","format":"standard","meta":[],"categories":[69],"tags":[],"acf":[],"yoast_head":"<!-- This site is optimized with the Yoast SEO plugin v20.2 - https:\/\/yoast.com\/wordpress\/plugins\/seo\/ -->\n<title>Hat Deutschland ein Problem mit seiner Elite? Meine Gedanken zur Lindner-Hochzeit - FINE WEDDINGS BLOG<\/title>\n<meta name=\"description\" content=\"Mit Staunen habe ich in den vergangenen Tagen die Berichterstattung \u00fcber die Hochzeit unseres Bundesfinanzministers auf Sylt verfolgt, und ich muss sagen: Ich bin schockiert und wirklich ver\u00e4rgert! Woher kommt diese Negativit\u00e4t gegen\u00fcber Menschen, die wir pers\u00f6nlich nicht kennen?\" \/>\n<meta name=\"robots\" content=\"index, follow, max-snippet:-1, max-image-preview:large, max-video-preview:-1\" \/>\n<link rel=\"canonical\" href=\"https:\/\/fine-weddings.de\/blog\/lindner-hochzeit\/\" \/>\n<meta property=\"og:locale\" content=\"de_DE\" \/>\n<meta property=\"og:type\" content=\"article\" \/>\n<meta property=\"og:title\" content=\"Hat Deutschland ein Problem mit seiner Elite? Meine Gedanken zur Lindner-Hochzeit - FINE WEDDINGS BLOG\" \/>\n<meta property=\"og:description\" content=\"Mit Staunen habe ich in den vergangenen Tagen die Berichterstattung \u00fcber die Hochzeit unseres Bundesfinanzministers auf Sylt verfolgt, und ich muss sagen: Ich bin schockiert und wirklich ver\u00e4rgert! Woher kommt diese Negativit\u00e4t gegen\u00fcber Menschen, die wir pers\u00f6nlich nicht kennen?\" \/>\n<meta property=\"og:url\" content=\"https:\/\/fine-weddings.de\/blog\/lindner-hochzeit\/\" \/>\n<meta property=\"og:site_name\" content=\"FINE WEDDINGS BLOG\" \/>\n<meta property=\"article:published_time\" content=\"2022-07-19T20:52:11+00:00\" \/>\n<meta property=\"article:modified_time\" content=\"2022-11-24T16:13:36+00:00\" \/>\n<meta property=\"og:image\" content=\"https:\/\/fine-weddings.de\/blog\/wp-content\/uploads\/2022\/07\/65aaa4fe-6971-43a8-8870-39f61098bbb0.jpg\" \/>\n\t<meta property=\"og:image:width\" content=\"1024\" \/>\n\t<meta property=\"og:image:height\" content=\"768\" \/>\n\t<meta property=\"og:image:type\" content=\"image\/jpeg\" \/>\n<meta name=\"author\" content=\"Freya Matthiessen\" \/>\n<meta name=\"twitter:card\" content=\"summary_large_image\" \/>\n<meta name=\"twitter:label1\" content=\"Verfasst von\" \/>\n\t<meta name=\"twitter:data1\" content=\"Freya Matthiessen\" \/>\n\t<meta name=\"twitter:label2\" content=\"Gesch\u00e4tzte Lesezeit\" \/>\n\t<meta name=\"twitter:data2\" content=\"3\u00a0Minuten\" \/>\n<script type=\"application\/ld+json\" class=\"yoast-schema-graph\">{\"@context\":\"https:\/\/schema.org\",\"@graph\":[{\"@type\":\"Article\",\"@id\":\"https:\/\/fine-weddings.de\/blog\/lindner-hochzeit\/#article\",\"isPartOf\":{\"@id\":\"https:\/\/fine-weddings.de\/blog\/lindner-hochzeit\/\"},\"author\":{\"name\":\"Freya Matthiessen\",\"@id\":\"https:\/\/fine-weddings.de\/blog\/#\/schema\/person\/428ddccb5a71ac2cb9fd1d22b99ce6e8\"},\"headline\":\"Hat Deutschland ein Problem mit seiner Elite? Meine Gedanken zur Lindner-Hochzeit\",\"datePublished\":\"2022-07-19T20:52:11+00:00\",\"dateModified\":\"2022-11-24T16:13:36+00:00\",\"mainEntityOfPage\":{\"@id\":\"https:\/\/fine-weddings.de\/blog\/lindner-hochzeit\/\"},\"wordCount\":673,\"commentCount\":0,\"publisher\":{\"@id\":\"https:\/\/fine-weddings.de\/blog\/#organization\"},\"articleSection\":[\"News\"],\"inLanguage\":\"de\",\"potentialAction\":[{\"@type\":\"CommentAction\",\"name\":\"Comment\",\"target\":[\"https:\/\/fine-weddings.de\/blog\/lindner-hochzeit\/#respond\"]}]},{\"@type\":\"WebPage\",\"@id\":\"https:\/\/fine-weddings.de\/blog\/lindner-hochzeit\/\",\"url\":\"https:\/\/fine-weddings.de\/blog\/lindner-hochzeit\/\",\"name\":\"Hat Deutschland ein Problem mit seiner Elite? Meine Gedanken zur Lindner-Hochzeit - FINE WEDDINGS BLOG\",\"isPartOf\":{\"@id\":\"https:\/\/fine-weddings.de\/blog\/#website\"},\"datePublished\":\"2022-07-19T20:52:11+00:00\",\"dateModified\":\"2022-11-24T16:13:36+00:00\",\"description\":\"Mit Staunen habe ich in den vergangenen Tagen die Berichterstattung \u00fcber die Hochzeit unseres Bundesfinanzministers auf Sylt verfolgt, und ich muss sagen: Ich bin schockiert und wirklich ver\u00e4rgert! Woher kommt diese Negativit\u00e4t gegen\u00fcber Menschen, die wir pers\u00f6nlich nicht kennen?\",\"breadcrumb\":{\"@id\":\"https:\/\/fine-weddings.de\/blog\/lindner-hochzeit\/#breadcrumb\"},\"inLanguage\":\"de\",\"potentialAction\":[{\"@type\":\"ReadAction\",\"target\":[\"https:\/\/fine-weddings.de\/blog\/lindner-hochzeit\/\"]}]},{\"@type\":\"BreadcrumbList\",\"@id\":\"https:\/\/fine-weddings.de\/blog\/lindner-hochzeit\/#breadcrumb\",\"itemListElement\":[{\"@type\":\"ListItem\",\"position\":1,\"name\":\"Home\",\"item\":\"https:\/\/fine-weddings.de\/blog\/\"},{\"@type\":\"ListItem\",\"position\":2,\"name\":\"Hat Deutschland ein Problem mit seiner Elite? Meine Gedanken zur Lindner-Hochzeit\"}]},{\"@type\":\"WebSite\",\"@id\":\"https:\/\/fine-weddings.de\/blog\/#website\",\"url\":\"https:\/\/fine-weddings.de\/blog\/\",\"name\":\"FINE WEDDINGS BLOG\",\"description\":\"Trends und News rund ums Heiraten\",\"publisher\":{\"@id\":\"https:\/\/fine-weddings.de\/blog\/#organization\"},\"potentialAction\":[{\"@type\":\"SearchAction\",\"target\":{\"@type\":\"EntryPoint\",\"urlTemplate\":\"https:\/\/fine-weddings.de\/blog\/?s={search_term_string}\"},\"query-input\":\"required name=search_term_string\"}],\"inLanguage\":\"de\"},{\"@type\":\"Organization\",\"@id\":\"https:\/\/fine-weddings.de\/blog\/#organization\",\"name\":\"Fine Weddings & Parties\",\"url\":\"https:\/\/fine-weddings.de\/blog\/\",\"logo\":{\"@type\":\"ImageObject\",\"inLanguage\":\"de\",\"@id\":\"https:\/\/fine-weddings.de\/blog\/#\/schema\/logo\/image\/\",\"url\":\"https:\/\/www.fine-weddings.de\/blog\/wp-content\/uploads\/2021\/05\/FW-Logo.png\",\"contentUrl\":\"https:\/\/www.fine-weddings.de\/blog\/wp-content\/uploads\/2021\/05\/FW-Logo.png\",\"width\":500,\"height\":458,\"caption\":\"Fine Weddings & Parties\"},\"image\":{\"@id\":\"https:\/\/fine-weddings.de\/blog\/#\/schema\/logo\/image\/\"}},{\"@type\":\"Person\",\"@id\":\"https:\/\/fine-weddings.de\/blog\/#\/schema\/person\/428ddccb5a71ac2cb9fd1d22b99ce6e8\",\"name\":\"Freya Matthiessen\"}]}<\/script>\n<!-- \/ Yoast SEO plugin. -->","yoast_head_json":{"title":"Hat Deutschland ein Problem mit seiner Elite? Meine Gedanken zur Lindner-Hochzeit - FINE WEDDINGS BLOG","description":"Mit Staunen habe ich in den vergangenen Tagen die Berichterstattung \u00fcber die Hochzeit unseres Bundesfinanzministers auf Sylt verfolgt, und ich muss sagen: Ich bin schockiert und wirklich ver\u00e4rgert! Woher kommt diese Negativit\u00e4t gegen\u00fcber Menschen, die wir pers\u00f6nlich nicht kennen?","robots":{"index":"index","follow":"follow","max-snippet":"max-snippet:-1","max-image-preview":"max-image-preview:large","max-video-preview":"max-video-preview:-1"},"canonical":"https:\/\/fine-weddings.de\/blog\/lindner-hochzeit\/","og_locale":"de_DE","og_type":"article","og_title":"Hat Deutschland ein Problem mit seiner Elite? Meine Gedanken zur Lindner-Hochzeit - FINE WEDDINGS BLOG","og_description":"Mit Staunen habe ich in den vergangenen Tagen die Berichterstattung \u00fcber die Hochzeit unseres Bundesfinanzministers auf Sylt verfolgt, und ich muss sagen: Ich bin schockiert und wirklich ver\u00e4rgert! Woher kommt diese Negativit\u00e4t gegen\u00fcber Menschen, die wir pers\u00f6nlich nicht kennen?","og_url":"https:\/\/fine-weddings.de\/blog\/lindner-hochzeit\/","og_site_name":"FINE WEDDINGS BLOG","article_published_time":"2022-07-19T20:52:11+00:00","article_modified_time":"2022-11-24T16:13:36+00:00","og_image":[{"width":1024,"height":768,"url":"https:\/\/fine-weddings.de\/blog\/wp-content\/uploads\/2022\/07\/65aaa4fe-6971-43a8-8870-39f61098bbb0.jpg","type":"image\/jpeg"}],"author":"Freya Matthiessen","twitter_card":"summary_large_image","twitter_misc":{"Verfasst von":"Freya Matthiessen","Gesch\u00e4tzte Lesezeit":"3\u00a0Minuten"},"schema":{"@context":"https:\/\/schema.org","@graph":[{"@type":"Article","@id":"https:\/\/fine-weddings.de\/blog\/lindner-hochzeit\/#article","isPartOf":{"@id":"https:\/\/fine-weddings.de\/blog\/lindner-hochzeit\/"},"author":{"name":"Freya Matthiessen","@id":"https:\/\/fine-weddings.de\/blog\/#\/schema\/person\/428ddccb5a71ac2cb9fd1d22b99ce6e8"},"headline":"Hat Deutschland ein Problem mit seiner Elite? Meine Gedanken zur Lindner-Hochzeit","datePublished":"2022-07-19T20:52:11+00:00","dateModified":"2022-11-24T16:13:36+00:00","mainEntityOfPage":{"@id":"https:\/\/fine-weddings.de\/blog\/lindner-hochzeit\/"},"wordCount":673,"commentCount":0,"publisher":{"@id":"https:\/\/fine-weddings.de\/blog\/#organization"},"articleSection":["News"],"inLanguage":"de","potentialAction":[{"@type":"CommentAction","name":"Comment","target":["https:\/\/fine-weddings.de\/blog\/lindner-hochzeit\/#respond"]}]},{"@type":"WebPage","@id":"https:\/\/fine-weddings.de\/blog\/lindner-hochzeit\/","url":"https:\/\/fine-weddings.de\/blog\/lindner-hochzeit\/","name":"Hat Deutschland ein Problem mit seiner Elite? Meine Gedanken zur Lindner-Hochzeit - FINE WEDDINGS BLOG","isPartOf":{"@id":"https:\/\/fine-weddings.de\/blog\/#website"},"datePublished":"2022-07-19T20:52:11+00:00","dateModified":"2022-11-24T16:13:36+00:00","description":"Mit Staunen habe ich in den vergangenen Tagen die Berichterstattung \u00fcber die Hochzeit unseres Bundesfinanzministers auf Sylt verfolgt, und ich muss sagen: Ich bin schockiert und wirklich ver\u00e4rgert! Woher kommt diese Negativit\u00e4t gegen\u00fcber Menschen, die wir pers\u00f6nlich nicht kennen?","breadcrumb":{"@id":"https:\/\/fine-weddings.de\/blog\/lindner-hochzeit\/#breadcrumb"},"inLanguage":"de","potentialAction":[{"@type":"ReadAction","target":["https:\/\/fine-weddings.de\/blog\/lindner-hochzeit\/"]}]},{"@type":"BreadcrumbList","@id":"https:\/\/fine-weddings.de\/blog\/lindner-hochzeit\/#breadcrumb","itemListElement":[{"@type":"ListItem","position":1,"name":"Home","item":"https:\/\/fine-weddings.de\/blog\/"},{"@type":"ListItem","position":2,"name":"Hat Deutschland ein Problem mit seiner Elite? Meine Gedanken zur Lindner-Hochzeit"}]},{"@type":"WebSite","@id":"https:\/\/fine-weddings.de\/blog\/#website","url":"https:\/\/fine-weddings.de\/blog\/","name":"FINE WEDDINGS BLOG","description":"Trends und News rund ums Heiraten","publisher":{"@id":"https:\/\/fine-weddings.de\/blog\/#organization"},"potentialAction":[{"@type":"SearchAction","target":{"@type":"EntryPoint","urlTemplate":"https:\/\/fine-weddings.de\/blog\/?s={search_term_string}"},"query-input":"required name=search_term_string"}],"inLanguage":"de"},{"@type":"Organization","@id":"https:\/\/fine-weddings.de\/blog\/#organization","name":"Fine Weddings & Parties","url":"https:\/\/fine-weddings.de\/blog\/","logo":{"@type":"ImageObject","inLanguage":"de","@id":"https:\/\/fine-weddings.de\/blog\/#\/schema\/logo\/image\/","url":"https:\/\/www.fine-weddings.de\/blog\/wp-content\/uploads\/2021\/05\/FW-Logo.png","contentUrl":"https:\/\/www.fine-weddings.de\/blog\/wp-content\/uploads\/2021\/05\/FW-Logo.png","width":500,"height":458,"caption":"Fine Weddings & Parties"},"image":{"@id":"https:\/\/fine-weddings.de\/blog\/#\/schema\/logo\/image\/"}},{"@type":"Person","@id":"https:\/\/fine-weddings.de\/blog\/#\/schema\/person\/428ddccb5a71ac2cb9fd1d22b99ce6e8","name":"Freya Matthiessen"}]}},"_links":{"self":[{"href":"https:\/\/fine-weddings.de\/blog\/wp-json\/wp\/v2\/posts\/16920"}],"collection":[{"href":"https:\/\/fine-weddings.de\/blog\/wp-json\/wp\/v2\/posts"}],"about":[{"href":"https:\/\/fine-weddings.de\/blog\/wp-json\/wp\/v2\/types\/post"}],"author":[{"embeddable":true,"href":"https:\/\/fine-weddings.de\/blog\/wp-json\/wp\/v2\/users\/5"}],"replies":[{"embeddable":true,"href":"https:\/\/fine-weddings.de\/blog\/wp-json\/wp\/v2\/comments?post=16920"}],"version-history":[{"count":5,"href":"https:\/\/fine-weddings.de\/blog\/wp-json\/wp\/v2\/posts\/16920\/revisions"}],"predecessor-version":[{"id":16928,"href":"https:\/\/fine-weddings.de\/blog\/wp-json\/wp\/v2\/posts\/16920\/revisions\/16928"}],"wp:featuredmedia":[{"embeddable":true,"href":"https:\/\/fine-weddings.de\/blog\/wp-json\/wp\/v2\/media\/16923"}],"wp:attachment":[{"href":"https:\/\/fine-weddings.de\/blog\/wp-json\/wp\/v2\/media?parent=16920"}],"wp:term":[{"taxonomy":"category","embeddable":true,"href":"https:\/\/fine-weddings.de\/blog\/wp-json\/wp\/v2\/categories?post=16920"},{"taxonomy":"post_tag","embeddable":true,"href":"https:\/\/fine-weddings.de\/blog\/wp-json\/wp\/v2\/tags?post=16920"}],"curies":[{"name":"wp","href":"https:\/\/api.w.org\/{rel}","templated":true}]}}