{"id":16836,"date":"2022-02-17T15:34:34","date_gmt":"2022-02-17T14:34:34","guid":{"rendered":"https:\/\/fine-weddings.de\/blog\/?p=16836"},"modified":"2022-02-17T15:34:34","modified_gmt":"2022-02-17T14:34:34","slug":"endlich-wieder-garten-hochzeiten","status":"publish","type":"post","link":"https:\/\/fine-weddings.de\/blog\/endlich-wieder-garten-hochzeiten\/","title":{"rendered":"Endlich wieder Garten-Hochzeiten!"},"content":{"rendered":"<section class=\"wpb-content-wrapper\"><p>[vc_row][vc_column][vc_single_image image=&#8220;16837&#8243; img_size=&#8220;full&#8220; css_animation=&#8220;none&#8220;]<div class=\"dfd-spacer-module\"  data-units=\"px\" data-wide_resolution=\"1280\" data-wide_size=\"30\" data-normal_resolution=\"1024\" data-normal_size=\"\" data-tablet_resolution=\"800\" data-tablet_size=\"\" data-mobile_resolution=\"480\" data-mobile_size=\"\" style=\"height: 30px;\"><\/div>[\/vc_column][\/vc_row][vc_row][vc_column][vc_column_text]Die ersten Fr\u00fchlingsbl\u00fcmchen sprie\u00dfen, die Temperatur klettert langsam aber sicher wieder nach oben und wir k\u00f6nnen es kaum erwarten: Bald beginnt die Saison f\u00fcr Gartenhochzeiten! Bereits im vergangenen Jahr entschieden sich einige unserer Brautpaare f\u00fcr die Trauung, die nicht nur wegen Corona voll im Trend liegt: Ob im eigenen urbanen Garten oder auf dem romantischen Grundst\u00fcck der Gro\u00dfeltern drau\u00dfen auf dem Land \u2013 mein Team und ich freuen uns sehr, euch bei der Planung zu unterst\u00fctzen. Erste Eindr\u00fccke unserer Arbeit findet ihr auf DEM Hochzeitsblog \u201eHochzeitswahn\u201c, der unsere romantische Gartenhochzeit als Anlass f\u00fcr einen tollen Artikel genommen hat. Hier geht\u2019s zum Nachlesen bei Hochzeitswahn: <a href=\"https:\/\/www.hochzeitswahn.de\/inspirationsideen\/gartenhochzeiten-nicht-nur-durch-corona-im-trend\/\" target=\"_blank\" rel=\"noopener\">https:\/\/www.hochzeitswahn.de\/inspirationsideen\/gartenhochzeiten-nicht-nur-durch-corona-im-trend\/<\/a>[\/vc_column_text][\/vc_column][\/vc_row][vc_row][vc_column]<div class=\"ult-spacer spacer-69ee0d343b421\" data-id=\"69ee0d343b421\" data-height=\"20\" data-height-mobile=\"20\" data-height-tab=\"\" data-height-tab-portrait=\"\" data-height-mobile-landscape=\"\" style=\"clear:both;display:block;\"><\/div>[\/vc_column][\/vc_row][vc_row][vc_column][vc_column_text]<\/p>\n<p style=\"text-align: left;\">Alles Liebe, Eure Nadine\u2026<\/p>\n<p><img decoding=\"async\" loading=\"lazy\" class=\"size-full wp-image-14578 alignnone alignleft\" src=\"https:\/\/fine-weddings.de\/wp-content\/uploads\/2015\/07\/2_Siegel_50x50.png\" alt=\"\" width=\"50\" height=\"50\" \/>[\/vc_column_text]<div class=\"ult-spacer spacer-69ee0d343b42d\" data-id=\"69ee0d343b42d\" data-height=\"20\" data-height-mobile=\"20\" data-height-tab=\"\" data-height-tab-portrait=\"\" data-height-mobile-landscape=\"\" style=\"clear:both;display:block;\"><\/div><div class=\"ult-spacer spacer-69ee0d343b434\" data-id=\"69ee0d343b434\" data-height=\"20\" data-height-mobile=\"20\" data-height-tab=\"\" data-height-tab-portrait=\"\" data-height-mobile-landscape=\"\" style=\"clear:both;display:block;\"><\/div><div class=\"ult-spacer spacer-69ee0d343b43b\" data-id=\"69ee0d343b43b\" data-height=\"20\" data-height-mobile=\"20\" data-height-tab=\"\" data-height-tab-portrait=\"\" data-height-mobile-landscape=\"\" style=\"clear:both;display:block;\"><\/div>[\/vc_column][\/vc_row][vc_row][vc_column width=&#8220;1\/2&#8243;]<div class=\"ult-spacer spacer-69ee0d343b441\" data-id=\"69ee0d343b441\" data-height=\"20\" data-height-mobile=\"20\" data-height-tab=\"\" data-height-tab-portrait=\"\" data-height-mobile-landscape=\"\" style=\"clear:both;display:block;\"><\/div><div class=\"ult-spacer spacer-69ee0d343b448\" data-id=\"69ee0d343b448\" data-height=\"20\" data-height-mobile=\"20\" data-height-tab=\"\" data-height-tab-portrait=\"\" data-height-mobile-landscape=\"\" style=\"clear:both;display:block;\"><\/div>[\/vc_column][vc_column width=&#8220;1\/2&#8243;]<div class=\"ult-spacer spacer-69ee0d343b44e\" data-id=\"69ee0d343b44e\" data-height=\"20\" data-height-mobile=\"20\" data-height-tab=\"\" data-height-tab-portrait=\"\" data-height-mobile-landscape=\"\" style=\"clear:both;display:block;\"><\/div><div class=\"ult-spacer spacer-69ee0d343b454\" data-id=\"69ee0d343b454\" data-height=\"20\" data-height-mobile=\"20\" data-height-tab=\"\" data-height-tab-portrait=\"\" data-height-mobile-landscape=\"\" style=\"clear:both;display:block;\"><\/div>[\/vc_column][\/vc_row]<\/p>\n<\/section>","protected":false},"excerpt":{"rendered":"<p>Bald beginnt die Saison f\u00fcr Gartenhochzeiten! Bereits im vergangenen Jahr entschieden sich einige unserer Brautpaare f\u00fcr die Trauung, die nicht nur wegen Corona voll im Trend liegt.<\/p>\n","protected":false},"author":2,"featured_media":16837,"comment_status":"open","ping_status":"open","sticky":false,"template":"","format":"standard","meta":[],"categories":[76,1],"tags":[],"acf":[],"yoast_head":"<!-- This site is optimized with the Yoast SEO plugin v20.2 - https:\/\/yoast.com\/wordpress\/plugins\/seo\/ -->\n<title>Endlich wieder Garten-Hochzeiten! - FINE WEDDINGS BLOG<\/title>\n<meta name=\"description\" content=\"Bald beginnt die Saison f\u00fcr Gartenhochzeiten! Bereits im vergangenen Jahr entschieden sich einige unserer Brautpaare f\u00fcr die Trauung, die nicht nur wegen Corona voll im Trend liegt.\" \/>\n<meta name=\"robots\" content=\"index, follow, max-snippet:-1, max-image-preview:large, max-video-preview:-1\" \/>\n<link rel=\"canonical\" href=\"https:\/\/fine-weddings.de\/blog\/endlich-wieder-garten-hochzeiten\/\" \/>\n<meta property=\"og:locale\" content=\"de_DE\" \/>\n<meta property=\"og:type\" content=\"article\" \/>\n<meta property=\"og:title\" content=\"Endlich wieder Garten-Hochzeiten! - FINE WEDDINGS BLOG\" \/>\n<meta property=\"og:description\" content=\"Bald beginnt die Saison f\u00fcr Gartenhochzeiten! Bereits im vergangenen Jahr entschieden sich einige unserer Brautpaare f\u00fcr die Trauung, die nicht nur wegen Corona voll im Trend liegt.\" \/>\n<meta property=\"og:url\" content=\"https:\/\/fine-weddings.de\/blog\/endlich-wieder-garten-hochzeiten\/\" \/>\n<meta property=\"og:site_name\" content=\"FINE WEDDINGS BLOG\" \/>\n<meta property=\"article:published_time\" content=\"2022-02-17T14:34:34+00:00\" \/>\n<meta property=\"og:image\" content=\"https:\/\/fine-weddings.de\/blog\/wp-content\/uploads\/2022\/02\/20210821-fwp-lisa-johann-0003-scaled.jpg\" \/>\n\t<meta property=\"og:image:width\" content=\"1709\" \/>\n\t<meta property=\"og:image:height\" content=\"2560\" \/>\n\t<meta property=\"og:image:type\" content=\"image\/jpeg\" \/>\n<meta name=\"author\" content=\"Fine Weddings\" \/>\n<meta name=\"twitter:card\" content=\"summary_large_image\" \/>\n<meta name=\"twitter:label1\" content=\"Verfasst von\" \/>\n\t<meta name=\"twitter:data1\" content=\"Fine Weddings\" \/>\n\t<meta name=\"twitter:label2\" content=\"Gesch\u00e4tzte Lesezeit\" \/>\n\t<meta name=\"twitter:data2\" content=\"1\u00a0Minute\" \/>\n<script type=\"application\/ld+json\" class=\"yoast-schema-graph\">{\"@context\":\"https:\/\/schema.org\",\"@graph\":[{\"@type\":\"Article\",\"@id\":\"https:\/\/fine-weddings.de\/blog\/endlich-wieder-garten-hochzeiten\/#article\",\"isPartOf\":{\"@id\":\"https:\/\/fine-weddings.de\/blog\/endlich-wieder-garten-hochzeiten\/\"},\"author\":{\"name\":\"Fine Weddings\",\"@id\":\"https:\/\/fine-weddings.de\/blog\/#\/schema\/person\/87220e91a4a062b03e05ff505288330b\"},\"headline\":\"Endlich wieder Garten-Hochzeiten!\",\"datePublished\":\"2022-02-17T14:34:34+00:00\",\"dateModified\":\"2022-02-17T14:34:34+00:00\",\"mainEntityOfPage\":{\"@id\":\"https:\/\/fine-weddings.de\/blog\/endlich-wieder-garten-hochzeiten\/\"},\"wordCount\":263,\"commentCount\":0,\"publisher\":{\"@id\":\"https:\/\/fine-weddings.de\/blog\/#organization\"},\"articleSection\":[\"Experten-Tipps\",\"Wedding Trends\"],\"inLanguage\":\"de\",\"potentialAction\":[{\"@type\":\"CommentAction\",\"name\":\"Comment\",\"target\":[\"https:\/\/fine-weddings.de\/blog\/endlich-wieder-garten-hochzeiten\/#respond\"]}]},{\"@type\":\"WebPage\",\"@id\":\"https:\/\/fine-weddings.de\/blog\/endlich-wieder-garten-hochzeiten\/\",\"url\":\"https:\/\/fine-weddings.de\/blog\/endlich-wieder-garten-hochzeiten\/\",\"name\":\"Endlich wieder Garten-Hochzeiten! - FINE WEDDINGS BLOG\",\"isPartOf\":{\"@id\":\"https:\/\/fine-weddings.de\/blog\/#website\"},\"datePublished\":\"2022-02-17T14:34:34+00:00\",\"dateModified\":\"2022-02-17T14:34:34+00:00\",\"description\":\"Bald beginnt die Saison f\u00fcr Gartenhochzeiten! Bereits im vergangenen Jahr entschieden sich einige unserer Brautpaare f\u00fcr die Trauung, die nicht nur wegen Corona voll im Trend liegt.\",\"breadcrumb\":{\"@id\":\"https:\/\/fine-weddings.de\/blog\/endlich-wieder-garten-hochzeiten\/#breadcrumb\"},\"inLanguage\":\"de\",\"potentialAction\":[{\"@type\":\"ReadAction\",\"target\":[\"https:\/\/fine-weddings.de\/blog\/endlich-wieder-garten-hochzeiten\/\"]}]},{\"@type\":\"BreadcrumbList\",\"@id\":\"https:\/\/fine-weddings.de\/blog\/endlich-wieder-garten-hochzeiten\/#breadcrumb\",\"itemListElement\":[{\"@type\":\"ListItem\",\"position\":1,\"name\":\"Home\",\"item\":\"https:\/\/fine-weddings.de\/blog\/\"},{\"@type\":\"ListItem\",\"position\":2,\"name\":\"Endlich wieder Garten-Hochzeiten!\"}]},{\"@type\":\"WebSite\",\"@id\":\"https:\/\/fine-weddings.de\/blog\/#website\",\"url\":\"https:\/\/fine-weddings.de\/blog\/\",\"name\":\"FINE WEDDINGS BLOG\",\"description\":\"Trends und News rund ums Heiraten\",\"publisher\":{\"@id\":\"https:\/\/fine-weddings.de\/blog\/#organization\"},\"potentialAction\":[{\"@type\":\"SearchAction\",\"target\":{\"@type\":\"EntryPoint\",\"urlTemplate\":\"https:\/\/fine-weddings.de\/blog\/?s={search_term_string}\"},\"query-input\":\"required name=search_term_string\"}],\"inLanguage\":\"de\"},{\"@type\":\"Organization\",\"@id\":\"https:\/\/fine-weddings.de\/blog\/#organization\",\"name\":\"Fine Weddings & Parties\",\"url\":\"https:\/\/fine-weddings.de\/blog\/\",\"logo\":{\"@type\":\"ImageObject\",\"inLanguage\":\"de\",\"@id\":\"https:\/\/fine-weddings.de\/blog\/#\/schema\/logo\/image\/\",\"url\":\"https:\/\/www.fine-weddings.de\/blog\/wp-content\/uploads\/2021\/05\/FW-Logo.png\",\"contentUrl\":\"https:\/\/www.fine-weddings.de\/blog\/wp-content\/uploads\/2021\/05\/FW-Logo.png\",\"width\":500,\"height\":458,\"caption\":\"Fine Weddings & Parties\"},\"image\":{\"@id\":\"https:\/\/fine-weddings.de\/blog\/#\/schema\/logo\/image\/\"}},{\"@type\":\"Person\",\"@id\":\"https:\/\/fine-weddings.de\/blog\/#\/schema\/person\/87220e91a4a062b03e05ff505288330b\",\"name\":\"Fine Weddings\"}]}<\/script>\n<!-- \/ Yoast SEO plugin. -->","yoast_head_json":{"title":"Endlich wieder Garten-Hochzeiten! - FINE WEDDINGS BLOG","description":"Bald beginnt die Saison f\u00fcr Gartenhochzeiten! Bereits im vergangenen Jahr entschieden sich einige unserer Brautpaare f\u00fcr die Trauung, die nicht nur wegen Corona voll im Trend liegt.","robots":{"index":"index","follow":"follow","max-snippet":"max-snippet:-1","max-image-preview":"max-image-preview:large","max-video-preview":"max-video-preview:-1"},"canonical":"https:\/\/fine-weddings.de\/blog\/endlich-wieder-garten-hochzeiten\/","og_locale":"de_DE","og_type":"article","og_title":"Endlich wieder Garten-Hochzeiten! - FINE WEDDINGS BLOG","og_description":"Bald beginnt die Saison f\u00fcr Gartenhochzeiten! Bereits im vergangenen Jahr entschieden sich einige unserer Brautpaare f\u00fcr die Trauung, die nicht nur wegen Corona voll im Trend liegt.","og_url":"https:\/\/fine-weddings.de\/blog\/endlich-wieder-garten-hochzeiten\/","og_site_name":"FINE WEDDINGS BLOG","article_published_time":"2022-02-17T14:34:34+00:00","og_image":[{"width":1709,"height":2560,"url":"https:\/\/fine-weddings.de\/blog\/wp-content\/uploads\/2022\/02\/20210821-fwp-lisa-johann-0003-scaled.jpg","type":"image\/jpeg"}],"author":"Fine Weddings","twitter_card":"summary_large_image","twitter_misc":{"Verfasst von":"Fine Weddings","Gesch\u00e4tzte Lesezeit":"1\u00a0Minute"},"schema":{"@context":"https:\/\/schema.org","@graph":[{"@type":"Article","@id":"https:\/\/fine-weddings.de\/blog\/endlich-wieder-garten-hochzeiten\/#article","isPartOf":{"@id":"https:\/\/fine-weddings.de\/blog\/endlich-wieder-garten-hochzeiten\/"},"author":{"name":"Fine Weddings","@id":"https:\/\/fine-weddings.de\/blog\/#\/schema\/person\/87220e91a4a062b03e05ff505288330b"},"headline":"Endlich wieder Garten-Hochzeiten!","datePublished":"2022-02-17T14:34:34+00:00","dateModified":"2022-02-17T14:34:34+00:00","mainEntityOfPage":{"@id":"https:\/\/fine-weddings.de\/blog\/endlich-wieder-garten-hochzeiten\/"},"wordCount":263,"commentCount":0,"publisher":{"@id":"https:\/\/fine-weddings.de\/blog\/#organization"},"articleSection":["Experten-Tipps","Wedding Trends"],"inLanguage":"de","potentialAction":[{"@type":"CommentAction","name":"Comment","target":["https:\/\/fine-weddings.de\/blog\/endlich-wieder-garten-hochzeiten\/#respond"]}]},{"@type":"WebPage","@id":"https:\/\/fine-weddings.de\/blog\/endlich-wieder-garten-hochzeiten\/","url":"https:\/\/fine-weddings.de\/blog\/endlich-wieder-garten-hochzeiten\/","name":"Endlich wieder Garten-Hochzeiten! - FINE WEDDINGS BLOG","isPartOf":{"@id":"https:\/\/fine-weddings.de\/blog\/#website"},"datePublished":"2022-02-17T14:34:34+00:00","dateModified":"2022-02-17T14:34:34+00:00","description":"Bald beginnt die Saison f\u00fcr Gartenhochzeiten! Bereits im vergangenen Jahr entschieden sich einige unserer Brautpaare f\u00fcr die Trauung, die nicht nur wegen Corona voll im Trend liegt.","breadcrumb":{"@id":"https:\/\/fine-weddings.de\/blog\/endlich-wieder-garten-hochzeiten\/#breadcrumb"},"inLanguage":"de","potentialAction":[{"@type":"ReadAction","target":["https:\/\/fine-weddings.de\/blog\/endlich-wieder-garten-hochzeiten\/"]}]},{"@type":"BreadcrumbList","@id":"https:\/\/fine-weddings.de\/blog\/endlich-wieder-garten-hochzeiten\/#breadcrumb","itemListElement":[{"@type":"ListItem","position":1,"name":"Home","item":"https:\/\/fine-weddings.de\/blog\/"},{"@type":"ListItem","position":2,"name":"Endlich wieder Garten-Hochzeiten!"}]},{"@type":"WebSite","@id":"https:\/\/fine-weddings.de\/blog\/#website","url":"https:\/\/fine-weddings.de\/blog\/","name":"FINE WEDDINGS BLOG","description":"Trends und News rund ums Heiraten","publisher":{"@id":"https:\/\/fine-weddings.de\/blog\/#organization"},"potentialAction":[{"@type":"SearchAction","target":{"@type":"EntryPoint","urlTemplate":"https:\/\/fine-weddings.de\/blog\/?s={search_term_string}"},"query-input":"required name=search_term_string"}],"inLanguage":"de"},{"@type":"Organization","@id":"https:\/\/fine-weddings.de\/blog\/#organization","name":"Fine Weddings & Parties","url":"https:\/\/fine-weddings.de\/blog\/","logo":{"@type":"ImageObject","inLanguage":"de","@id":"https:\/\/fine-weddings.de\/blog\/#\/schema\/logo\/image\/","url":"https:\/\/www.fine-weddings.de\/blog\/wp-content\/uploads\/2021\/05\/FW-Logo.png","contentUrl":"https:\/\/www.fine-weddings.de\/blog\/wp-content\/uploads\/2021\/05\/FW-Logo.png","width":500,"height":458,"caption":"Fine Weddings & Parties"},"image":{"@id":"https:\/\/fine-weddings.de\/blog\/#\/schema\/logo\/image\/"}},{"@type":"Person","@id":"https:\/\/fine-weddings.de\/blog\/#\/schema\/person\/87220e91a4a062b03e05ff505288330b","name":"Fine Weddings"}]}},"_links":{"self":[{"href":"https:\/\/fine-weddings.de\/blog\/wp-json\/wp\/v2\/posts\/16836"}],"collection":[{"href":"https:\/\/fine-weddings.de\/blog\/wp-json\/wp\/v2\/posts"}],"about":[{"href":"https:\/\/fine-weddings.de\/blog\/wp-json\/wp\/v2\/types\/post"}],"author":[{"embeddable":true,"href":"https:\/\/fine-weddings.de\/blog\/wp-json\/wp\/v2\/users\/2"}],"replies":[{"embeddable":true,"href":"https:\/\/fine-weddings.de\/blog\/wp-json\/wp\/v2\/comments?post=16836"}],"version-history":[{"count":1,"href":"https:\/\/fine-weddings.de\/blog\/wp-json\/wp\/v2\/posts\/16836\/revisions"}],"predecessor-version":[{"id":16838,"href":"https:\/\/fine-weddings.de\/blog\/wp-json\/wp\/v2\/posts\/16836\/revisions\/16838"}],"wp:featuredmedia":[{"embeddable":true,"href":"https:\/\/fine-weddings.de\/blog\/wp-json\/wp\/v2\/media\/16837"}],"wp:attachment":[{"href":"https:\/\/fine-weddings.de\/blog\/wp-json\/wp\/v2\/media?parent=16836"}],"wp:term":[{"taxonomy":"category","embeddable":true,"href":"https:\/\/fine-weddings.de\/blog\/wp-json\/wp\/v2\/categories?post=16836"},{"taxonomy":"post_tag","embeddable":true,"href":"https:\/\/fine-weddings.de\/blog\/wp-json\/wp\/v2\/tags?post=16836"}],"curies":[{"name":"wp","href":"https:\/\/api.w.org\/{rel}","templated":true}]}}