{"id":16356,"date":"2022-01-14T13:00:25","date_gmt":"2022-01-14T12:00:25","guid":{"rendered":"https:\/\/fine-weddings.de\/?p=16356"},"modified":"2022-01-14T13:03:16","modified_gmt":"2022-01-14T12:03:16","slug":"trauerfeier-fuer-jan-fedder-auf-das-leben","status":"publish","type":"post","link":"https:\/\/fine-weddings.de\/blog\/trauerfeier-fuer-jan-fedder-auf-das-leben\/","title":{"rendered":"Trauerfeier f\u00fcr Jan Fedder: Auf das Leben!"},"content":{"rendered":"<section class=\"wpb-content-wrapper\"><p>[vc_row][vc_column][vc_column_text]<em>Vor zwei Jahren durfte ich eine Trauerfeier f\u00fcr ein besonderes Hamburger Urgestein designen. Heute wird die Erinnerung an Hamburgs beliebtesten Schauspieler erneut zum Leben erweckt: Vom 14. Januar an wird die 800 Meter lange Elbpromenade Jan Fedders Namen tragen. Zurecht, wie ich finde.<\/em>[\/vc_column_text]<div class=\"ult-spacer spacer-69ee208799cbe\" data-id=\"69ee208799cbe\" data-height=\"20\" data-height-mobile=\"20\" data-height-tab=\"\" data-height-tab-portrait=\"\" data-height-mobile-landscape=\"\" style=\"clear:both;display:block;\"><\/div>[vc_column_text]Wer die Flaniermeile im Herzen Hamburgs zwischen den Landungsbr\u00fccken und dem Baumwall nahe der Elbphilharmonie entlangl\u00e4uft, wandert immer auch auf den Spuren von Jan Fedder. Als Polizist Dirk Matthies hatte er in der Serie \u201eGro\u00dfstadtrevier\u201c jahrzehntelang auf dem Kiez f\u00fcr Recht und Ordnung gesorgt. Hauptberuflich betrachtete sich der am 30. Dezember 2019 gestorbene Volksschauspieler als Mensch, wie er von sich sagte. Und als solcher liebte er es, \u00fcber die Elbpromenade zu laufen, die ges\u00e4umt ist von so vielen seiner Lieblingspl\u00e4tze: Der Platz am Stintfang, wo er sehr gerne gesessen hat, mit Blick auf den Michel, dem Tuten der Schiffe und dem Geruch der Elbe. Im Hintergrund die Elbphilharmonie, gegen\u00fcber der \u00dcberseebr\u00fccke die Kneipe seiner Eltern, in der er gro\u00df wurde. Am Baumwall hatte sein Gro\u00dfvater eine Tankstelle.<\/p>\n<p>Daher ist es nur logisch, wenn die Elbpromenade, auf der t\u00e4glich so viele Menschen entlanglaufen, k\u00fcnftig seinen Namen tragen wird. Vom 14. Januar an wird die 800 Meter lange Flaniermeile Jan Fedders Namen tragen. Ein w\u00fcrdiges Geschenk zum 67. Geburtstag. Und ein Geschenk der besonderen Art f\u00fcr ein Hamburger Urgestein von seiner Herzensstadt.<\/p>\n<p>Zwei Jahre ist es jetzt her, dass unser Team das Konzept zu der Trauerfeier umsetzen durften, die Jan noch zu Lebzeiten im Detail f\u00fcr seinen letzten gro\u00dfen Auftritt choreografiert hatte. Der Tag des Abschieds an jenem 14. Januar war zugleich sein 65. Geburtstag \u2013 typisch f\u00fcr ihn, es so einzuf\u00e4deln. Jan wollte so abtreten, wie er gelebt hat. Er wollte das Leben feiern, nicht den Tod betrauern. So hatte er es bestellt, und so wurde es gemacht.<\/p>\n<p>Knapp 2000 Menschen, hatten sich vor und im Michel zum Trauergottesdienst versammelt, darunter Schauspiel-Kollegen, Kiez-Legenden, Musik- und Filmprominenz, um ihrem Hamburger Jung die letzte Ehre zu erwiesen. Dort war Jan nicht nur getauft und konfirmiert worden, sondern hatte 20 Jahre zuvor seine Frau Marion geheiratet.<\/p>\n<p>Die Organisation einer Trauerfeier ist vergleichbar mit der einer Hochzeit \u2013 mit dem Unterschied, dass innerhalb von 14 Tagen alles stehen muss. Jans Tod hat Hunderttausende Leute mobilisiert, er war eine Person des \u00f6ffentlichen Lebens &#8211; wie soll das einer alleine schaffen? Die Hinterbliebenen dabei zu unterst\u00fctzen, steht im Mittelpunkt. Wir halten ihnen den R\u00fccken frei, vertreten ihre Interessen und k\u00fcmmern uns um alles. Damit Menschen, die jemanden verloren haben, sich ihrem Schmerz widmen k\u00f6nnen und dennoch das sichere Gef\u00fchl haben: Ich tue das richtige.<\/p>\n<p>Wenn ich in Zukunft \u00fcber die Jan-Fedder-Flaniermeile laufe und innehalte an den Orten, an denen der Schauspieler sich so gerne aufhielt, dann stelle ich mir vor, wie er neben mir an der Landungsbr\u00fccke steht, auf die Elbe blickt \u2013 und zufrieden l\u00e4chelt. Mich in die Seite knufft und sagt: \u201eHaste sch\u00f6n gemacht, damals. War ne geile Sause\u201c.[\/vc_column_text][\/vc_column][\/vc_row][vc_row][vc_column]<div class=\"ult-spacer spacer-69ee208799cdd\" data-id=\"69ee208799cdd\" data-height=\"20\" data-height-mobile=\"20\" data-height-tab=\"\" data-height-tab-portrait=\"\" data-height-mobile-landscape=\"\" style=\"clear:both;display:block;\"><\/div>[\/vc_column][\/vc_row][vc_row][vc_column]<div class=\"animation-container \" ><div id=\"video-player-69ee208799d69-1862\" class=\"dfd-videoplayer style-1  text-center \"><div class=\"dfd-video-content video-content\" id=\"module_video_69ee208799d7c\"><div class=\"dfd-video-box no-thumb\"  ><div class=\"wpb_video_wrapper\"><div class=\"BorlabsCookie _brlbs-cb-youtube\"><div class=\"_brlbs-content-blocker\"> <div class=\"_brlbs-embed _brlbs-video-youtube\"> <img class=\"_brlbs-thumbnail\" src=\"https:\/\/fine-weddings.de\/blog\/wp-content\/plugins\/borlabs-cookie\/assets\/images\/cb-no-thumbnail.png\" alt=\"YouTube\"> <div class=\"_brlbs-caption\"> <p>Mit dem Laden des Videos akzeptieren Sie die Datenschutzerkl\u00e4rung von YouTube.<br><a href=\"https:\/\/policies.google.com\/privacy\" target=\"_blank\" rel=\"nofollow noopener noreferrer\">Mehr erfahren<\/a><\/p> <p><a class=\"_brlbs-btn _brlbs-icon-play-white\" href=\"#\" data-borlabs-cookie-unblock role=\"button\">Video laden<\/a><\/p> <p><label><input type=\"checkbox\" name=\"unblockAll\" value=\"1\" checked> <small>YouTube immer entsperren<\/small><\/label><\/p> <\/div> <\/div> <\/div><div class=\"borlabs-hide\" data-borlabs-cookie-type=\"content-blocker\" data-borlabs-cookie-id=\"youtube\"><script type=\"text\/template\">PGRpdiBjbGFzcz0iX2JybGJzLWZsdWlkLXdpZHRoLXZpZGVvLXdyYXBwZXIiPjxpZnJhbWUgdGl0bGU9IlRyYXVlcmZlaWVyIGZ1zIhyIEphbiBGZWRkZXI6IEF1ZiBkYXMgTGViZW4hIiB3aWR0aD0iMTIwMCIgaGVpZ2h0PSI2NzUiIHNyYz0iaHR0cHM6Ly93d3cueW91dHViZS1ub2Nvb2tpZS5jb20vZW1iZWQvWmtnNXRuT3J2TnM\/ZmVhdHVyZT1vZW1iZWQiIGZyYW1lYm9yZGVyPSIwIiBhbGxvdz0iYWNjZWxlcm9tZXRlcjsgYXV0b3BsYXk7IGNsaXBib2FyZC13cml0ZTsgZW5jcnlwdGVkLW1lZGlhOyBneXJvc2NvcGU7IHBpY3R1cmUtaW4tcGljdHVyZSIgYWxsb3dmdWxsc2NyZWVuPjwvaWZyYW1lPjwvZGl2Pg==<\/script><\/div><\/div><\/div><\/div><\/div><\/div><\/div><script type=\"text\/javascript\">\r\n\t\t\t\t\t\t\t(function($) {\r\n\t\t\t\t\t\t\t\t$(\"head\").append(\"<style><\/style>\");\r\n\t\t\t\t\t\t\t\t$(document).ready(function(){\r\n\t\t\t\t\t\t\t\t\tDFD_VideoModule.init(\"module_video_69ee208799d7c\",\"video-player-69ee208799d69-1862\");\r\n\t\t\t\t\t\t\t\t});\r\n\t\t\t\t\t\t\t})(jQuery);\r\n\t\t\t\t\t\t<\/script><div class=\"ult-spacer spacer-69ee20879a487\" data-id=\"69ee20879a487\" data-height=\"20\" data-height-mobile=\"20\" data-height-tab=\"\" data-height-tab-portrait=\"\" data-height-mobile-landscape=\"\" style=\"clear:both;display:block;\"><\/div>[\/vc_column][\/vc_row][vc_row][vc_column][vc_column_text]<\/p>\n<p style=\"text-align: left;\">Ende Dezember 2019 starb die Schauspiellegende Jan Fedder. Verabschiedet haben ihn tausende von Fans, engste Freunde und nat\u00fcrlich seine Familie im Hamburger Michel. Nun erschien die Biografie \u201eUnsterblich\u201c von Tim Pr\u00f6se, die sofort auf Platz 1 der Spiegel-Beststellerliste landete. Grund genug, an diesem besonderen Tag, an dem ganz Hamburg den Atem anhielt, zur\u00fcckzudenken. Es war uns eine Ehre, diese bedeutende Trauerfeier, die rund 1,8 Millionen Zuschauer live im Fernsehen verfolgten, mit zu organisieren.<\/p>\n<p>[\/vc_column_text][\/vc_column][\/vc_row][vc_row][vc_column]<div class=\"ult-spacer spacer-69ee20879a4a0\" data-id=\"69ee20879a4a0\" data-height=\"20\" data-height-mobile=\"20\" data-height-tab=\"\" data-height-tab-portrait=\"\" data-height-mobile-landscape=\"\" style=\"clear:both;display:block;\"><\/div>[\/vc_column][\/vc_row][vc_row][vc_column][vc_column_text]<\/p>\n<p style=\"text-align: left;\">Jan Fedder, eines der bemerkenswertesten Hamburger Originale, w\u00e4re an jenem 14. Januar 65 Jahre alt geworden. Dass es nicht dazu kam, war fu\u0308r den beliebten Schauspieler kein Grund, auf die Party zu verzichten. Jan, der immer von sich sagte, dass er hauptberuflich Mensch sei, wusste genau, wie das Ganze ablaufen sollte. Damit wurde mir nicht nur die Ehre zuteil, die Trauerfeier fu\u0308r eines der bemerkenswertesten Hamburger Urgesteine auszurichten. Sondern auch, dafu\u0308r zu sorgen, dass alles &#8211; die Location, die Musik, die Deko, der Ablauf &#8211; genauso nach seinen Vorstellungen sein wu\u0308rde.<\/p>\n<p style=\"text-align: left;\">Und so fand die Trauerfeier im Michel statt, wo Hamburgs beliebtester Jung nicht nur getauft und konfirmiert worden war, sondern 20 Jahre zuvor seine Marion geheiratet hatte. Die knapp 2.000 Menschen, die sich zum Trauergottesdienst versammelt hatten, darunter Schauspiel-Kollegen, Kiez-Legenden, Musik- und Filmprominenz, umgab ein Meer aus Jans Lieblingsblumen: Der Mittelgang der Kirche bedeckt von Rosenbl\u00e4ttern, links und rechts vom Altar kunstvolle Rosengestecke, der Sarg umh\u00fcllt von einem Teppich aus roten und pinkfarbenen Bl\u00fcten.<\/p>\n<p style=\"text-align: left;\">Der Schmerz \u00fcber den Verlust stand der Witwe ins Gesicht geschrieben. Marion trug ihn mit bewundernswerter Contenance und der Grandezza einer Jackie O. Gest\u00fctzt auf die Hand von Jans bestem Freund J\u00f6rg, trat sie jenen Gang an, von dem sie sp\u00e4ter sagen wird, dass es der schwerste ihres Lebens war. Nachdem Pastor Alexander R\u00f6der durch den Gottesdienst gef\u00fchrt hatte, schilderten Volker Herres (Programmdirektor ARD), Lutz Marmor (Intendant NDR) und Polizeipr\u00e4sident Ralf Martin Meyer in bewegenden Reden, wie sie Jan als Weggef\u00e4hrten und Menschen erlebten und was sie ihm zu verdanken haben.<\/p>\n<p style=\"text-align: left;\">Schlie\u00dflich richtete Marion ihre letzten Worte an ihren geliebten Mann:<br \/>\n<em>\u201cDu warst meine Familie, mein Mann, mein Fels. Es wird nie wieder jemanden geben wie dich\u201c. Ihren Jan beerdigen zu mu\u0308ssen, hier im Michel, tue ihr unendlich weh. \u201eNun muss ich dich auf deine letzte Reise schicken, einmal noch u\u0308ber die Reeperbahn, das hast du dir gewu\u0308nscht. Und dann wirst du schlafen. Eine lange, lange Zeit. Und tr\u00e4umen. Von all den Dingen, die du erlebt hast. Mein lieber Jan, schlaf gut.\u201c <\/em><\/p>\n<p style=\"text-align: left;\">Seine letzte Fahrt u\u0308ber die Reeperbahn trat Jan in einem Oldtimer an: Der verglaste Mercedes aus dem Jahr 1983 war ebenfalls mit Rosen geschmu\u0308ckt &#8211; beinahe wie ein Hochzeitsauto. Tausende von Fans s\u00e4umten die Stra\u00dfen und nahmen Abschied von \u201cihrem\u201d Jan. Danach trafen sich die geladenen G\u00e4ste zur Abschiedsparty im Zwick, der Heimspielst\u00e4tte des FC St.Pauli. Im Anschluss ging es weiter in die Ritze, wo Freunde, Familie und Weggef\u00e4hrten seinen 65. Geburtstag feierten. Man kann das irritierend finden. Aber nur, wenn man Jan nicht kannte. \u201cHamburg weint\u201d, war auf einigen Beileidsbekundungen zu lesen &#8211; zurecht. Doch wer Jan gekannt hat, der wei\u00df auch, dass Tr\u00e4nen u\u0308ber den Verlust zu kurz greifen, weil sie nicht ann\u00e4hernd beschreiben, was den Hamburger Jung ausgemacht hat.<\/p>\n<p style=\"text-align: left;\">Jan w\u00e4re an dem Tag 65 Jahre alt geworden. Er wollte das Leben feiern, nicht den Tod betrauern. So hatte er es bestellt, und so wurde es gemacht. Es hei\u00dft schlie\u00dflich \u201cletzter Wille\u201d, nicht Wunsch. Die Trauerfeier fu\u0308r Jan war eine Mischung aus unterschiedlichsten Emotionen, zudem unkonventionell und authentisch, dabei stets wu\u0308rdevoll und beru\u0308hrend. Sie war der Beweis, dass es m\u00f6glich ist, auch dem Abschied vom Leben einen heiteren Rahmen zu geben.<\/p>\n<p style=\"text-align: left;\">Ich finde, Jan hat Recht. Es ist eine wundersch\u00f6ne Geste, das Leben zu feiern, das einer hinter sich l\u00e4sst. Ist das Glu\u0308ck, ihn gekannt zu haben, etwa kein Grund zur Freude? Und soll man etwa nicht zeigen, dass der Schmerz u\u0308ber diesen Verlust einen verdammt guten Grund hat? Die Hinterbliebenen trauern und weinen, doch dann \u00e4ndert sich die Stimmung und macht Platz fu\u0308r sch\u00f6ne Erinnerungen, fu\u0308r Zuversicht und Dankbarkeit. Alle ru\u0308cken ein Stu\u0308ck zusammen, fu\u0308hlen sich getr\u00f6stet &#8211; und schauen nach vorn. Am Ende entsteht etwas Gr\u00f6\u00dferes als der Tod: eine schier grenzenlose Ansammlung an gemeinsamen Erlebnissen und Erinnerungen von allen Beteiligten &#8211; an jenen Menschen, der so viel mehr war als nur der eine, den man selbst erlebt und gekannt hat.<\/p>\n<p style=\"text-align: left;\">Der Tod ist die letzte Station des Lebens auf Erden, aber nicht die einzige. Geburtstag, Taufe, Kommunion, Hochzeit &#8211; das Leben hat viele Meilensteine zu bieten, und alle sind sie es wert, gefeiert zu werden. Dasselbe gilt fu\u0308r den Abschied vom Leben. Wie dieser Abschied abl\u00e4uft, sollte zum Leben des Verstorbenen passen. Jan hat das Leben geliebt und ja, er hat es krachen lassen. Soll man einen wie ihn einfach beisetzen? Sicher nicht.<\/p>\n<p style=\"text-align: left;\">Jan hat dafu\u0308r gesorgt, dass er so abtritt, wie er gelebt hat. Ihm diesen Wunsch zu erfu\u0308llen, war nicht nur eine gro\u00dfe Ehre, sondern auch eine elementare Erfahrung. Im Grunde ist die Organisation einer Trauerfeier vergleichbar mit der einer <a href=\"https:\/\/fine-weddings.de\/traumhochzeit-so-gehts\/\">Hochzeit<\/a>: Wir halten dem Kunden den Ru\u0308cken frei, vertreten seine Interessen und ku\u0308mmern uns um alles. Wir sprechen mit den Bestattern, gestalten den Ablauf, organisieren die Location, die Kirche, den Geistlichen, Musik, Blumenschmuck, Security, Essen und Getr\u00e4nke. Der Unterschied: Innerhalb von 14 Tagen muss alles organisiert sein. Fu\u0308r die Beteiligten fu\u0308hlt sich das an wie die reinste emotionale Druckbetankung: alles sofort, alles ohne Vorfreude, sondern mit einer zentnerschweren Seele. Da tut es gut, das sichere Gefu\u0308hl zu haben: Ich mache das richtige. Die Hinterbliebenen dabei zu unterstu\u0308tzen, ist eine gute Sache, eine gro\u00dfe Aufgabe &#8211; und am Ende genau das, was ich am besten kann.<\/p>\n<p style=\"text-align: left;\">+49 171 7544777 oder Mail an: info@fine-weddings.de oder rechts unten WhatsApp nutzen!<\/p>\n<p>[\/vc_column_text][\/vc_column][\/vc_row][vc_row][vc_column]<div class=\"ult-spacer spacer-69ee20879a4b1\" data-id=\"69ee20879a4b1\" data-height=\"20\" data-height-mobile=\"20\" data-height-tab=\"\" data-height-tab-portrait=\"\" data-height-mobile-landscape=\"\" style=\"clear:both;display:block;\"><\/div>[\/vc_column][\/vc_row][vc_row][vc_column][vc_column_text]<\/p>\n<p style=\"text-align: left;\">Eure Nadine<\/p>\n<p><img decoding=\"async\" loading=\"lazy\" class=\"size-full wp-image-14578 alignnone alignleft\" src=\"https:\/\/fine-weddings.de\/wp-content\/uploads\/2015\/07\/2_Siegel_50x50.png\" alt=\"\" width=\"50\" height=\"50\" \/>[\/vc_column_text]<div class=\"ult-spacer spacer-69ee20879a4c9\" data-id=\"69ee20879a4c9\" data-height=\"20\" data-height-mobile=\"20\" data-height-tab=\"\" data-height-tab-portrait=\"\" data-height-mobile-landscape=\"\" style=\"clear:both;display:block;\"><\/div><div class=\"ult-spacer spacer-69ee20879a4d7\" data-id=\"69ee20879a4d7\" data-height=\"20\" data-height-mobile=\"20\" data-height-tab=\"\" data-height-tab-portrait=\"\" data-height-mobile-landscape=\"\" style=\"clear:both;display:block;\"><\/div><div class=\"ult-spacer spacer-69ee20879a4e5\" data-id=\"69ee20879a4e5\" data-height=\"20\" data-height-mobile=\"20\" data-height-tab=\"\" data-height-tab-portrait=\"\" data-height-mobile-landscape=\"\" style=\"clear:both;display:block;\"><\/div>[\/vc_column][\/vc_row][vc_row][vc_column width=&#8220;1\/2&#8243;]<div class=\"ult-spacer spacer-69ee20879a4f2\" data-id=\"69ee20879a4f2\" data-height=\"20\" data-height-mobile=\"20\" data-height-tab=\"\" data-height-tab-portrait=\"\" data-height-mobile-landscape=\"\" style=\"clear:both;display:block;\"><\/div><div class=\"ult-spacer spacer-69ee20879a500\" data-id=\"69ee20879a500\" data-height=\"20\" data-height-mobile=\"20\" data-height-tab=\"\" data-height-tab-portrait=\"\" data-height-mobile-landscape=\"\" style=\"clear:both;display:block;\"><\/div>[\/vc_column][vc_column width=&#8220;1\/2&#8243;]<div class=\"ult-spacer spacer-69ee20879a50d\" data-id=\"69ee20879a50d\" data-height=\"20\" data-height-mobile=\"20\" data-height-tab=\"\" data-height-tab-portrait=\"\" data-height-mobile-landscape=\"\" style=\"clear:both;display:block;\"><\/div><div class=\"ult-spacer spacer-69ee20879a519\" data-id=\"69ee20879a519\" data-height=\"20\" data-height-mobile=\"20\" data-height-tab=\"\" data-height-tab-portrait=\"\" data-height-mobile-landscape=\"\" style=\"clear:both;display:block;\"><\/div>[\/vc_column][\/vc_row][vc_row][vc_column]<div id=\"dfd-carousel-69ee20879a5c6\" class=\"dfd-carousel-wrapper\"><div class=\"dfd-carousel-module-wrapper  dfd-carousel-horizontal dfd-arrows_aside dfd-keep-arrows dfdrounded dfd-arrows-style_1 dfd-arrows-enabled dfd-dots-enabled\" ><div class=\"dfd-carousel\"><div class=\"dfd-item-wrap\"><div class=\"cover\"><div id=\"dfd-single-image-module69ee20879a9c4-4767\" class=\"dfd-single-image-module  image-center \" ><img src=\"https:\/\/fine-weddings.de\/blog\/wp-content\/uploads\/2020\/04\/marion-fedder_fwp_zuzu-birkhof-5347.jpg\" width=\"1024\" height=\"1534\"  alt=\"Image module\" \/><\/div><\/div><\/div><div class=\"dfd-item-wrap\"><div class=\"cover\"><div id=\"dfd-single-image-module69ee20879ac6a-1412\" class=\"dfd-single-image-module  image-center \" ><img src=\"https:\/\/fine-weddings.de\/blog\/wp-content\/uploads\/2020\/04\/marion-fedder_fwp_zuzu-birkhof-5277.jpg\" width=\"1024\" height=\"683\"  alt=\"Image module\" \/><\/div><\/div><\/div><div class=\"dfd-item-wrap\"><div class=\"cover\"><div id=\"dfd-single-image-module69ee20879af0b-103\" class=\"dfd-single-image-module  image-center \" ><img src=\"https:\/\/fine-weddings.de\/blog\/wp-content\/uploads\/2020\/04\/marion-fedder_fwp_zuzu-birkhof-5160.jpg\" width=\"1024\" height=\"683\"  alt=\"Image module\" \/><\/div><\/div><\/div><div class=\"dfd-item-wrap\"><div class=\"cover\"><div id=\"dfd-single-image-module69ee20879b1bd-937\" class=\"dfd-single-image-module  image-center \" ><img src=\"https:\/\/fine-weddings.de\/blog\/wp-content\/uploads\/2020\/04\/marion-fedder_fwp_zuzu-birkhof-4803.jpg\" width=\"1024\" height=\"1534\"  alt=\"Image module\" \/><\/div><\/div><\/div><div class=\"dfd-item-wrap\"><div class=\"cover\"><div id=\"dfd-single-image-module69ee20879b42d-7695\" class=\"dfd-single-image-module  image-center \" ><img src=\"https:\/\/fine-weddings.de\/blog\/wp-content\/uploads\/2020\/04\/marion-fedder_fwp_zuzu-birkhof-4757.jpg\" width=\"1024\" height=\"1534\"  alt=\"Image module\" \/><\/div><\/div><\/div><div class=\"dfd-item-wrap\"><div class=\"cover\"><div id=\"dfd-single-image-module69ee20879b67e-5543\" class=\"dfd-single-image-module  image-center \" ><img src=\"https:\/\/fine-weddings.de\/blog\/wp-content\/uploads\/2020\/04\/marion-fedder_fwp_zuzu-birkhof-4728.jpg\" width=\"1024\" height=\"683\"  alt=\"Image module\" \/><\/div><\/div><\/div><div class=\"dfd-item-wrap\"><div class=\"cover\"><div id=\"dfd-single-image-module69ee20879b8f6-3113\" class=\"dfd-single-image-module  image-center \" ><img src=\"https:\/\/fine-weddings.de\/blog\/wp-content\/uploads\/2020\/04\/marion-fedder_fwp_zuzu-birkhof-4613-1.jpg\" width=\"1024\" height=\"683\"  alt=\"Image module\" \/><\/div><\/div><\/div><div class=\"dfd-item-wrap\"><div class=\"cover\"><div id=\"dfd-single-image-module69ee20879bb7a-3247\" class=\"dfd-single-image-module  image-center \" ><img src=\"https:\/\/fine-weddings.de\/blog\/wp-content\/uploads\/2020\/04\/marion-fedder_fwp_zuzu-birkhof-4574.jpg\" width=\"1024\" height=\"1534\"  alt=\"Image module\" \/><\/div><\/div><\/div><div class=\"dfd-item-wrap\"><div class=\"cover\"><div id=\"dfd-single-image-module69ee20879bddd-8135\" class=\"dfd-single-image-module  image-center \" ><img src=\"https:\/\/fine-weddings.de\/blog\/wp-content\/uploads\/2020\/04\/marion-fedder_fwp_zuzu-birkhof-4561.jpg\" width=\"1024\" height=\"683\"  alt=\"Image module\" \/><\/div><\/div><\/div><div class=\"dfd-item-wrap\"><div class=\"cover\"><div id=\"dfd-single-image-module69ee20879c079-689\" class=\"dfd-single-image-module  image-center \" ><img src=\"https:\/\/fine-weddings.de\/blog\/wp-content\/uploads\/2020\/04\/marion-fedder_fwp_zuzu-birkhof-4557.jpg\" width=\"1024\" height=\"683\"  alt=\"Image module\" \/><\/div><\/div><\/div><div class=\"dfd-item-wrap\"><div class=\"cover\"><div id=\"dfd-single-image-module69ee20879c2e0-4254\" class=\"dfd-single-image-module  image-center \" ><img src=\"https:\/\/fine-weddings.de\/blog\/wp-content\/uploads\/2020\/04\/marion-fedder_fwp_zuzu-birkhof-4527.jpg\" width=\"1024\" height=\"683\"  alt=\"Image module\" \/><\/div><\/div><\/div><div class=\"dfd-item-wrap\"><div class=\"cover\"><div id=\"dfd-single-image-module69ee20879c52f-4786\" class=\"dfd-single-image-module  image-center \" ><img src=\"https:\/\/fine-weddings.de\/blog\/wp-content\/uploads\/2020\/04\/marion-fedder_fwp_zuzu-birkhof-4516.jpg\" width=\"1024\" height=\"1534\"  alt=\"Image module\" \/><\/div><\/div><\/div><div class=\"dfd-item-wrap\"><div class=\"cover\"><div id=\"dfd-single-image-module69ee20879c7af-1923\" class=\"dfd-single-image-module  image-center \" ><img src=\"https:\/\/fine-weddings.de\/blog\/wp-content\/uploads\/2020\/04\/marion-fedder_fwp_zuzu-birkhof-4425.jpg\" width=\"1024\" height=\"684\"  alt=\"Image module\" \/><\/div><\/div><\/div><div class=\"dfd-item-wrap\"><div class=\"cover\"><div id=\"dfd-single-image-module69ee20879ca3b-3944\" class=\"dfd-single-image-module  image-center \" ><img src=\"https:\/\/fine-weddings.de\/blog\/wp-content\/uploads\/2020\/04\/marion-fedder_fwp_zuzu-birkhof-4492.jpg\" width=\"1024\" height=\"1534\"  alt=\"Image module\" \/><\/div><\/div><\/div><\/div><a href=\"#\" class=\"dfd-slider-control prev\" title=\"Previous slide\"><span class=\"count\"><\/span><i class=\"dfd-added-font-icon-left-open2\"><\/i><\/a><a href=\"#\" class=\"dfd-slider-control next\" title=\"Next slide\"><span class=\"count\"><\/span><i class=\"dfd-added-font-icon-right-open2\"><\/i><\/a><\/div>\t\t\t\t<script type=\"text\/javascript\">\r\n\t\t\t\t\t(function($) {\r\n\t\t\t\t\t\t\"use strict\";\r\n\t\t\t\t\t\tvar $carousel = $('#dfd-carousel-69ee20879a5c6').find('.dfd-carousel');\r\n\t\t\t\t\t\t$(document).ready(function() {\r\n\t\t\t\t\t\t\tvar $initialized = ($('body').hasClass('page-template-tmp-side-by-side')) ? $carousel.not('.slick-initialized') : $carousel;\r\n\t\t\t\t\t\t\t\t\t\t\t\t\t\t\t\tvar total_slides;\r\n\t\t\t\t\t\t\t\t\t$carousel.on('init reInit afterChange', function (event, slick, currentSlide) {\r\n\t\t\t\t\t\t\t\t\t\tvar prev_slide_index, next_slide_index, current;\r\n\t\t\t\t\t\t\t\t\t\tvar $prev_counter = $carousel.siblings('.dfd-slider-control.prev').find('.count');\r\n\t\t\t\t\t\t\t\t\t\tvar $next_counter = $carousel.siblings('.dfd-slider-control.next').find('.count');\r\n\t\t\t\t\t\t\t\t\t\ttotal_slides = slick.slideCount;\r\n\t\t\t\t\t\t\t\t\t\tcurrent = (currentSlide ? currentSlide : 0) + 1;\r\n\t\t\t\t\t\t\t\t\t\tprev_slide_index = (current - 1 < 1) ? total_slides : current - 1;\r\n\t\t\t\t\t\t\t\t\t\tnext_slide_index = (current + 1 > total_slides) ? 1 : current + 1;\r\n\t\t\t\t\t\t\t\t\t\t$prev_counter.text(prev_slide_index + '\/' + total_slides);\r\n\t\t\t\t\t\t\t\t\t\t$next_counter.text(next_slide_index + '\/'+ total_slides);\r\n\t\t\t\t\t\t\t\t\t});\r\n\t\t\t\t\t\t\t\t\t\t\t\t\t\t\t$carousel.siblings('.dfd-slider-control.prev').click(function(e) {\r\n\t\t\t\t\t\t\t\te.preventDefault();\r\n\t\t\t\t\t\t\t\t$carousel.eq(0).slick('slickPrev');\r\n\t\t\t\t\t\t\t});\r\n\t\t\t\t\t\t\t$carousel.siblings('.dfd-slider-control.next').click(function(e) {\r\n\t\t\t\t\t\t\t\te.preventDefault();\r\n\t\t\t\t\t\t\t\t$carousel.eq(0).slick('slickNext');\r\n\t\t\t\t\t\t\t});\r\n\t\t\t\t\t\t\t$initialized.slick({arrows: false,dotsClass: 'dfd-slick-dots',slidesToScroll: 1,autoplay: true,autoplaySpeed: 5000,dots: true,customPaging: function(slider, i) {\r\n\t\t\t\t\t\t\t\t\treturn '<span data-role=\"none\" role=\"button\" aria-required=\"false\" tabindex=\"0\"><\/span>';\r\n\t\t\t\t\t\t\t\t},infinite: true,slidesToShow: 1,speed: 300,swipe: true,draggable: true,adaptiveHeight: true,responsive: [\r\n\t\t\t\t\t\t\t{\r\n\t\t\t\t\t\t\t\tbreakpoint: 1024,\r\n\t\t\t\t\t\t\t\tsettings: {\r\n\t\t\t\t\t\t\t\t\tslidesToShow: 1,\r\n\t\t\t\t\t\t\t\t\tslidesToScroll: 1,\r\n\t\t\t\t\t\t\t\t}\r\n\t\t\t\t\t\t\t},\r\n\t\t\t\t\t\t\t{\r\n\t\t\t\t\t\t\t\tbreakpoint: 800,\r\n\t\t\t\t\t\t\t\tsettings: {\r\n\t\t\t\t\t\t\t\t\tslidesToShow: 1,\r\n\t\t\t\t\t\t\t\t\tslidesToScroll: 1,\r\n\t\t\t\t\t\t\t\t}\r\n\t\t\t\t\t\t\t},\r\n\t\t\t\t\t\t\t{\r\n\t\t\t\t\t\t\t\tbreakpoint: 480,\r\n\t\t\t\t\t\t\t\tsettings: {\r\n\t\t\t\t\t\t\t\t\tslidesToShow: 1,\r\n\t\t\t\t\t\t\t\t\tslidesToScroll: 1,\r\n\t\t\t\t\t\t\t\t}\r\n\t\t\t\t\t\t\t},]});\r\n\t\t\t\t\t\t\t$(\"head\").append(\"<style>#dfd-carousel-69ee20879a5c6 > .dfd-carousel-module-wrapper > .dfd-carousel > .slick-list > .slick-track > .dfd-item-wrap > .cover {padding: 10px;}#dfd-carousel-69ee20879a5c6 {margin: -10px;}<\/style>\")\t\t\t\t\t\t});\r\n\t\t\t\t\t})(jQuery);\r\n\t\t\t\t<\/script>\r\n            <\/div>[\/vc_column][\/vc_row][vc_row][vc_column][vc_column_text]Photos:\u00a0<a href=\"https:\/\/www.zuzubirkhof.com\/\" target=\"_blank\" rel=\"noopener\">Zuzu Birkhof<\/a>[\/vc_column_text][\/vc_column][\/vc_row]<\/p>\n<\/section>","protected":false},"excerpt":{"rendered":"<p>Vor zwei Jahren durfte ich eine Trauerfeier f\u00fcr ein besonderes Hamburger Urgestein designen. Heute wird die Erinnerung an Hamburgs beliebtesten Schauspieler erneut zum Leben erweckt: Vom 14. Januar an wird die 800 Meter lange Elbpromenade Jan Fedders Namen tragen. Zurecht, wie ich finde.<\/p>\n","protected":false},"author":2,"featured_media":16358,"comment_status":"open","ping_status":"open","sticky":false,"template":"","format":"standard","meta":[],"categories":[69],"tags":[],"acf":[],"yoast_head":"<!-- This site is optimized with the Yoast SEO plugin v20.2 - https:\/\/yoast.com\/wordpress\/plugins\/seo\/ -->\n<title>Trauerfeier f\u00fcr Jan Fedder: Auf das Leben! - FINE WEDDINGS BLOG<\/title>\n<meta name=\"description\" content=\"Vor zwei Jahren durfte ich eine Trauerfeier f\u00fcr ein besonderes Hamburger Urgestein designen. Heute wird die Erinnerung an Hamburgs beliebtesten Schauspieler erneut zum Leben erweckt: Vom 14. Januar an wird die 800 Meter lange Elbpromenade Jan Fedders Namen tragen. Zurecht, wie ich finde.\" \/>\n<meta name=\"robots\" content=\"index, follow, max-snippet:-1, max-image-preview:large, max-video-preview:-1\" \/>\n<link rel=\"canonical\" href=\"https:\/\/fine-weddings.de\/blog\/trauerfeier-fuer-jan-fedder-auf-das-leben\/\" \/>\n<meta property=\"og:locale\" content=\"de_DE\" \/>\n<meta property=\"og:type\" content=\"article\" \/>\n<meta property=\"og:title\" content=\"Trauerfeier f\u00fcr Jan Fedder: Auf das Leben! - FINE WEDDINGS BLOG\" \/>\n<meta property=\"og:description\" content=\"Vor zwei Jahren durfte ich eine Trauerfeier f\u00fcr ein besonderes Hamburger Urgestein designen. Heute wird die Erinnerung an Hamburgs beliebtesten Schauspieler erneut zum Leben erweckt: Vom 14. Januar an wird die 800 Meter lange Elbpromenade Jan Fedders Namen tragen. Zurecht, wie ich finde.\" \/>\n<meta property=\"og:url\" content=\"https:\/\/fine-weddings.de\/blog\/trauerfeier-fuer-jan-fedder-auf-das-leben\/\" \/>\n<meta property=\"og:site_name\" content=\"FINE WEDDINGS BLOG\" \/>\n<meta property=\"article:published_time\" content=\"2022-01-14T12:00:25+00:00\" \/>\n<meta property=\"article:modified_time\" content=\"2022-01-14T12:03:16+00:00\" \/>\n<meta property=\"og:image\" content=\"https:\/\/fine-weddings.de\/blog\/wp-content\/uploads\/2020\/04\/marion-fedder_fwp_zuzu-birkhof-4613.jpg\" \/>\n\t<meta property=\"og:image:width\" content=\"1024\" \/>\n\t<meta property=\"og:image:height\" content=\"683\" \/>\n\t<meta property=\"og:image:type\" content=\"image\/jpeg\" \/>\n<meta name=\"author\" content=\"Fine Weddings\" \/>\n<meta name=\"twitter:card\" content=\"summary_large_image\" \/>\n<meta name=\"twitter:label1\" content=\"Verfasst von\" \/>\n\t<meta name=\"twitter:data1\" content=\"Fine Weddings\" \/>\n\t<meta name=\"twitter:label2\" content=\"Gesch\u00e4tzte Lesezeit\" \/>\n\t<meta name=\"twitter:data2\" content=\"7\u00a0Minuten\" \/>\n<script type=\"application\/ld+json\" class=\"yoast-schema-graph\">{\"@context\":\"https:\/\/schema.org\",\"@graph\":[{\"@type\":\"Article\",\"@id\":\"https:\/\/fine-weddings.de\/blog\/trauerfeier-fuer-jan-fedder-auf-das-leben\/#article\",\"isPartOf\":{\"@id\":\"https:\/\/fine-weddings.de\/blog\/trauerfeier-fuer-jan-fedder-auf-das-leben\/\"},\"author\":{\"name\":\"Fine Weddings\",\"@id\":\"https:\/\/fine-weddings.de\/blog\/#\/schema\/person\/87220e91a4a062b03e05ff505288330b\"},\"headline\":\"Trauerfeier f\u00fcr Jan Fedder: Auf das Leben!\",\"datePublished\":\"2022-01-14T12:00:25+00:00\",\"dateModified\":\"2022-01-14T12:03:16+00:00\",\"mainEntityOfPage\":{\"@id\":\"https:\/\/fine-weddings.de\/blog\/trauerfeier-fuer-jan-fedder-auf-das-leben\/\"},\"wordCount\":1836,\"commentCount\":0,\"publisher\":{\"@id\":\"https:\/\/fine-weddings.de\/blog\/#organization\"},\"articleSection\":[\"News\"],\"inLanguage\":\"de\",\"potentialAction\":[{\"@type\":\"CommentAction\",\"name\":\"Comment\",\"target\":[\"https:\/\/fine-weddings.de\/blog\/trauerfeier-fuer-jan-fedder-auf-das-leben\/#respond\"]}]},{\"@type\":\"WebPage\",\"@id\":\"https:\/\/fine-weddings.de\/blog\/trauerfeier-fuer-jan-fedder-auf-das-leben\/\",\"url\":\"https:\/\/fine-weddings.de\/blog\/trauerfeier-fuer-jan-fedder-auf-das-leben\/\",\"name\":\"Trauerfeier f\u00fcr Jan Fedder: Auf das Leben! - FINE WEDDINGS BLOG\",\"isPartOf\":{\"@id\":\"https:\/\/fine-weddings.de\/blog\/#website\"},\"datePublished\":\"2022-01-14T12:00:25+00:00\",\"dateModified\":\"2022-01-14T12:03:16+00:00\",\"description\":\"Vor zwei Jahren durfte ich eine Trauerfeier f\u00fcr ein besonderes Hamburger Urgestein designen. Heute wird die Erinnerung an Hamburgs beliebtesten Schauspieler erneut zum Leben erweckt: Vom 14. Januar an wird die 800 Meter lange Elbpromenade Jan Fedders Namen tragen. Zurecht, wie ich finde.\",\"breadcrumb\":{\"@id\":\"https:\/\/fine-weddings.de\/blog\/trauerfeier-fuer-jan-fedder-auf-das-leben\/#breadcrumb\"},\"inLanguage\":\"de\",\"potentialAction\":[{\"@type\":\"ReadAction\",\"target\":[\"https:\/\/fine-weddings.de\/blog\/trauerfeier-fuer-jan-fedder-auf-das-leben\/\"]}]},{\"@type\":\"BreadcrumbList\",\"@id\":\"https:\/\/fine-weddings.de\/blog\/trauerfeier-fuer-jan-fedder-auf-das-leben\/#breadcrumb\",\"itemListElement\":[{\"@type\":\"ListItem\",\"position\":1,\"name\":\"Home\",\"item\":\"https:\/\/fine-weddings.de\/blog\/\"},{\"@type\":\"ListItem\",\"position\":2,\"name\":\"Trauerfeier f\u00fcr Jan Fedder: Auf das Leben!\"}]},{\"@type\":\"WebSite\",\"@id\":\"https:\/\/fine-weddings.de\/blog\/#website\",\"url\":\"https:\/\/fine-weddings.de\/blog\/\",\"name\":\"FINE WEDDINGS BLOG\",\"description\":\"Trends und News rund ums Heiraten\",\"publisher\":{\"@id\":\"https:\/\/fine-weddings.de\/blog\/#organization\"},\"potentialAction\":[{\"@type\":\"SearchAction\",\"target\":{\"@type\":\"EntryPoint\",\"urlTemplate\":\"https:\/\/fine-weddings.de\/blog\/?s={search_term_string}\"},\"query-input\":\"required name=search_term_string\"}],\"inLanguage\":\"de\"},{\"@type\":\"Organization\",\"@id\":\"https:\/\/fine-weddings.de\/blog\/#organization\",\"name\":\"Fine Weddings & Parties\",\"url\":\"https:\/\/fine-weddings.de\/blog\/\",\"logo\":{\"@type\":\"ImageObject\",\"inLanguage\":\"de\",\"@id\":\"https:\/\/fine-weddings.de\/blog\/#\/schema\/logo\/image\/\",\"url\":\"https:\/\/www.fine-weddings.de\/blog\/wp-content\/uploads\/2021\/05\/FW-Logo.png\",\"contentUrl\":\"https:\/\/www.fine-weddings.de\/blog\/wp-content\/uploads\/2021\/05\/FW-Logo.png\",\"width\":500,\"height\":458,\"caption\":\"Fine Weddings & Parties\"},\"image\":{\"@id\":\"https:\/\/fine-weddings.de\/blog\/#\/schema\/logo\/image\/\"}},{\"@type\":\"Person\",\"@id\":\"https:\/\/fine-weddings.de\/blog\/#\/schema\/person\/87220e91a4a062b03e05ff505288330b\",\"name\":\"Fine Weddings\"}]}<\/script>\n<!-- \/ Yoast SEO plugin. -->","yoast_head_json":{"title":"Trauerfeier f\u00fcr Jan Fedder: Auf das Leben! - FINE WEDDINGS BLOG","description":"Vor zwei Jahren durfte ich eine Trauerfeier f\u00fcr ein besonderes Hamburger Urgestein designen. Heute wird die Erinnerung an Hamburgs beliebtesten Schauspieler erneut zum Leben erweckt: Vom 14. Januar an wird die 800 Meter lange Elbpromenade Jan Fedders Namen tragen. Zurecht, wie ich finde.","robots":{"index":"index","follow":"follow","max-snippet":"max-snippet:-1","max-image-preview":"max-image-preview:large","max-video-preview":"max-video-preview:-1"},"canonical":"https:\/\/fine-weddings.de\/blog\/trauerfeier-fuer-jan-fedder-auf-das-leben\/","og_locale":"de_DE","og_type":"article","og_title":"Trauerfeier f\u00fcr Jan Fedder: Auf das Leben! - FINE WEDDINGS BLOG","og_description":"Vor zwei Jahren durfte ich eine Trauerfeier f\u00fcr ein besonderes Hamburger Urgestein designen. Heute wird die Erinnerung an Hamburgs beliebtesten Schauspieler erneut zum Leben erweckt: Vom 14. Januar an wird die 800 Meter lange Elbpromenade Jan Fedders Namen tragen. Zurecht, wie ich finde.","og_url":"https:\/\/fine-weddings.de\/blog\/trauerfeier-fuer-jan-fedder-auf-das-leben\/","og_site_name":"FINE WEDDINGS BLOG","article_published_time":"2022-01-14T12:00:25+00:00","article_modified_time":"2022-01-14T12:03:16+00:00","og_image":[{"width":1024,"height":683,"url":"https:\/\/fine-weddings.de\/blog\/wp-content\/uploads\/2020\/04\/marion-fedder_fwp_zuzu-birkhof-4613.jpg","type":"image\/jpeg"}],"author":"Fine Weddings","twitter_card":"summary_large_image","twitter_misc":{"Verfasst von":"Fine Weddings","Gesch\u00e4tzte Lesezeit":"7\u00a0Minuten"},"schema":{"@context":"https:\/\/schema.org","@graph":[{"@type":"Article","@id":"https:\/\/fine-weddings.de\/blog\/trauerfeier-fuer-jan-fedder-auf-das-leben\/#article","isPartOf":{"@id":"https:\/\/fine-weddings.de\/blog\/trauerfeier-fuer-jan-fedder-auf-das-leben\/"},"author":{"name":"Fine Weddings","@id":"https:\/\/fine-weddings.de\/blog\/#\/schema\/person\/87220e91a4a062b03e05ff505288330b"},"headline":"Trauerfeier f\u00fcr Jan Fedder: Auf das Leben!","datePublished":"2022-01-14T12:00:25+00:00","dateModified":"2022-01-14T12:03:16+00:00","mainEntityOfPage":{"@id":"https:\/\/fine-weddings.de\/blog\/trauerfeier-fuer-jan-fedder-auf-das-leben\/"},"wordCount":1836,"commentCount":0,"publisher":{"@id":"https:\/\/fine-weddings.de\/blog\/#organization"},"articleSection":["News"],"inLanguage":"de","potentialAction":[{"@type":"CommentAction","name":"Comment","target":["https:\/\/fine-weddings.de\/blog\/trauerfeier-fuer-jan-fedder-auf-das-leben\/#respond"]}]},{"@type":"WebPage","@id":"https:\/\/fine-weddings.de\/blog\/trauerfeier-fuer-jan-fedder-auf-das-leben\/","url":"https:\/\/fine-weddings.de\/blog\/trauerfeier-fuer-jan-fedder-auf-das-leben\/","name":"Trauerfeier f\u00fcr Jan Fedder: Auf das Leben! - FINE WEDDINGS BLOG","isPartOf":{"@id":"https:\/\/fine-weddings.de\/blog\/#website"},"datePublished":"2022-01-14T12:00:25+00:00","dateModified":"2022-01-14T12:03:16+00:00","description":"Vor zwei Jahren durfte ich eine Trauerfeier f\u00fcr ein besonderes Hamburger Urgestein designen. Heute wird die Erinnerung an Hamburgs beliebtesten Schauspieler erneut zum Leben erweckt: Vom 14. Januar an wird die 800 Meter lange Elbpromenade Jan Fedders Namen tragen. Zurecht, wie ich finde.","breadcrumb":{"@id":"https:\/\/fine-weddings.de\/blog\/trauerfeier-fuer-jan-fedder-auf-das-leben\/#breadcrumb"},"inLanguage":"de","potentialAction":[{"@type":"ReadAction","target":["https:\/\/fine-weddings.de\/blog\/trauerfeier-fuer-jan-fedder-auf-das-leben\/"]}]},{"@type":"BreadcrumbList","@id":"https:\/\/fine-weddings.de\/blog\/trauerfeier-fuer-jan-fedder-auf-das-leben\/#breadcrumb","itemListElement":[{"@type":"ListItem","position":1,"name":"Home","item":"https:\/\/fine-weddings.de\/blog\/"},{"@type":"ListItem","position":2,"name":"Trauerfeier f\u00fcr Jan Fedder: Auf das Leben!"}]},{"@type":"WebSite","@id":"https:\/\/fine-weddings.de\/blog\/#website","url":"https:\/\/fine-weddings.de\/blog\/","name":"FINE WEDDINGS BLOG","description":"Trends und News rund ums Heiraten","publisher":{"@id":"https:\/\/fine-weddings.de\/blog\/#organization"},"potentialAction":[{"@type":"SearchAction","target":{"@type":"EntryPoint","urlTemplate":"https:\/\/fine-weddings.de\/blog\/?s={search_term_string}"},"query-input":"required name=search_term_string"}],"inLanguage":"de"},{"@type":"Organization","@id":"https:\/\/fine-weddings.de\/blog\/#organization","name":"Fine Weddings & Parties","url":"https:\/\/fine-weddings.de\/blog\/","logo":{"@type":"ImageObject","inLanguage":"de","@id":"https:\/\/fine-weddings.de\/blog\/#\/schema\/logo\/image\/","url":"https:\/\/www.fine-weddings.de\/blog\/wp-content\/uploads\/2021\/05\/FW-Logo.png","contentUrl":"https:\/\/www.fine-weddings.de\/blog\/wp-content\/uploads\/2021\/05\/FW-Logo.png","width":500,"height":458,"caption":"Fine Weddings & Parties"},"image":{"@id":"https:\/\/fine-weddings.de\/blog\/#\/schema\/logo\/image\/"}},{"@type":"Person","@id":"https:\/\/fine-weddings.de\/blog\/#\/schema\/person\/87220e91a4a062b03e05ff505288330b","name":"Fine Weddings"}]}},"_links":{"self":[{"href":"https:\/\/fine-weddings.de\/blog\/wp-json\/wp\/v2\/posts\/16356"}],"collection":[{"href":"https:\/\/fine-weddings.de\/blog\/wp-json\/wp\/v2\/posts"}],"about":[{"href":"https:\/\/fine-weddings.de\/blog\/wp-json\/wp\/v2\/types\/post"}],"author":[{"embeddable":true,"href":"https:\/\/fine-weddings.de\/blog\/wp-json\/wp\/v2\/users\/2"}],"replies":[{"embeddable":true,"href":"https:\/\/fine-weddings.de\/blog\/wp-json\/wp\/v2\/comments?post=16356"}],"version-history":[{"count":9,"href":"https:\/\/fine-weddings.de\/blog\/wp-json\/wp\/v2\/posts\/16356\/revisions"}],"predecessor-version":[{"id":16825,"href":"https:\/\/fine-weddings.de\/blog\/wp-json\/wp\/v2\/posts\/16356\/revisions\/16825"}],"wp:featuredmedia":[{"embeddable":true,"href":"https:\/\/fine-weddings.de\/blog\/wp-json\/wp\/v2\/media\/16358"}],"wp:attachment":[{"href":"https:\/\/fine-weddings.de\/blog\/wp-json\/wp\/v2\/media?parent=16356"}],"wp:term":[{"taxonomy":"category","embeddable":true,"href":"https:\/\/fine-weddings.de\/blog\/wp-json\/wp\/v2\/categories?post=16356"},{"taxonomy":"post_tag","embeddable":true,"href":"https:\/\/fine-weddings.de\/blog\/wp-json\/wp\/v2\/tags?post=16356"}],"curies":[{"name":"wp","href":"https:\/\/api.w.org\/{rel}","templated":true}]}}