{"id":15969,"date":"2019-07-08T17:33:20","date_gmt":"2019-07-08T15:33:20","guid":{"rendered":"https:\/\/fine-weddings.de\/?p=15969"},"modified":"2019-08-22T16:44:52","modified_gmt":"2019-08-22T14:44:52","slug":"mit-dem-privatjet-der-air-hamburg-zur-hochzeit","status":"publish","type":"post","link":"https:\/\/fine-weddings.de\/blog\/mit-dem-privatjet-der-air-hamburg-zur-hochzeit\/","title":{"rendered":"Mit dem Privatjet zur Hochzeit"},"content":{"rendered":"<section class=\"wpb-content-wrapper\"><p>[vc_row][vc_column][vc_column_text]<\/p>\n<p style=\"text-align: left;\"><strong>Up in the Air!<\/strong><\/p>\n<p style=\"text-align: left;\">Ihr wisst ja, Reisen geh\u00f6rt bei uns zum Alltagsgesch\u00e4ft, genau wie Versp\u00e4tungen und Schlimmeres. An jenem 9. Mai sollte ich mit einem dreik\u00f6pfigen Team nach Italien reisen, wo wir nachmittags am Gardasee erwartet wurden. Es ging um eine Hochzeit mit rund 80 G\u00e4sten, die in einer privaten Villa stattfinden sollte.<\/p>\n<p style=\"text-align: left;\"><strong><img decoding=\"async\" loading=\"lazy\" class=\"alignnone wp-image-15978 size-large\" src=\"https:\/\/fine-weddings.de\/wp-content\/uploads\/2019\/07\/190708_Fine-Weddings-Parties-Privatjet-Gardasee-1024x682.jpg\" alt=\"\" width=\"1024\" height=\"682\" srcset=\"https:\/\/fine-weddings.de\/blog\/wp-content\/uploads\/2019\/07\/190708_Fine-Weddings-Parties-Privatjet-Gardasee-1024x682.jpg 1024w, https:\/\/fine-weddings.de\/blog\/wp-content\/uploads\/2019\/07\/190708_Fine-Weddings-Parties-Privatjet-Gardasee-300x200.jpg 300w, https:\/\/fine-weddings.de\/blog\/wp-content\/uploads\/2019\/07\/190708_Fine-Weddings-Parties-Privatjet-Gardasee-768x511.jpg 768w\" sizes=\"(max-width: 1024px) 100vw, 1024px\" \/><\/strong><\/p>\n<p style=\"text-align: left;\">Geplant war, von Hamburg \u00fcber Frankfurt nach Verona zu fliegen und den Rest der Strecke mit einem Mietwagen zur\u00fcckzulegen. Und was tut das Leben, w\u00e4hrend du Pl\u00e4ne machst? Genau. Eine Drohne, die in der N\u00e4he des Frankfurter Flughafens gesichtet worden war, hatte den gesamten Flugverkehr lahmgelegt. 143 Starts und Landungen waren annulliert worden, darunter auch unsere Maschine.<\/p>\n<p style=\"text-align: left;\">Unsere Situation an diesem Morgen war also folgende: vier Personen, ein Termin &#8211; und kein Flug.<\/p>\n<p style=\"text-align: left;\">Kein Grund zur Panik, es stand ja nur die \u2013 extrem wichtige \u2013 finale Besprechung mit den bedeutendsten Dienstleistern und s\u00e4mtlichen Involvierten an. Ach ja, und der Aufbau der kompletten Veranstaltung f\u00fcr das Wochenende (also am n\u00e4chsten Tag!), den wir betreuen und kontrollieren sollten. Manche der Dienstleister (Floristen, Teammitglieder, Fotografen, Videografen) sahen den Veranstaltungsort zum ersten Mal und ben\u00f6tigten eine Einweisung in Ablauf und To Dos. Au\u00dferdem sollte am Abend das erste Pre-Dinner f\u00fcr den engsten Kreis der Hochzeitsgesellschaft stattfinden.<br \/>\nUm es auf den Punkt zu bringen: Wir mussten einfach vor Ort sein!<\/p>\n<p style=\"text-align: left;\">Sich aufzuregen hilft da wenig, in der Regel behalten wir bei Flugausf\u00e4llen einen k\u00fchlen Kopf und checken sofort alle Optionen. Wir hatten allerdings nur knapp sieben Stunden und \u00fcber 1.200 Kilometer bis zu unserem Termin. Es war Eile geboten.<br \/>\nAlso haben wir uns aufgeteilt und recherchiert: alternative Fl\u00fcge und Strecken, andere Abflugh\u00e4fen und Ankunftsflugh\u00e4fen, Anreise mit Auto oder Bahn. Das Ergebnis: Nichts davon h\u00e4tte uns alle gemeinsam p\u00fcnktlich ans Ziel gebracht, und bis sich der Flugplan normalisiert h\u00e4tte, w\u00e4re unser Termin l\u00e4ngst gelaufen.<\/p>\n<p style=\"text-align: left;\">Wollten wir rechtzeitig ankommen, hatten wir nur eine Chance: Wir mussten m\u00f6glichst schnell an einen Privatflug kommen. Erfreulicherweise habe ich durch mein Netzwerk exzellente Kontakte, auf die ich im Notfall z\u00e4hlen kann. Ein Anruf, und 40 Minuten sp\u00e4ter sa\u00dfen wir in einem Privatjet der Air Hamburg, non stop auf dem Weg nach Verona. Zugegeben, ein wenig Gl\u00fcck war auch im Spiel. Die Air Hamburg hatte gerade eine Maschine reinbekommen, die nun frei war. Und die Crew? Erkl\u00e4rte sich kurzerhand bereit, weiterzumachen und uns nach Verona zu fliegen.<\/p>\n<p style=\"text-align: left;\">Der Kunde war f\u00fcr mich in diesem Moment nicht erreichbar. Also musste ich f\u00fcr mich die Entscheidung treffen, was mir wichtiger ist: meine Marge oder meine Performance. Ich habe mich f\u00fcr meine Performance entschieden \u2013 und die Kosten auf meine Kappe genommen. F\u00fcr mich z\u00e4hlt in solchen Momenten zun\u00e4chst einfach nur das Endergebnis. Dass meine Kunden ihre Traumhochzeit feiern und wir den Stress fern halten.<\/p>\n<p style=\"text-align: left;\"><strong><img decoding=\"async\" loading=\"lazy\" class=\"alignnone wp-image-15974 size-large\" src=\"https:\/\/fine-weddings.de\/wp-content\/uploads\/2019\/07\/190708_Fine-Weddings-Parties-PrivatjetIMG_8075-768x1024.jpg\" alt=\"\" width=\"768\" height=\"1024\" srcset=\"https:\/\/fine-weddings.de\/blog\/wp-content\/uploads\/2019\/07\/190708_Fine-Weddings-Parties-PrivatjetIMG_8075-768x1024.jpg 768w, https:\/\/fine-weddings.de\/blog\/wp-content\/uploads\/2019\/07\/190708_Fine-Weddings-Parties-PrivatjetIMG_8075-225x300.jpg 225w\" sizes=\"(max-width: 768px) 100vw, 768px\" \/><\/strong><\/p>\n<p style=\"text-align: left;\">Wenn der Flug auch eine spontane Notl\u00f6sung war, so war davon an Bord der Phenom 300 nichts zu sp\u00fcren. Die Piloten und die Crew waren superfreundlich und kompetent, die Stimmung nahezu ausgelassen. Kein Wunder, wir waren einfach nur unglaublich froh, dass wir so schnell einen Weg gefunden hatten, den Zeitplan zu halten und unseren Verpflichtungen nachzukommen.<\/p>\n<p style=\"text-align: left;\">Am Ende konnten wir sogar 15 Minuten aufholen, zumal wir nicht zwischenlanden mussten. Als wir in Verona landeten, waren wir wieder voll on time und konnten wie geplant mit dem Mietwagen weiter zum Gardasee d\u00fcsen. Somit mussten wir nicht einmal eine Erkl\u00e4rung abgeben, als wir dort ankamen. Niemand hatte auch nur das Geringste bemerkt. Mit anderen Worten: Punktlandung.<\/p>\n<p style=\"text-align: left;\"><img decoding=\"async\" loading=\"lazy\" class=\"alignnone size-large wp-image-15970\" src=\"https:\/\/fine-weddings.de\/wp-content\/uploads\/2019\/07\/190708_Fine-Weddings-Parties-PrivatjetIMG_3191-1024x768.jpg\" alt=\"\" width=\"1024\" height=\"768\" srcset=\"https:\/\/fine-weddings.de\/blog\/wp-content\/uploads\/2019\/07\/190708_Fine-Weddings-Parties-PrivatjetIMG_3191-1024x768.jpg 1024w, https:\/\/fine-weddings.de\/blog\/wp-content\/uploads\/2019\/07\/190708_Fine-Weddings-Parties-PrivatjetIMG_3191-300x225.jpg 300w, https:\/\/fine-weddings.de\/blog\/wp-content\/uploads\/2019\/07\/190708_Fine-Weddings-Parties-PrivatjetIMG_3191-768x576.jpg 768w\" sizes=\"(max-width: 1024px) 100vw, 1024px\" \/><\/p>\n<p style=\"text-align: left;\">Eines steht mal fest: Von allen verr\u00fcckten Sachen, die wir mit unserem Job so erleben, steht dieser Tag ganz weit vorne. Die Geschichte dazu kommt auf jeden Fall mit ins n\u00e4chste Buch! Ins Aviation Week Magazin hat sie es \u00fcbrigens schon geschafft \u2013 mehr dazu <a href=\"https:\/\/secure.viewer.zmags.com\/publication\/cccbf138#\/cccbf138\/18\">HIER<\/a> &#8230;<\/p>\n<p style=\"text-align: left;\">Dar\u00fcber hinaus steht die Story aber auch klar f\u00fcr den Spirit von Fine Weddings &amp; Parties: Wir gehen f\u00fcr unsere Kunden immer die Extrameile. Und sind trotzdem p\u00fcnktlich zur Stelle. Wie sagt Air-Hamburg-Manager Mike Ulka so sch\u00f6n: \u201eFlying is only 50 percent. The rest is administrative.\u201c Wie recht er hat. F\u00fcr einen H\u00f6henflug mit anschlie\u00dfender Punktlandung braucht es in der Tat mehr als einen guten Piloten, n\u00e4mlich: ein Spitzen-Team und perfekte Organisation.<\/p>\n<p style=\"text-align: left;\">Eure Nadine<\/p>\n<p><img decoding=\"async\" loading=\"lazy\" class=\"alignnone size-full wp-image-14578 alignleft\" src=\"https:\/\/fine-weddings.de\/wp-content\/uploads\/2015\/07\/2_Siegel_50x50.png\" alt=\"\" width=\"50\" height=\"50\" \/><\/p>\n<p>&nbsp;<\/p>\n<p>&nbsp;<\/p>\n<p>&nbsp;<\/p>\n<p style=\"text-align: left;\"><strong><img decoding=\"async\" loading=\"lazy\" class=\"alignnone wp-image-15976 size-large alignleft\" src=\"https:\/\/fine-weddings.de\/wp-content\/uploads\/2019\/07\/190708_Fine-Weddings-Parties-PrivatjetIMG_8113-806x1024.jpg\" alt=\"\" width=\"806\" height=\"1024\" srcset=\"https:\/\/fine-weddings.de\/blog\/wp-content\/uploads\/2019\/07\/190708_Fine-Weddings-Parties-PrivatjetIMG_8113-806x1024.jpg 806w, https:\/\/fine-weddings.de\/blog\/wp-content\/uploads\/2019\/07\/190708_Fine-Weddings-Parties-PrivatjetIMG_8113-236x300.jpg 236w, https:\/\/fine-weddings.de\/blog\/wp-content\/uploads\/2019\/07\/190708_Fine-Weddings-Parties-PrivatjetIMG_8113-768x975.jpg 768w\" sizes=\"(max-width: 806px) 100vw, 806px\" \/><\/strong><\/p>\n<p>[\/vc_column_text][\/vc_column][\/vc_row][vc_row][vc_column]<div class=\"ult-spacer spacer-69edf17a0e43b\" data-id=\"69edf17a0e43b\" data-height=\"20\" data-height-mobile=\"20\" data-height-tab=\"\" data-height-tab-portrait=\"\" data-height-mobile-landscape=\"\" style=\"clear:both;display:block;\"><\/div>[\/vc_column][\/vc_row][vc_row][vc_column width=&#8220;1\/2&#8243;]<div class=\"ult-spacer spacer-69edf17a0e44a\" data-id=\"69edf17a0e44a\" data-height=\"20\" data-height-mobile=\"20\" data-height-tab=\"\" data-height-tab-portrait=\"\" data-height-mobile-landscape=\"\" style=\"clear:both;display:block;\"><\/div><div class=\"ult-spacer spacer-69edf17a0e452\" data-id=\"69edf17a0e452\" data-height=\"20\" data-height-mobile=\"20\" data-height-tab=\"\" data-height-tab-portrait=\"\" data-height-mobile-landscape=\"\" style=\"clear:both;display:block;\"><\/div>[\/vc_column][vc_column width=&#8220;1\/2&#8243;]<div class=\"ult-spacer spacer-69edf17a0e459\" data-id=\"69edf17a0e459\" data-height=\"20\" data-height-mobile=\"20\" data-height-tab=\"\" data-height-tab-portrait=\"\" data-height-mobile-landscape=\"\" style=\"clear:both;display:block;\"><\/div><div class=\"ult-spacer spacer-69edf17a0e460\" data-id=\"69edf17a0e460\" data-height=\"20\" data-height-mobile=\"20\" data-height-tab=\"\" data-height-tab-portrait=\"\" data-height-mobile-landscape=\"\" style=\"clear:both;display:block;\"><\/div>[\/vc_column][\/vc_row][vc_row][vc_column][vc_column_text]Photos: <a href=\"https:\/\/www.mapfotodesign.com\" target=\"_blank\" rel=\"noopener\">mapfotodesign<\/a>[\/vc_column_text][\/vc_column][\/vc_row]<\/p>\n<\/section>","protected":false},"excerpt":{"rendered":"<p>Ihr wisst ja, Reisen geh\u00f6rt bei uns zum Alltagsgesch\u00e4ft, genau wie Versp\u00e4tungen und Schlimmeres. An jenem 9. Mai sollte ich mit einem dreik\u00f6pfigen Team nach Italien reisen, wo wir nachmittags am Gardasee erwartet wurden. Es ging um eine Hochzeit mit rund 80 G\u00e4sten, die in einer privaten Villa stattfinden sollte. <\/p>\n","protected":false},"author":2,"featured_media":15976,"comment_status":"open","ping_status":"open","sticky":false,"template":"","format":"standard","meta":[],"categories":[78],"tags":[],"acf":[],"yoast_head":"<!-- This site is optimized with the Yoast SEO plugin v20.2 - https:\/\/yoast.com\/wordpress\/plugins\/seo\/ -->\n<title>Mit dem Privatjet zur Hochzeit - FINE WEDDINGS BLOG<\/title>\n<meta name=\"description\" content=\"Ihr wisst ja, Reisen geh\u00f6rt bei uns zum Alltagsgesch\u00e4ft, genau wie Versp\u00e4tungen und Schlimmeres. An jenem 9. Mai sollte ich mit einem dreik\u00f6pfigen Team nach Italien reisen, wo wir nachmittags am Gardasee erwartet wurden. Es ging um eine Hochzeit mit rund 80 G\u00e4sten, die in einer privaten Villa stattfinden sollte.\" \/>\n<meta name=\"robots\" content=\"index, follow, max-snippet:-1, max-image-preview:large, max-video-preview:-1\" \/>\n<link rel=\"canonical\" href=\"https:\/\/fine-weddings.de\/blog\/mit-dem-privatjet-der-air-hamburg-zur-hochzeit\/\" \/>\n<meta property=\"og:locale\" content=\"de_DE\" \/>\n<meta property=\"og:type\" content=\"article\" \/>\n<meta property=\"og:title\" content=\"Mit dem Privatjet zur Hochzeit - FINE WEDDINGS BLOG\" \/>\n<meta property=\"og:description\" content=\"Ihr wisst ja, Reisen geh\u00f6rt bei uns zum Alltagsgesch\u00e4ft, genau wie Versp\u00e4tungen und Schlimmeres. An jenem 9. Mai sollte ich mit einem dreik\u00f6pfigen Team nach Italien reisen, wo wir nachmittags am Gardasee erwartet wurden. Es ging um eine Hochzeit mit rund 80 G\u00e4sten, die in einer privaten Villa stattfinden sollte.\" \/>\n<meta property=\"og:url\" content=\"https:\/\/fine-weddings.de\/blog\/mit-dem-privatjet-der-air-hamburg-zur-hochzeit\/\" \/>\n<meta property=\"og:site_name\" content=\"FINE WEDDINGS BLOG\" \/>\n<meta property=\"article:published_time\" content=\"2019-07-08T15:33:20+00:00\" \/>\n<meta property=\"article:modified_time\" content=\"2019-08-22T14:44:52+00:00\" \/>\n<meta property=\"og:image\" content=\"https:\/\/fine-weddings.de\/blog\/wp-content\/uploads\/2019\/07\/190708_Fine-Weddings-Parties-PrivatjetIMG_8113.jpg\" \/>\n\t<meta property=\"og:image:width\" content=\"2538\" \/>\n\t<meta property=\"og:image:height\" content=\"3223\" \/>\n\t<meta property=\"og:image:type\" content=\"image\/jpeg\" \/>\n<meta name=\"author\" content=\"Fine Weddings\" \/>\n<meta name=\"twitter:card\" content=\"summary_large_image\" \/>\n<meta name=\"twitter:label1\" content=\"Verfasst von\" \/>\n\t<meta name=\"twitter:data1\" content=\"Fine Weddings\" \/>\n\t<meta name=\"twitter:label2\" content=\"Gesch\u00e4tzte Lesezeit\" \/>\n\t<meta name=\"twitter:data2\" content=\"4\u00a0Minuten\" \/>\n<script type=\"application\/ld+json\" class=\"yoast-schema-graph\">{\"@context\":\"https:\/\/schema.org\",\"@graph\":[{\"@type\":\"Article\",\"@id\":\"https:\/\/fine-weddings.de\/blog\/mit-dem-privatjet-der-air-hamburg-zur-hochzeit\/#article\",\"isPartOf\":{\"@id\":\"https:\/\/fine-weddings.de\/blog\/mit-dem-privatjet-der-air-hamburg-zur-hochzeit\/\"},\"author\":{\"name\":\"Fine Weddings\",\"@id\":\"https:\/\/fine-weddings.de\/blog\/#\/schema\/person\/87220e91a4a062b03e05ff505288330b\"},\"headline\":\"Mit dem Privatjet zur Hochzeit\",\"datePublished\":\"2019-07-08T15:33:20+00:00\",\"dateModified\":\"2019-08-22T14:44:52+00:00\",\"mainEntityOfPage\":{\"@id\":\"https:\/\/fine-weddings.de\/blog\/mit-dem-privatjet-der-air-hamburg-zur-hochzeit\/\"},\"wordCount\":819,\"commentCount\":0,\"publisher\":{\"@id\":\"https:\/\/fine-weddings.de\/blog\/#organization\"},\"articleSection\":[\"Real Weddings\"],\"inLanguage\":\"de\",\"potentialAction\":[{\"@type\":\"CommentAction\",\"name\":\"Comment\",\"target\":[\"https:\/\/fine-weddings.de\/blog\/mit-dem-privatjet-der-air-hamburg-zur-hochzeit\/#respond\"]}]},{\"@type\":\"WebPage\",\"@id\":\"https:\/\/fine-weddings.de\/blog\/mit-dem-privatjet-der-air-hamburg-zur-hochzeit\/\",\"url\":\"https:\/\/fine-weddings.de\/blog\/mit-dem-privatjet-der-air-hamburg-zur-hochzeit\/\",\"name\":\"Mit dem Privatjet zur Hochzeit - FINE WEDDINGS BLOG\",\"isPartOf\":{\"@id\":\"https:\/\/fine-weddings.de\/blog\/#website\"},\"datePublished\":\"2019-07-08T15:33:20+00:00\",\"dateModified\":\"2019-08-22T14:44:52+00:00\",\"description\":\"Ihr wisst ja, Reisen geh\u00f6rt bei uns zum Alltagsgesch\u00e4ft, genau wie Versp\u00e4tungen und Schlimmeres. An jenem 9. Mai sollte ich mit einem dreik\u00f6pfigen Team nach Italien reisen, wo wir nachmittags am Gardasee erwartet wurden. Es ging um eine Hochzeit mit rund 80 G\u00e4sten, die in einer privaten Villa stattfinden sollte.\",\"breadcrumb\":{\"@id\":\"https:\/\/fine-weddings.de\/blog\/mit-dem-privatjet-der-air-hamburg-zur-hochzeit\/#breadcrumb\"},\"inLanguage\":\"de\",\"potentialAction\":[{\"@type\":\"ReadAction\",\"target\":[\"https:\/\/fine-weddings.de\/blog\/mit-dem-privatjet-der-air-hamburg-zur-hochzeit\/\"]}]},{\"@type\":\"BreadcrumbList\",\"@id\":\"https:\/\/fine-weddings.de\/blog\/mit-dem-privatjet-der-air-hamburg-zur-hochzeit\/#breadcrumb\",\"itemListElement\":[{\"@type\":\"ListItem\",\"position\":1,\"name\":\"Home\",\"item\":\"https:\/\/fine-weddings.de\/blog\/\"},{\"@type\":\"ListItem\",\"position\":2,\"name\":\"Mit dem Privatjet zur Hochzeit\"}]},{\"@type\":\"WebSite\",\"@id\":\"https:\/\/fine-weddings.de\/blog\/#website\",\"url\":\"https:\/\/fine-weddings.de\/blog\/\",\"name\":\"FINE WEDDINGS BLOG\",\"description\":\"Trends und News rund ums Heiraten\",\"publisher\":{\"@id\":\"https:\/\/fine-weddings.de\/blog\/#organization\"},\"potentialAction\":[{\"@type\":\"SearchAction\",\"target\":{\"@type\":\"EntryPoint\",\"urlTemplate\":\"https:\/\/fine-weddings.de\/blog\/?s={search_term_string}\"},\"query-input\":\"required name=search_term_string\"}],\"inLanguage\":\"de\"},{\"@type\":\"Organization\",\"@id\":\"https:\/\/fine-weddings.de\/blog\/#organization\",\"name\":\"Fine Weddings & Parties\",\"url\":\"https:\/\/fine-weddings.de\/blog\/\",\"logo\":{\"@type\":\"ImageObject\",\"inLanguage\":\"de\",\"@id\":\"https:\/\/fine-weddings.de\/blog\/#\/schema\/logo\/image\/\",\"url\":\"https:\/\/www.fine-weddings.de\/blog\/wp-content\/uploads\/2021\/05\/FW-Logo.png\",\"contentUrl\":\"https:\/\/www.fine-weddings.de\/blog\/wp-content\/uploads\/2021\/05\/FW-Logo.png\",\"width\":500,\"height\":458,\"caption\":\"Fine Weddings & Parties\"},\"image\":{\"@id\":\"https:\/\/fine-weddings.de\/blog\/#\/schema\/logo\/image\/\"}},{\"@type\":\"Person\",\"@id\":\"https:\/\/fine-weddings.de\/blog\/#\/schema\/person\/87220e91a4a062b03e05ff505288330b\",\"name\":\"Fine Weddings\"}]}<\/script>\n<!-- \/ Yoast SEO plugin. -->","yoast_head_json":{"title":"Mit dem Privatjet zur Hochzeit - FINE WEDDINGS BLOG","description":"Ihr wisst ja, Reisen geh\u00f6rt bei uns zum Alltagsgesch\u00e4ft, genau wie Versp\u00e4tungen und Schlimmeres. An jenem 9. Mai sollte ich mit einem dreik\u00f6pfigen Team nach Italien reisen, wo wir nachmittags am Gardasee erwartet wurden. Es ging um eine Hochzeit mit rund 80 G\u00e4sten, die in einer privaten Villa stattfinden sollte.","robots":{"index":"index","follow":"follow","max-snippet":"max-snippet:-1","max-image-preview":"max-image-preview:large","max-video-preview":"max-video-preview:-1"},"canonical":"https:\/\/fine-weddings.de\/blog\/mit-dem-privatjet-der-air-hamburg-zur-hochzeit\/","og_locale":"de_DE","og_type":"article","og_title":"Mit dem Privatjet zur Hochzeit - FINE WEDDINGS BLOG","og_description":"Ihr wisst ja, Reisen geh\u00f6rt bei uns zum Alltagsgesch\u00e4ft, genau wie Versp\u00e4tungen und Schlimmeres. An jenem 9. Mai sollte ich mit einem dreik\u00f6pfigen Team nach Italien reisen, wo wir nachmittags am Gardasee erwartet wurden. Es ging um eine Hochzeit mit rund 80 G\u00e4sten, die in einer privaten Villa stattfinden sollte.","og_url":"https:\/\/fine-weddings.de\/blog\/mit-dem-privatjet-der-air-hamburg-zur-hochzeit\/","og_site_name":"FINE WEDDINGS BLOG","article_published_time":"2019-07-08T15:33:20+00:00","article_modified_time":"2019-08-22T14:44:52+00:00","og_image":[{"width":2538,"height":3223,"url":"https:\/\/fine-weddings.de\/blog\/wp-content\/uploads\/2019\/07\/190708_Fine-Weddings-Parties-PrivatjetIMG_8113.jpg","type":"image\/jpeg"}],"author":"Fine Weddings","twitter_card":"summary_large_image","twitter_misc":{"Verfasst von":"Fine Weddings","Gesch\u00e4tzte Lesezeit":"4\u00a0Minuten"},"schema":{"@context":"https:\/\/schema.org","@graph":[{"@type":"Article","@id":"https:\/\/fine-weddings.de\/blog\/mit-dem-privatjet-der-air-hamburg-zur-hochzeit\/#article","isPartOf":{"@id":"https:\/\/fine-weddings.de\/blog\/mit-dem-privatjet-der-air-hamburg-zur-hochzeit\/"},"author":{"name":"Fine Weddings","@id":"https:\/\/fine-weddings.de\/blog\/#\/schema\/person\/87220e91a4a062b03e05ff505288330b"},"headline":"Mit dem Privatjet zur Hochzeit","datePublished":"2019-07-08T15:33:20+00:00","dateModified":"2019-08-22T14:44:52+00:00","mainEntityOfPage":{"@id":"https:\/\/fine-weddings.de\/blog\/mit-dem-privatjet-der-air-hamburg-zur-hochzeit\/"},"wordCount":819,"commentCount":0,"publisher":{"@id":"https:\/\/fine-weddings.de\/blog\/#organization"},"articleSection":["Real Weddings"],"inLanguage":"de","potentialAction":[{"@type":"CommentAction","name":"Comment","target":["https:\/\/fine-weddings.de\/blog\/mit-dem-privatjet-der-air-hamburg-zur-hochzeit\/#respond"]}]},{"@type":"WebPage","@id":"https:\/\/fine-weddings.de\/blog\/mit-dem-privatjet-der-air-hamburg-zur-hochzeit\/","url":"https:\/\/fine-weddings.de\/blog\/mit-dem-privatjet-der-air-hamburg-zur-hochzeit\/","name":"Mit dem Privatjet zur Hochzeit - FINE WEDDINGS BLOG","isPartOf":{"@id":"https:\/\/fine-weddings.de\/blog\/#website"},"datePublished":"2019-07-08T15:33:20+00:00","dateModified":"2019-08-22T14:44:52+00:00","description":"Ihr wisst ja, Reisen geh\u00f6rt bei uns zum Alltagsgesch\u00e4ft, genau wie Versp\u00e4tungen und Schlimmeres. An jenem 9. Mai sollte ich mit einem dreik\u00f6pfigen Team nach Italien reisen, wo wir nachmittags am Gardasee erwartet wurden. Es ging um eine Hochzeit mit rund 80 G\u00e4sten, die in einer privaten Villa stattfinden sollte.","breadcrumb":{"@id":"https:\/\/fine-weddings.de\/blog\/mit-dem-privatjet-der-air-hamburg-zur-hochzeit\/#breadcrumb"},"inLanguage":"de","potentialAction":[{"@type":"ReadAction","target":["https:\/\/fine-weddings.de\/blog\/mit-dem-privatjet-der-air-hamburg-zur-hochzeit\/"]}]},{"@type":"BreadcrumbList","@id":"https:\/\/fine-weddings.de\/blog\/mit-dem-privatjet-der-air-hamburg-zur-hochzeit\/#breadcrumb","itemListElement":[{"@type":"ListItem","position":1,"name":"Home","item":"https:\/\/fine-weddings.de\/blog\/"},{"@type":"ListItem","position":2,"name":"Mit dem Privatjet zur Hochzeit"}]},{"@type":"WebSite","@id":"https:\/\/fine-weddings.de\/blog\/#website","url":"https:\/\/fine-weddings.de\/blog\/","name":"FINE WEDDINGS BLOG","description":"Trends und News rund ums Heiraten","publisher":{"@id":"https:\/\/fine-weddings.de\/blog\/#organization"},"potentialAction":[{"@type":"SearchAction","target":{"@type":"EntryPoint","urlTemplate":"https:\/\/fine-weddings.de\/blog\/?s={search_term_string}"},"query-input":"required name=search_term_string"}],"inLanguage":"de"},{"@type":"Organization","@id":"https:\/\/fine-weddings.de\/blog\/#organization","name":"Fine Weddings & Parties","url":"https:\/\/fine-weddings.de\/blog\/","logo":{"@type":"ImageObject","inLanguage":"de","@id":"https:\/\/fine-weddings.de\/blog\/#\/schema\/logo\/image\/","url":"https:\/\/www.fine-weddings.de\/blog\/wp-content\/uploads\/2021\/05\/FW-Logo.png","contentUrl":"https:\/\/www.fine-weddings.de\/blog\/wp-content\/uploads\/2021\/05\/FW-Logo.png","width":500,"height":458,"caption":"Fine Weddings & Parties"},"image":{"@id":"https:\/\/fine-weddings.de\/blog\/#\/schema\/logo\/image\/"}},{"@type":"Person","@id":"https:\/\/fine-weddings.de\/blog\/#\/schema\/person\/87220e91a4a062b03e05ff505288330b","name":"Fine Weddings"}]}},"_links":{"self":[{"href":"https:\/\/fine-weddings.de\/blog\/wp-json\/wp\/v2\/posts\/15969"}],"collection":[{"href":"https:\/\/fine-weddings.de\/blog\/wp-json\/wp\/v2\/posts"}],"about":[{"href":"https:\/\/fine-weddings.de\/blog\/wp-json\/wp\/v2\/types\/post"}],"author":[{"embeddable":true,"href":"https:\/\/fine-weddings.de\/blog\/wp-json\/wp\/v2\/users\/2"}],"replies":[{"embeddable":true,"href":"https:\/\/fine-weddings.de\/blog\/wp-json\/wp\/v2\/comments?post=15969"}],"version-history":[{"count":13,"href":"https:\/\/fine-weddings.de\/blog\/wp-json\/wp\/v2\/posts\/15969\/revisions"}],"predecessor-version":[{"id":15993,"href":"https:\/\/fine-weddings.de\/blog\/wp-json\/wp\/v2\/posts\/15969\/revisions\/15993"}],"wp:featuredmedia":[{"embeddable":true,"href":"https:\/\/fine-weddings.de\/blog\/wp-json\/wp\/v2\/media\/15976"}],"wp:attachment":[{"href":"https:\/\/fine-weddings.de\/blog\/wp-json\/wp\/v2\/media?parent=15969"}],"wp:term":[{"taxonomy":"category","embeddable":true,"href":"https:\/\/fine-weddings.de\/blog\/wp-json\/wp\/v2\/categories?post=15969"},{"taxonomy":"post_tag","embeddable":true,"href":"https:\/\/fine-weddings.de\/blog\/wp-json\/wp\/v2\/tags?post=15969"}],"curies":[{"name":"wp","href":"https:\/\/api.w.org\/{rel}","templated":true}]}}