{"id":15738,"date":"2018-12-09T17:16:14","date_gmt":"2018-12-09T16:16:14","guid":{"rendered":"https:\/\/fine-weddings.de\/?p=15738"},"modified":"2019-08-22T16:52:35","modified_gmt":"2019-08-22T14:52:35","slug":"mein-interview-mit-sue-giers","status":"publish","type":"post","link":"https:\/\/fine-weddings.de\/blog\/mein-interview-mit-sue-giers\/","title":{"rendered":"Mein Interview mit Sue Giers von SoSUE"},"content":{"rendered":"<section class=\"wpb-content-wrapper\"><p>[vc_row][vc_column][vc_column_text]<\/p>\n<p style=\"text-align: left;\">Stilikone, Fashion-Victim und Unternehmerin Sue Giers hat mich zum Interview eingeladen \u2013 was f\u00fcr eine Ehre. Passend zur gem\u00fctlichen Vorweihnachtszeit und in Erwartung auf die ersten Minus-Temperaturen und den damit einhergehenden Schnee (bitte Petrus, schenk uns dieses Jahr endlich einmal wieder wei\u00dfe Weihnachten!) haben wir \u00fcber das Fest der Liebe gesprochen, wie es wirklich gelingt und wie das perfekte Weihnachts-Outfit aussieht.<\/p>\n<p>[\/vc_column_text][\/vc_column][\/vc_row][vc_row][vc_column][vc_single_image image=&#8220;15739&#8243; img_size=&#8220;large&#8220; alignment=&#8220;center&#8220;]<div class=\"ult-spacer spacer-69edde9a5cf14\" data-id=\"69edde9a5cf14\" data-height=\"20\" data-height-mobile=\"20\" data-height-tab=\"\" data-height-tab-portrait=\"\" data-height-mobile-landscape=\"\" style=\"clear:both;display:block;\"><\/div>[\/vc_column][\/vc_row][vc_row][vc_column][vc_column_text]<\/p>\n<p style=\"text-align: left;\">Sue hat wundersch\u00f6ne Teile in ihrer aktuellen Kollektion \u2013 also wer noch auf der Suche nach dem richtigen Dress ist, sollte unbedingt bei ihr vorbeischauen. Erfahrt in unserem Interview au\u00dferdem, was bei uns an Heiligabend auf den Tisch kommt, welche Dekotrends dieses Jahr die Weihnachtstafel schm\u00fccken und viele weitere Tipps rund um das Thema Christmas Fever.<\/p>\n<p style=\"text-align: left;\">Und nicht vergessen \u2013 Weihnachten bringt nicht nur Freunde und Familie zusammen, sondern ist auch einer der wohl sch\u00f6nsten Anl\u00e4sse f\u00fcr die Frage aller Fragen: Willst du mich heiraten?<\/p>\n<p style=\"text-align: left;\">Das komplette Interview mit weiteren weihnachtlichen Impressionen findet ihr <a href=\"https:\/\/www.so-sue.com\/blog\/hochzeit-weihnachten-hochzeitsplanerin\">hier<\/a>.<\/p>\n<p style=\"text-align: left;\">Viel Spa\u00df beim Lesen und einen wundervollen zweiten Adventssonntag!<\/p>\n<p style=\"text-align: left;\">Eure Nadine<\/p>\n<p>[\/vc_column_text][\/vc_column][\/vc_row]<\/p>\n<\/section>","protected":false},"excerpt":{"rendered":"<p>Stilikone, Fashion-Victim und Unternehmerin Sue Giers hat mich zum Interview eingeladen \u2013 was f\u00fcr eine Ehre. Passend zur gem\u00fctlichen Vorweihnachtszeit und in Erwartung auf die ersten Minus-Temperaturen und den damit einhergehenden Schnee (bitte Petrus, schenk uns dieses Jahr endlich einmal wieder wei\u00dfe Weihnachten!) haben wir \u00fcber das Fest der Liebe gesprochen, wie es wirklich gelingt und wie das perfekte Weihnachts-Outfit aussieht.<\/p>\n","protected":false},"author":2,"featured_media":15743,"comment_status":"open","ping_status":"open","sticky":false,"template":"","format":"standard","meta":[],"categories":[76,69],"tags":[],"acf":[],"yoast_head":"<!-- This site is optimized with the Yoast SEO plugin v20.2 - https:\/\/yoast.com\/wordpress\/plugins\/seo\/ -->\n<title>Mein Interview mit Sue Giers von SoSUE - FINE WEDDINGS BLOG<\/title>\n<meta name=\"description\" content=\"Stilikone, Fashion-Victim und Unternehmerin Sue Giers hat mich zum Interview eingeladen \u2013 was f\u00fcr eine Ehre. Passend zur gem\u00fctlichen Vorweihnachtszeit und in Erwartung auf die ersten Minus-Temperaturen und den damit einhergehenden Schnee (bitte Petrus, schenk uns dieses Jahr endlich einmal wieder wei\u00dfe Weihnachten!) haben wir \u00fcber das Fest der Liebe gesprochen, wie es wirklich gelingt und wie das perfekte Weihnachts-Outfit aussieht.\" \/>\n<meta name=\"robots\" content=\"index, follow, max-snippet:-1, max-image-preview:large, max-video-preview:-1\" \/>\n<link rel=\"canonical\" href=\"https:\/\/fine-weddings.de\/blog\/mein-interview-mit-sue-giers\/\" \/>\n<meta property=\"og:locale\" content=\"de_DE\" \/>\n<meta property=\"og:type\" content=\"article\" \/>\n<meta property=\"og:title\" content=\"Mein Interview mit Sue Giers von SoSUE - FINE WEDDINGS BLOG\" \/>\n<meta property=\"og:description\" content=\"Stilikone, Fashion-Victim und Unternehmerin Sue Giers hat mich zum Interview eingeladen \u2013 was f\u00fcr eine Ehre. Passend zur gem\u00fctlichen Vorweihnachtszeit und in Erwartung auf die ersten Minus-Temperaturen und den damit einhergehenden Schnee (bitte Petrus, schenk uns dieses Jahr endlich einmal wieder wei\u00dfe Weihnachten!) haben wir \u00fcber das Fest der Liebe gesprochen, wie es wirklich gelingt und wie das perfekte Weihnachts-Outfit aussieht.\" \/>\n<meta property=\"og:url\" content=\"https:\/\/fine-weddings.de\/blog\/mein-interview-mit-sue-giers\/\" \/>\n<meta property=\"og:site_name\" content=\"FINE WEDDINGS BLOG\" \/>\n<meta property=\"article:published_time\" content=\"2018-12-09T16:16:14+00:00\" \/>\n<meta property=\"article:modified_time\" content=\"2019-08-22T14:52:35+00:00\" \/>\n<meta property=\"og:image\" content=\"https:\/\/fine-weddings.de\/blog\/wp-content\/uploads\/2018\/12\/FWP_Sliderbild_SuSUE-1024x703.jpg\" \/>\n\t<meta property=\"og:image:width\" content=\"1024\" \/>\n\t<meta property=\"og:image:height\" content=\"703\" \/>\n\t<meta property=\"og:image:type\" content=\"image\/jpeg\" \/>\n<meta name=\"author\" content=\"Fine Weddings\" \/>\n<meta name=\"twitter:card\" content=\"summary_large_image\" \/>\n<meta name=\"twitter:label1\" content=\"Verfasst von\" \/>\n\t<meta name=\"twitter:data1\" content=\"Fine Weddings\" \/>\n\t<meta name=\"twitter:label2\" content=\"Gesch\u00e4tzte Lesezeit\" \/>\n\t<meta name=\"twitter:data2\" content=\"1\u00a0Minute\" \/>\n<script type=\"application\/ld+json\" class=\"yoast-schema-graph\">{\"@context\":\"https:\/\/schema.org\",\"@graph\":[{\"@type\":\"Article\",\"@id\":\"https:\/\/fine-weddings.de\/blog\/mein-interview-mit-sue-giers\/#article\",\"isPartOf\":{\"@id\":\"https:\/\/fine-weddings.de\/blog\/mein-interview-mit-sue-giers\/\"},\"author\":{\"name\":\"Fine Weddings\",\"@id\":\"https:\/\/www.fine-weddings.de\/blog\/#\/schema\/person\/87220e91a4a062b03e05ff505288330b\"},\"headline\":\"Mein Interview mit Sue Giers von SoSUE\",\"datePublished\":\"2018-12-09T16:16:14+00:00\",\"dateModified\":\"2019-08-22T14:52:35+00:00\",\"mainEntityOfPage\":{\"@id\":\"https:\/\/fine-weddings.de\/blog\/mein-interview-mit-sue-giers\/\"},\"wordCount\":231,\"commentCount\":0,\"publisher\":{\"@id\":\"https:\/\/www.fine-weddings.de\/blog\/#organization\"},\"articleSection\":[\"Experten-Tipps\",\"News\"],\"inLanguage\":\"de\",\"potentialAction\":[{\"@type\":\"CommentAction\",\"name\":\"Comment\",\"target\":[\"https:\/\/fine-weddings.de\/blog\/mein-interview-mit-sue-giers\/#respond\"]}]},{\"@type\":\"WebPage\",\"@id\":\"https:\/\/fine-weddings.de\/blog\/mein-interview-mit-sue-giers\/\",\"url\":\"https:\/\/fine-weddings.de\/blog\/mein-interview-mit-sue-giers\/\",\"name\":\"Mein Interview mit Sue Giers von SoSUE - FINE WEDDINGS BLOG\",\"isPartOf\":{\"@id\":\"https:\/\/www.fine-weddings.de\/blog\/#website\"},\"datePublished\":\"2018-12-09T16:16:14+00:00\",\"dateModified\":\"2019-08-22T14:52:35+00:00\",\"description\":\"Stilikone, Fashion-Victim und Unternehmerin Sue Giers hat mich zum Interview eingeladen \u2013 was f\u00fcr eine Ehre. Passend zur gem\u00fctlichen Vorweihnachtszeit und in Erwartung auf die ersten Minus-Temperaturen und den damit einhergehenden Schnee (bitte Petrus, schenk uns dieses Jahr endlich einmal wieder wei\u00dfe Weihnachten!) haben wir \u00fcber das Fest der Liebe gesprochen, wie es wirklich gelingt und wie das perfekte Weihnachts-Outfit aussieht.\",\"breadcrumb\":{\"@id\":\"https:\/\/fine-weddings.de\/blog\/mein-interview-mit-sue-giers\/#breadcrumb\"},\"inLanguage\":\"de\",\"potentialAction\":[{\"@type\":\"ReadAction\",\"target\":[\"https:\/\/fine-weddings.de\/blog\/mein-interview-mit-sue-giers\/\"]}]},{\"@type\":\"BreadcrumbList\",\"@id\":\"https:\/\/fine-weddings.de\/blog\/mein-interview-mit-sue-giers\/#breadcrumb\",\"itemListElement\":[{\"@type\":\"ListItem\",\"position\":1,\"name\":\"Home\",\"item\":\"https:\/\/www.fine-weddings.de\/blog\/\"},{\"@type\":\"ListItem\",\"position\":2,\"name\":\"Mein Interview mit Sue Giers von SoSUE\"}]},{\"@type\":\"WebSite\",\"@id\":\"https:\/\/www.fine-weddings.de\/blog\/#website\",\"url\":\"https:\/\/www.fine-weddings.de\/blog\/\",\"name\":\"FINE WEDDINGS BLOG\",\"description\":\"Trends und News rund ums Heiraten\",\"publisher\":{\"@id\":\"https:\/\/www.fine-weddings.de\/blog\/#organization\"},\"potentialAction\":[{\"@type\":\"SearchAction\",\"target\":{\"@type\":\"EntryPoint\",\"urlTemplate\":\"https:\/\/www.fine-weddings.de\/blog\/?s={search_term_string}\"},\"query-input\":\"required name=search_term_string\"}],\"inLanguage\":\"de\"},{\"@type\":\"Organization\",\"@id\":\"https:\/\/www.fine-weddings.de\/blog\/#organization\",\"name\":\"Fine Weddings & Parties\",\"url\":\"https:\/\/www.fine-weddings.de\/blog\/\",\"logo\":{\"@type\":\"ImageObject\",\"inLanguage\":\"de\",\"@id\":\"https:\/\/www.fine-weddings.de\/blog\/#\/schema\/logo\/image\/\",\"url\":\"https:\/\/www.fine-weddings.de\/blog\/wp-content\/uploads\/2021\/05\/FW-Logo.png\",\"contentUrl\":\"https:\/\/www.fine-weddings.de\/blog\/wp-content\/uploads\/2021\/05\/FW-Logo.png\",\"width\":500,\"height\":458,\"caption\":\"Fine Weddings & Parties\"},\"image\":{\"@id\":\"https:\/\/www.fine-weddings.de\/blog\/#\/schema\/logo\/image\/\"}},{\"@type\":\"Person\",\"@id\":\"https:\/\/www.fine-weddings.de\/blog\/#\/schema\/person\/87220e91a4a062b03e05ff505288330b\",\"name\":\"Fine Weddings\"}]}<\/script>\n<!-- \/ Yoast SEO plugin. -->","yoast_head_json":{"title":"Mein Interview mit Sue Giers von SoSUE - FINE WEDDINGS BLOG","description":"Stilikone, Fashion-Victim und Unternehmerin Sue Giers hat mich zum Interview eingeladen \u2013 was f\u00fcr eine Ehre. Passend zur gem\u00fctlichen Vorweihnachtszeit und in Erwartung auf die ersten Minus-Temperaturen und den damit einhergehenden Schnee (bitte Petrus, schenk uns dieses Jahr endlich einmal wieder wei\u00dfe Weihnachten!) haben wir \u00fcber das Fest der Liebe gesprochen, wie es wirklich gelingt und wie das perfekte Weihnachts-Outfit aussieht.","robots":{"index":"index","follow":"follow","max-snippet":"max-snippet:-1","max-image-preview":"max-image-preview:large","max-video-preview":"max-video-preview:-1"},"canonical":"https:\/\/fine-weddings.de\/blog\/mein-interview-mit-sue-giers\/","og_locale":"de_DE","og_type":"article","og_title":"Mein Interview mit Sue Giers von SoSUE - FINE WEDDINGS BLOG","og_description":"Stilikone, Fashion-Victim und Unternehmerin Sue Giers hat mich zum Interview eingeladen \u2013 was f\u00fcr eine Ehre. Passend zur gem\u00fctlichen Vorweihnachtszeit und in Erwartung auf die ersten Minus-Temperaturen und den damit einhergehenden Schnee (bitte Petrus, schenk uns dieses Jahr endlich einmal wieder wei\u00dfe Weihnachten!) haben wir \u00fcber das Fest der Liebe gesprochen, wie es wirklich gelingt und wie das perfekte Weihnachts-Outfit aussieht.","og_url":"https:\/\/fine-weddings.de\/blog\/mein-interview-mit-sue-giers\/","og_site_name":"FINE WEDDINGS BLOG","article_published_time":"2018-12-09T16:16:14+00:00","article_modified_time":"2019-08-22T14:52:35+00:00","og_image":[{"width":1024,"height":703,"url":"https:\/\/fine-weddings.de\/blog\/wp-content\/uploads\/2018\/12\/FWP_Sliderbild_SuSUE-1024x703.jpg","type":"image\/jpeg"}],"author":"Fine Weddings","twitter_card":"summary_large_image","twitter_misc":{"Verfasst von":"Fine Weddings","Gesch\u00e4tzte Lesezeit":"1\u00a0Minute"},"schema":{"@context":"https:\/\/schema.org","@graph":[{"@type":"Article","@id":"https:\/\/fine-weddings.de\/blog\/mein-interview-mit-sue-giers\/#article","isPartOf":{"@id":"https:\/\/fine-weddings.de\/blog\/mein-interview-mit-sue-giers\/"},"author":{"name":"Fine Weddings","@id":"https:\/\/www.fine-weddings.de\/blog\/#\/schema\/person\/87220e91a4a062b03e05ff505288330b"},"headline":"Mein Interview mit Sue Giers von SoSUE","datePublished":"2018-12-09T16:16:14+00:00","dateModified":"2019-08-22T14:52:35+00:00","mainEntityOfPage":{"@id":"https:\/\/fine-weddings.de\/blog\/mein-interview-mit-sue-giers\/"},"wordCount":231,"commentCount":0,"publisher":{"@id":"https:\/\/www.fine-weddings.de\/blog\/#organization"},"articleSection":["Experten-Tipps","News"],"inLanguage":"de","potentialAction":[{"@type":"CommentAction","name":"Comment","target":["https:\/\/fine-weddings.de\/blog\/mein-interview-mit-sue-giers\/#respond"]}]},{"@type":"WebPage","@id":"https:\/\/fine-weddings.de\/blog\/mein-interview-mit-sue-giers\/","url":"https:\/\/fine-weddings.de\/blog\/mein-interview-mit-sue-giers\/","name":"Mein Interview mit Sue Giers von SoSUE - FINE WEDDINGS BLOG","isPartOf":{"@id":"https:\/\/www.fine-weddings.de\/blog\/#website"},"datePublished":"2018-12-09T16:16:14+00:00","dateModified":"2019-08-22T14:52:35+00:00","description":"Stilikone, Fashion-Victim und Unternehmerin Sue Giers hat mich zum Interview eingeladen \u2013 was f\u00fcr eine Ehre. Passend zur gem\u00fctlichen Vorweihnachtszeit und in Erwartung auf die ersten Minus-Temperaturen und den damit einhergehenden Schnee (bitte Petrus, schenk uns dieses Jahr endlich einmal wieder wei\u00dfe Weihnachten!) haben wir \u00fcber das Fest der Liebe gesprochen, wie es wirklich gelingt und wie das perfekte Weihnachts-Outfit aussieht.","breadcrumb":{"@id":"https:\/\/fine-weddings.de\/blog\/mein-interview-mit-sue-giers\/#breadcrumb"},"inLanguage":"de","potentialAction":[{"@type":"ReadAction","target":["https:\/\/fine-weddings.de\/blog\/mein-interview-mit-sue-giers\/"]}]},{"@type":"BreadcrumbList","@id":"https:\/\/fine-weddings.de\/blog\/mein-interview-mit-sue-giers\/#breadcrumb","itemListElement":[{"@type":"ListItem","position":1,"name":"Home","item":"https:\/\/www.fine-weddings.de\/blog\/"},{"@type":"ListItem","position":2,"name":"Mein Interview mit Sue Giers von SoSUE"}]},{"@type":"WebSite","@id":"https:\/\/www.fine-weddings.de\/blog\/#website","url":"https:\/\/www.fine-weddings.de\/blog\/","name":"FINE WEDDINGS BLOG","description":"Trends und News rund ums Heiraten","publisher":{"@id":"https:\/\/www.fine-weddings.de\/blog\/#organization"},"potentialAction":[{"@type":"SearchAction","target":{"@type":"EntryPoint","urlTemplate":"https:\/\/www.fine-weddings.de\/blog\/?s={search_term_string}"},"query-input":"required name=search_term_string"}],"inLanguage":"de"},{"@type":"Organization","@id":"https:\/\/www.fine-weddings.de\/blog\/#organization","name":"Fine Weddings & Parties","url":"https:\/\/www.fine-weddings.de\/blog\/","logo":{"@type":"ImageObject","inLanguage":"de","@id":"https:\/\/www.fine-weddings.de\/blog\/#\/schema\/logo\/image\/","url":"https:\/\/www.fine-weddings.de\/blog\/wp-content\/uploads\/2021\/05\/FW-Logo.png","contentUrl":"https:\/\/www.fine-weddings.de\/blog\/wp-content\/uploads\/2021\/05\/FW-Logo.png","width":500,"height":458,"caption":"Fine Weddings & Parties"},"image":{"@id":"https:\/\/www.fine-weddings.de\/blog\/#\/schema\/logo\/image\/"}},{"@type":"Person","@id":"https:\/\/www.fine-weddings.de\/blog\/#\/schema\/person\/87220e91a4a062b03e05ff505288330b","name":"Fine Weddings"}]}},"_links":{"self":[{"href":"https:\/\/fine-weddings.de\/blog\/wp-json\/wp\/v2\/posts\/15738"}],"collection":[{"href":"https:\/\/fine-weddings.de\/blog\/wp-json\/wp\/v2\/posts"}],"about":[{"href":"https:\/\/fine-weddings.de\/blog\/wp-json\/wp\/v2\/types\/post"}],"author":[{"embeddable":true,"href":"https:\/\/fine-weddings.de\/blog\/wp-json\/wp\/v2\/users\/2"}],"replies":[{"embeddable":true,"href":"https:\/\/fine-weddings.de\/blog\/wp-json\/wp\/v2\/comments?post=15738"}],"version-history":[{"count":11,"href":"https:\/\/fine-weddings.de\/blog\/wp-json\/wp\/v2\/posts\/15738\/revisions"}],"predecessor-version":[{"id":15755,"href":"https:\/\/fine-weddings.de\/blog\/wp-json\/wp\/v2\/posts\/15738\/revisions\/15755"}],"wp:featuredmedia":[{"embeddable":true,"href":"https:\/\/fine-weddings.de\/blog\/wp-json\/wp\/v2\/media\/15743"}],"wp:attachment":[{"href":"https:\/\/fine-weddings.de\/blog\/wp-json\/wp\/v2\/media?parent=15738"}],"wp:term":[{"taxonomy":"category","embeddable":true,"href":"https:\/\/fine-weddings.de\/blog\/wp-json\/wp\/v2\/categories?post=15738"},{"taxonomy":"post_tag","embeddable":true,"href":"https:\/\/fine-weddings.de\/blog\/wp-json\/wp\/v2\/tags?post=15738"}],"curies":[{"name":"wp","href":"https:\/\/api.w.org\/{rel}","templated":true}]}}