{"id":15585,"date":"2018-07-21T08:29:46","date_gmt":"2018-07-21T06:29:46","guid":{"rendered":"https:\/\/fine-weddings.de\/?p=15585"},"modified":"2018-07-21T10:36:06","modified_gmt":"2018-07-21T08:36:06","slug":"interview-bild-der-frau","status":"publish","type":"post","link":"https:\/\/fine-weddings.de\/blog\/interview-bild-der-frau\/","title":{"rendered":"Mein Interview mit der Bild der Frau"},"content":{"rendered":"<section class=\"wpb-content-wrapper\"><p>[vc_row][vc_column][vc_column_text]<\/p>\n<p class=\"m_5806379762797690647s3\" style=\"text-align: left;\">In meinem Interview mit Europa\u2019s gr\u00f6sster Frauenzeitschrift steht mal nicht meine Passion f\u00fcr das Planen von Luxus-Hochzeiten im Vordergrund, sondern es geht um mich ganz pers\u00f6nlich. Redakteurin Claudia Kirschner und ich sind uns trotz geographischer Distanz (sie Hamburg, ich Mallorca) sehr nahe gekommen und ich bin ihr dankbar f\u00fcr diese sch\u00f6ne Mutmachgeschichte.<\/p>\n<p class=\"m_5806379762797690647s3\" style=\"text-align: left;\">Ich m\u00f6chte mit dem Interview allen Frauen Mut machen, ihren Weg weiter zu gehen und nicht aufzugeben\u00a0\u2013 auch wenn das nicht immer leicht ist und Schicksalsschl\u00e4ge unser Leben und unsere W\u00fcnsche und Tr\u00e4ume durchkreuzen. Ich habe es geschafft, vorallem durch die unglaubliche Unterst\u00fctzung durch meine Familie und meine Freunde &#8211; und mein verstorbener Mann ist in Gedanken immer bei mir und meinen Kindern. Jeder Tag ist ein Geschenk. &lt;3<\/p>\n<p class=\"m_5806379762797690647s3\" style=\"text-align: left;\"><strong><span class=\"m_5806379762797690647s2\">Hier ein kurzer Auszug&#8230;<\/span><span class=\"m_5806379762797690647s2\">\u00a0(Quelle: Bild der Frau)<\/span><\/strong><\/p>\n<p class=\"m_5806379762797690647s3\" style=\"text-align: left;\">\u201eAusgerechnet an Weihnachten steht Nadine Metgenbergs Welt still: \u201eWir wollten gerade den Weihnachtsbaum schm\u00fccken, als die Diagnose kam. Es war verr\u00fcckt: Eben noch h\u00e4ngte ich bunte Kugeln auf, die aufgeregten Kinder um uns herum. Und im n\u00e4chsten Moment zog mir jemand den Boden unter den F\u00fc\u00dfen weg.\u201c<\/p>\n<p class=\"m_5806379762797690647s5\" style=\"text-align: left;\"><span class=\"m_5806379762797690647s4\">Zwei Jahre ist das\u00a0<\/span><span class=\"m_5806379762797690647s4\">her, Nadine, jetzt alleinerzie<\/span><span class=\"m_5806379762797690647s4\">hende Mutter von Merle (16), Valentin (15), Cosimo (9) und\u00a0<\/span><span class=\"m_5806379762797690647s4\">Aimi<\/span><span class=\"m_5806379762797690647s4\">\u00a0(5), steht damals vor der\u00a0<\/span><span class=\"m_5806379762797690647s4\">gr\u00f6<\/span><span class=\"m_5806379762797690647s4\">\u00dften<\/span><span class=\"m_5806379762797690647s4\">\u00a0Herausfor<\/span><span class=\"m_5806379762797690647s4\">derung ihres Lebens. Gerade hat sie ihre eigene Firma\u00a0<\/span><span class=\"m_5806379762797690647s4\">gegr\u00fcndet<\/span><span class=\"m_5806379762797690647s4\">, muss einen Weg\u00a0<\/span><span class=\"m_5806379762797690647s4\">fi<\/span><span class=\"m_5806379762797690647s4\">nden, allem und allen gerecht zu wer<\/span><span class=\"m_5806379762797690647s4\">den. Auch ihrem eigenen Kummer.\u201c &#8230;<\/span><\/p>\n<p class=\"m_5806379762797690647s3\" style=\"text-align: left;\"><a href=\"\/wp-content\/uploads\/2018\/07\/bdf30026027.pdf\" target=\"_blank\" rel=\"noopener\"><span class=\"m_5806379762797690647s6\">Den gesamten Artikel aus der Bild der Frau lest Ihr hier im\u00a0<\/span><span class=\"m_5806379762797690647s6\">pdf<\/span><span class=\"m_5806379762797690647s6\">.<\/span><\/a><\/p>\n<p class=\"m_5806379762797690647s3\" style=\"text-align: left;\">Alles Liebe, Eure Nadine<\/p>\n<p>[\/vc_column_text][\/vc_column][\/vc_row][vc_row][vc_column][vc_single_image image=&#8220;14578&#8243; css=&#8220;.vc_custom_1532153419183{padding-top: 20px !important;padding-right: 10px !important;padding-bottom: 20px !important;padding-left: 10px !important;}&#8220;][\/vc_column][\/vc_row]<\/p>\n<\/section>","protected":false},"excerpt":{"rendered":"<p>In meinem Interview mit Europa\u2019s gr\u00f6sster Frauenzeitschrift steht mal nicht meine Passion f\u00fcr das Planen von Luxus-Hochzeiten im Vordergrund, sondern es geht um mich ganz pers\u00f6nlich. Redakteurin Claudia Kirschner und ich sind uns trotz geographischer Distanz (sie Hamburg, ich Mallorca) sehr nahe gekommen und ich bin ihr dankbar f\u00fcr diese sch\u00f6ne Mutmachgeschichte. <\/p>\n","protected":false},"author":2,"featured_media":15587,"comment_status":"open","ping_status":"open","sticky":false,"template":"","format":"standard","meta":[],"categories":[69],"tags":[],"acf":[],"yoast_head":"<!-- This site is optimized with the Yoast SEO plugin v20.2 - https:\/\/yoast.com\/wordpress\/plugins\/seo\/ -->\n<title>Mein Interview mit der Bild der Frau - FINE WEDDINGS BLOG<\/title>\n<meta name=\"description\" content=\"Im Interview mit der Bild geht es um Nadine Metgenberg ganz pers\u00f6nlich.\" \/>\n<meta name=\"robots\" content=\"index, follow, max-snippet:-1, max-image-preview:large, max-video-preview:-1\" \/>\n<link rel=\"canonical\" href=\"https:\/\/fine-weddings.de\/blog\/interview-bild-der-frau\/\" \/>\n<meta property=\"og:locale\" content=\"de_DE\" \/>\n<meta property=\"og:type\" content=\"article\" \/>\n<meta property=\"og:title\" content=\"Mein Interview mit der Bild der Frau - FINE WEDDINGS BLOG\" \/>\n<meta property=\"og:description\" content=\"Im Interview mit der Bild geht es um Nadine Metgenberg ganz pers\u00f6nlich.\" \/>\n<meta property=\"og:url\" content=\"https:\/\/fine-weddings.de\/blog\/interview-bild-der-frau\/\" \/>\n<meta property=\"og:site_name\" content=\"FINE WEDDINGS BLOG\" \/>\n<meta property=\"article:published_time\" content=\"2018-07-21T06:29:46+00:00\" \/>\n<meta property=\"article:modified_time\" content=\"2018-07-21T08:36:06+00:00\" \/>\n<meta property=\"og:image\" content=\"https:\/\/fine-weddings.de\/blog\/wp-content\/uploads\/2018\/07\/Nadine_01.jpg\" \/>\n\t<meta property=\"og:image:width\" content=\"4032\" \/>\n\t<meta property=\"og:image:height\" content=\"3024\" \/>\n\t<meta property=\"og:image:type\" content=\"image\/jpeg\" \/>\n<meta name=\"author\" content=\"Fine Weddings\" \/>\n<meta name=\"twitter:card\" content=\"summary_large_image\" \/>\n<meta name=\"twitter:label1\" content=\"Verfasst von\" \/>\n\t<meta name=\"twitter:data1\" content=\"Fine Weddings\" \/>\n\t<meta name=\"twitter:label2\" content=\"Gesch\u00e4tzte Lesezeit\" \/>\n\t<meta name=\"twitter:data2\" content=\"1\u00a0Minute\" \/>\n<script type=\"application\/ld+json\" class=\"yoast-schema-graph\">{\"@context\":\"https:\/\/schema.org\",\"@graph\":[{\"@type\":\"Article\",\"@id\":\"https:\/\/fine-weddings.de\/blog\/interview-bild-der-frau\/#article\",\"isPartOf\":{\"@id\":\"https:\/\/fine-weddings.de\/blog\/interview-bild-der-frau\/\"},\"author\":{\"name\":\"Fine Weddings\",\"@id\":\"https:\/\/fine-weddings.de\/blog\/#\/schema\/person\/87220e91a4a062b03e05ff505288330b\"},\"headline\":\"Mein Interview mit der Bild der Frau\",\"datePublished\":\"2018-07-21T06:29:46+00:00\",\"dateModified\":\"2018-07-21T08:36:06+00:00\",\"mainEntityOfPage\":{\"@id\":\"https:\/\/fine-weddings.de\/blog\/interview-bild-der-frau\/\"},\"wordCount\":307,\"commentCount\":1,\"publisher\":{\"@id\":\"https:\/\/fine-weddings.de\/blog\/#organization\"},\"articleSection\":[\"News\"],\"inLanguage\":\"de\",\"potentialAction\":[{\"@type\":\"CommentAction\",\"name\":\"Comment\",\"target\":[\"https:\/\/fine-weddings.de\/blog\/interview-bild-der-frau\/#respond\"]}]},{\"@type\":\"WebPage\",\"@id\":\"https:\/\/fine-weddings.de\/blog\/interview-bild-der-frau\/\",\"url\":\"https:\/\/fine-weddings.de\/blog\/interview-bild-der-frau\/\",\"name\":\"Mein Interview mit der Bild der Frau - FINE WEDDINGS BLOG\",\"isPartOf\":{\"@id\":\"https:\/\/fine-weddings.de\/blog\/#website\"},\"datePublished\":\"2018-07-21T06:29:46+00:00\",\"dateModified\":\"2018-07-21T08:36:06+00:00\",\"description\":\"Im Interview mit der Bild geht es um Nadine Metgenberg ganz pers\u00f6nlich.\",\"breadcrumb\":{\"@id\":\"https:\/\/fine-weddings.de\/blog\/interview-bild-der-frau\/#breadcrumb\"},\"inLanguage\":\"de\",\"potentialAction\":[{\"@type\":\"ReadAction\",\"target\":[\"https:\/\/fine-weddings.de\/blog\/interview-bild-der-frau\/\"]}]},{\"@type\":\"BreadcrumbList\",\"@id\":\"https:\/\/fine-weddings.de\/blog\/interview-bild-der-frau\/#breadcrumb\",\"itemListElement\":[{\"@type\":\"ListItem\",\"position\":1,\"name\":\"Home\",\"item\":\"https:\/\/fine-weddings.de\/blog\/\"},{\"@type\":\"ListItem\",\"position\":2,\"name\":\"Mein Interview mit der Bild der Frau\"}]},{\"@type\":\"WebSite\",\"@id\":\"https:\/\/fine-weddings.de\/blog\/#website\",\"url\":\"https:\/\/fine-weddings.de\/blog\/\",\"name\":\"FINE WEDDINGS BLOG\",\"description\":\"Trends und News rund ums Heiraten\",\"publisher\":{\"@id\":\"https:\/\/fine-weddings.de\/blog\/#organization\"},\"potentialAction\":[{\"@type\":\"SearchAction\",\"target\":{\"@type\":\"EntryPoint\",\"urlTemplate\":\"https:\/\/fine-weddings.de\/blog\/?s={search_term_string}\"},\"query-input\":\"required name=search_term_string\"}],\"inLanguage\":\"de\"},{\"@type\":\"Organization\",\"@id\":\"https:\/\/fine-weddings.de\/blog\/#organization\",\"name\":\"Fine Weddings & Parties\",\"url\":\"https:\/\/fine-weddings.de\/blog\/\",\"logo\":{\"@type\":\"ImageObject\",\"inLanguage\":\"de\",\"@id\":\"https:\/\/fine-weddings.de\/blog\/#\/schema\/logo\/image\/\",\"url\":\"https:\/\/www.fine-weddings.de\/blog\/wp-content\/uploads\/2021\/05\/FW-Logo.png\",\"contentUrl\":\"https:\/\/www.fine-weddings.de\/blog\/wp-content\/uploads\/2021\/05\/FW-Logo.png\",\"width\":500,\"height\":458,\"caption\":\"Fine Weddings & Parties\"},\"image\":{\"@id\":\"https:\/\/fine-weddings.de\/blog\/#\/schema\/logo\/image\/\"}},{\"@type\":\"Person\",\"@id\":\"https:\/\/fine-weddings.de\/blog\/#\/schema\/person\/87220e91a4a062b03e05ff505288330b\",\"name\":\"Fine Weddings\"}]}<\/script>\n<!-- \/ Yoast SEO plugin. -->","yoast_head_json":{"title":"Mein Interview mit der Bild der Frau - FINE WEDDINGS BLOG","description":"Im Interview mit der Bild geht es um Nadine Metgenberg ganz pers\u00f6nlich.","robots":{"index":"index","follow":"follow","max-snippet":"max-snippet:-1","max-image-preview":"max-image-preview:large","max-video-preview":"max-video-preview:-1"},"canonical":"https:\/\/fine-weddings.de\/blog\/interview-bild-der-frau\/","og_locale":"de_DE","og_type":"article","og_title":"Mein Interview mit der Bild der Frau - FINE WEDDINGS BLOG","og_description":"Im Interview mit der Bild geht es um Nadine Metgenberg ganz pers\u00f6nlich.","og_url":"https:\/\/fine-weddings.de\/blog\/interview-bild-der-frau\/","og_site_name":"FINE WEDDINGS BLOG","article_published_time":"2018-07-21T06:29:46+00:00","article_modified_time":"2018-07-21T08:36:06+00:00","og_image":[{"width":4032,"height":3024,"url":"https:\/\/fine-weddings.de\/blog\/wp-content\/uploads\/2018\/07\/Nadine_01.jpg","type":"image\/jpeg"}],"author":"Fine Weddings","twitter_card":"summary_large_image","twitter_misc":{"Verfasst von":"Fine Weddings","Gesch\u00e4tzte Lesezeit":"1\u00a0Minute"},"schema":{"@context":"https:\/\/schema.org","@graph":[{"@type":"Article","@id":"https:\/\/fine-weddings.de\/blog\/interview-bild-der-frau\/#article","isPartOf":{"@id":"https:\/\/fine-weddings.de\/blog\/interview-bild-der-frau\/"},"author":{"name":"Fine Weddings","@id":"https:\/\/fine-weddings.de\/blog\/#\/schema\/person\/87220e91a4a062b03e05ff505288330b"},"headline":"Mein Interview mit der Bild der Frau","datePublished":"2018-07-21T06:29:46+00:00","dateModified":"2018-07-21T08:36:06+00:00","mainEntityOfPage":{"@id":"https:\/\/fine-weddings.de\/blog\/interview-bild-der-frau\/"},"wordCount":307,"commentCount":1,"publisher":{"@id":"https:\/\/fine-weddings.de\/blog\/#organization"},"articleSection":["News"],"inLanguage":"de","potentialAction":[{"@type":"CommentAction","name":"Comment","target":["https:\/\/fine-weddings.de\/blog\/interview-bild-der-frau\/#respond"]}]},{"@type":"WebPage","@id":"https:\/\/fine-weddings.de\/blog\/interview-bild-der-frau\/","url":"https:\/\/fine-weddings.de\/blog\/interview-bild-der-frau\/","name":"Mein Interview mit der Bild der Frau - FINE WEDDINGS BLOG","isPartOf":{"@id":"https:\/\/fine-weddings.de\/blog\/#website"},"datePublished":"2018-07-21T06:29:46+00:00","dateModified":"2018-07-21T08:36:06+00:00","description":"Im Interview mit der Bild geht es um Nadine Metgenberg ganz pers\u00f6nlich.","breadcrumb":{"@id":"https:\/\/fine-weddings.de\/blog\/interview-bild-der-frau\/#breadcrumb"},"inLanguage":"de","potentialAction":[{"@type":"ReadAction","target":["https:\/\/fine-weddings.de\/blog\/interview-bild-der-frau\/"]}]},{"@type":"BreadcrumbList","@id":"https:\/\/fine-weddings.de\/blog\/interview-bild-der-frau\/#breadcrumb","itemListElement":[{"@type":"ListItem","position":1,"name":"Home","item":"https:\/\/fine-weddings.de\/blog\/"},{"@type":"ListItem","position":2,"name":"Mein Interview mit der Bild der Frau"}]},{"@type":"WebSite","@id":"https:\/\/fine-weddings.de\/blog\/#website","url":"https:\/\/fine-weddings.de\/blog\/","name":"FINE WEDDINGS BLOG","description":"Trends und News rund ums Heiraten","publisher":{"@id":"https:\/\/fine-weddings.de\/blog\/#organization"},"potentialAction":[{"@type":"SearchAction","target":{"@type":"EntryPoint","urlTemplate":"https:\/\/fine-weddings.de\/blog\/?s={search_term_string}"},"query-input":"required name=search_term_string"}],"inLanguage":"de"},{"@type":"Organization","@id":"https:\/\/fine-weddings.de\/blog\/#organization","name":"Fine Weddings & Parties","url":"https:\/\/fine-weddings.de\/blog\/","logo":{"@type":"ImageObject","inLanguage":"de","@id":"https:\/\/fine-weddings.de\/blog\/#\/schema\/logo\/image\/","url":"https:\/\/www.fine-weddings.de\/blog\/wp-content\/uploads\/2021\/05\/FW-Logo.png","contentUrl":"https:\/\/www.fine-weddings.de\/blog\/wp-content\/uploads\/2021\/05\/FW-Logo.png","width":500,"height":458,"caption":"Fine Weddings & Parties"},"image":{"@id":"https:\/\/fine-weddings.de\/blog\/#\/schema\/logo\/image\/"}},{"@type":"Person","@id":"https:\/\/fine-weddings.de\/blog\/#\/schema\/person\/87220e91a4a062b03e05ff505288330b","name":"Fine Weddings"}]}},"_links":{"self":[{"href":"https:\/\/fine-weddings.de\/blog\/wp-json\/wp\/v2\/posts\/15585"}],"collection":[{"href":"https:\/\/fine-weddings.de\/blog\/wp-json\/wp\/v2\/posts"}],"about":[{"href":"https:\/\/fine-weddings.de\/blog\/wp-json\/wp\/v2\/types\/post"}],"author":[{"embeddable":true,"href":"https:\/\/fine-weddings.de\/blog\/wp-json\/wp\/v2\/users\/2"}],"replies":[{"embeddable":true,"href":"https:\/\/fine-weddings.de\/blog\/wp-json\/wp\/v2\/comments?post=15585"}],"version-history":[{"count":2,"href":"https:\/\/fine-weddings.de\/blog\/wp-json\/wp\/v2\/posts\/15585\/revisions"}],"predecessor-version":[{"id":15595,"href":"https:\/\/fine-weddings.de\/blog\/wp-json\/wp\/v2\/posts\/15585\/revisions\/15595"}],"wp:featuredmedia":[{"embeddable":true,"href":"https:\/\/fine-weddings.de\/blog\/wp-json\/wp\/v2\/media\/15587"}],"wp:attachment":[{"href":"https:\/\/fine-weddings.de\/blog\/wp-json\/wp\/v2\/media?parent=15585"}],"wp:term":[{"taxonomy":"category","embeddable":true,"href":"https:\/\/fine-weddings.de\/blog\/wp-json\/wp\/v2\/categories?post=15585"},{"taxonomy":"post_tag","embeddable":true,"href":"https:\/\/fine-weddings.de\/blog\/wp-json\/wp\/v2\/tags?post=15585"}],"curies":[{"name":"wp","href":"https:\/\/api.w.org\/{rel}","templated":true}]}}