{"id":14884,"date":"2018-06-09T16:55:36","date_gmt":"2018-06-09T14:55:36","guid":{"rendered":"http:\/\/fine-weddings.de\/?p=14884"},"modified":"2018-06-09T21:53:02","modified_gmt":"2018-06-09T19:53:02","slug":"interview-sueddeutsche-zeitung","status":"publish","type":"post","link":"https:\/\/fine-weddings.de\/blog\/interview-sueddeutsche-zeitung\/","title":{"rendered":"Mein Interview mit der S\u00fcddeutschen Zeitung"},"content":{"rendered":"<section class=\"wpb-content-wrapper\"><p>[vc_row][vc_column][vc_column_text]<\/p>\n<p style=\"text-align: left;\">Ich freue mich \u00fcber diesen gro\u00dfartigen Artikel \u201eWenn die Torte per Heli kommt\u201c (super Headline \u00fcbrigens! \ud83d\ude42 ) in der S\u00fcddeutschen Zeitung, der gerade ver\u00f6ffentlicht wurde. Die wahnsinnig sympathische Redakteurin Violetta Simon hat mich daf\u00fcr auf Mallorca besucht und zwei Tage mit mir verbracht. Wir haben uns auf Anhieb verstanden, sie ist echt klasse! Ich habe sie dort zu einigen Locations f\u00fcr eine meiner Hochzeiten mitgenommen, die ich im n\u00e4chsten Jahr plane. Zusammen waren wir erst im <a href=\"http:\/\/www.hotelbendinat.es\/?lang=de\" target=\"_blank\" rel=\"noopener\"><u>Hotel Bendinat<\/u><\/a>, danach im <u><a href=\"http:\/\/www.stregismardavall.com\/de\" target=\"_blank\" rel=\"noopener\">St. Regis Mardavall<\/a>\u00a0<\/u>und im <a href=\"https:\/\/www.belmond.com\/de\/la-residencia-mallorca\/\" target=\"_blank\" rel=\"noopener\"><u>Hotel Belmond La Residencia<\/u><\/a>. Tolles Treffen, toller Artikel! Aber lest selbst. Hier schon mal ein kurzer Auszug&#8230;<\/p>\n<p>[\/vc_column_text][\/vc_column][\/vc_row][vc_row][vc_column width=&#8220;1\/3&#8243;][vc_single_image image=&#8220;14893&#8243; img_size=&#8220;large&#8220; css=&#8220;.vc_custom_1528559157177{padding-top: 20px !important;padding-right: 10px !important;padding-bottom: 20px !important;padding-left: 10px !important;}&#8220;][\/vc_column][vc_column width=&#8220;1\/3&#8243;][vc_single_image image=&#8220;14892&#8243; img_size=&#8220;large&#8220; css=&#8220;.vc_custom_1528559143910{padding-top: 20px !important;padding-right: 10px !important;padding-bottom: 20px !important;padding-left: 10px !important;}&#8220;][\/vc_column][vc_column width=&#8220;1\/3&#8243;][vc_single_image image=&#8220;14891&#8243; img_size=&#8220;large&#8220; css=&#8220;.vc_custom_1528559214246{padding-top: 20px !important;padding-right: 10px !important;padding-bottom: 20px !important;padding-left: 10px !important;}&#8220;][\/vc_column][\/vc_row][vc_row][vc_column][vc_column_text]<\/p>\n<p style=\"text-align: left;\">\u201eNadine Metgenberg ist Hochzeitsplanerin, im Westen der Insel hat sie ihren Zweitwohnsitz. Dort befindet sich auch die spanische Dependance ihrer Hamburger Agentur \u201eFine Weddings &amp; Parties\u201c. Ihre Kunden \u2013 Adlige, Unternehmer, reiche Saudis, Industrielle und deren Erben \u2013 k\u00f6nnen sich alles kaufen, nur nicht das perfekte Hochzeitswetter. Heiraten auf der Sonneninsel ist deshalb sehr beliebt.<\/p>\n<p style=\"text-align: left;\"><strong>F\u00fcr 10 000 Euro bekommt man bei Metgenberg nicht mal die Blumendeko <\/strong><strong>\u00a0<\/strong><\/p>\n<p style=\"text-align: left;\">Wer Metgenberg bei ihrer Arbeit begleiten will, besucht sie also am besten auf Mallorca. Im Bendinat, einem Vier-Sterne-Hotel an einer versteckten Bucht s\u00fcdwestlich von Palma, trifft sie heute einen Fotografen. Mediterranes Flair, viele Palmen, Blumen und wei\u00dfe Sonnenschirme. Im Restaurant sitzen die G\u00e4ste direkt \u00fcber dem Meer auf einer Steinterrasse. Auf der Toilette beruhigen geistliche Chor\u00e4le den Gast. Das Bendinat ist sozusagen Metgenbergs Arbeitsplatz, hier hat sie schon einige Events organisiert. Diesmal geht es um eine Hochzeit im Sommer 2019. Sie plaudert auf Spanisch mit dem Oberkellner, bestellt Gazpacho vor dem Seehecht und Eisw\u00fcrfel zum Verdejo. Metgenberg kennt die Hotels, in denen ihre Kunden \u00fcbernachten, die Restaurants, in denen sie essen, besucht die B\u00e4lle, auf denen sie tanzen. \u201eIf you want to sell luxury, you have to know luxury\u201c, sagt sie. In den n\u00e4chsten beiden Tagen wird man noch einige dieser S\u00e4tze h\u00f6ren.\u201c<\/p>\n<p>[\/vc_column_text][\/vc_column][\/vc_row][vc_row][vc_column][vc_single_image image=&#8220;14896&#8243; img_size=&#8220;large&#8220; add_caption=&#8220;yes&#8220; css=&#8220;.vc_custom_1528573908768{padding-top: 20px !important;padding-right: 10px !important;padding-bottom: 20px !important;padding-left: 10px !important;}&#8220;][\/vc_column][\/vc_row][vc_row][vc_column][vc_column_text]<\/p>\n<p style=\"text-align: left;\">Seid Ihr neugierig geworden? Dann k\u00f6nnt Ihr den gesamten Artikel bei der <a href=\"http:\/\/www.sueddeutsche.de\/leben\/heiraten-wenn-die-torte-per-heli-kommt-1.3994745\" target=\"_blank\" rel=\"noopener\"><u>S\u00fcddeutschen Zeitung<\/u><\/a> lesen. Viel Spa\u00df dabei!<\/p>\n<p style=\"text-align: left;\">Alles Liebe, Eure Nadine<\/p>\n<p style=\"text-align: left;\">PS. Violetta war mir \u00fcbrigens auch vorher schon ein Begriff, ich liebe ihre Kolumne \u201eEr sagt, sie sagt\u201c in der S\u00fcddeutschen! \ud83d\ude42 \ud83d\ude42 Darum war es besonders toll, sie auf Mallorca zu treffen und etwas besser kennenzulernen. \u201eEr sagt, sie sagt.\u201c gibt\u2019s mittlerweile \u00fcbrigens auch als Buch \u2013 Beziehungsdramen zum Schmunzeln, fantastisch! Ihr findet es <a href=\"https:\/\/www.violettasimon.de\/b\u00fccher\/\" target=\"_blank\" rel=\"noopener\"><u>hier<\/u><\/a>.<\/p>\n<p>[\/vc_column_text][\/vc_column][\/vc_row][vc_row][vc_column][vc_single_image image=&#8220;14578&#8243; css=&#8220;.vc_custom_1528559503423{padding-top: 20px !important;padding-right: 10px !important;padding-bottom: 20px !important;padding-left: 10px !important;}&#8220;][\/vc_column][\/vc_row]<\/p>\n<\/section>","protected":false},"excerpt":{"rendered":"<p>Ich freue mich \u00fcber diesen gro\u00dfartigen Artikel \u201eWenn die Torte per Heli kommt\u201c (super Headline \u00fcbrigens! \ud83d\ude42 ) in der S\u00fcddeutschen Zeitung, der gerade ver\u00f6ffentlicht wurde. Die wahnsinnig sympathische Redakteurin Violetta Simon hat mich daf\u00fcr auf Mallorca besucht und zwei Tage mit mir verbracht. Wir haben uns auf Anhieb verstanden, sie ist echt klasse! <\/p>\n","protected":false},"author":2,"featured_media":14890,"comment_status":"open","ping_status":"open","sticky":false,"template":"","format":"standard","meta":[],"categories":[69],"tags":[],"acf":[],"yoast_head":"<!-- This site is optimized with the Yoast SEO plugin v20.2 - https:\/\/yoast.com\/wordpress\/plugins\/seo\/ -->\n<title>Heiraten auf Mallorca und Hochzeit auf dem zauberhaften Mallorca<\/title>\n<meta name=\"description\" content=\"Heiraten auf Mallorca und Hochzeit auf dem zauberhaften Mallorca\" \/>\n<meta name=\"robots\" content=\"index, follow, max-snippet:-1, max-image-preview:large, max-video-preview:-1\" \/>\n<link rel=\"canonical\" href=\"https:\/\/fine-weddings.de\/blog\/interview-sueddeutsche-zeitung\/\" \/>\n<meta property=\"og:locale\" content=\"de_DE\" \/>\n<meta property=\"og:type\" content=\"article\" \/>\n<meta property=\"og:title\" content=\"Heiraten auf Mallorca und Hochzeit auf dem zauberhaften Mallorca\" \/>\n<meta property=\"og:description\" content=\"Heiraten auf Mallorca und Hochzeit auf dem zauberhaften Mallorca\" \/>\n<meta property=\"og:url\" content=\"https:\/\/fine-weddings.de\/blog\/interview-sueddeutsche-zeitung\/\" \/>\n<meta property=\"og:site_name\" content=\"FINE WEDDINGS BLOG\" \/>\n<meta property=\"article:published_time\" content=\"2018-06-09T14:55:36+00:00\" \/>\n<meta property=\"article:modified_time\" content=\"2018-06-09T19:53:02+00:00\" \/>\n<meta property=\"og:image\" content=\"https:\/\/fine-weddings.de\/blog\/wp-content\/uploads\/2018\/06\/unnamed-13.jpg\" \/>\n\t<meta property=\"og:image:width\" content=\"1512\" \/>\n\t<meta property=\"og:image:height\" content=\"2016\" \/>\n\t<meta property=\"og:image:type\" content=\"image\/jpeg\" \/>\n<meta name=\"author\" content=\"Fine Weddings\" \/>\n<meta name=\"twitter:card\" content=\"summary_large_image\" \/>\n<meta name=\"twitter:label1\" content=\"Verfasst von\" \/>\n\t<meta name=\"twitter:data1\" content=\"Fine Weddings\" \/>\n\t<meta name=\"twitter:label2\" content=\"Gesch\u00e4tzte Lesezeit\" \/>\n\t<meta name=\"twitter:data2\" content=\"3\u00a0Minuten\" \/>\n<script type=\"application\/ld+json\" class=\"yoast-schema-graph\">{\"@context\":\"https:\/\/schema.org\",\"@graph\":[{\"@type\":\"Article\",\"@id\":\"https:\/\/fine-weddings.de\/blog\/interview-sueddeutsche-zeitung\/#article\",\"isPartOf\":{\"@id\":\"https:\/\/fine-weddings.de\/blog\/interview-sueddeutsche-zeitung\/\"},\"author\":{\"name\":\"Fine Weddings\",\"@id\":\"https:\/\/fine-weddings.de\/blog\/#\/schema\/person\/87220e91a4a062b03e05ff505288330b\"},\"headline\":\"Mein Interview mit der S\u00fcddeutschen Zeitung\",\"datePublished\":\"2018-06-09T14:55:36+00:00\",\"dateModified\":\"2018-06-09T19:53:02+00:00\",\"mainEntityOfPage\":{\"@id\":\"https:\/\/fine-weddings.de\/blog\/interview-sueddeutsche-zeitung\/\"},\"wordCount\":596,\"commentCount\":0,\"publisher\":{\"@id\":\"https:\/\/fine-weddings.de\/blog\/#organization\"},\"articleSection\":[\"News\"],\"inLanguage\":\"de\",\"potentialAction\":[{\"@type\":\"CommentAction\",\"name\":\"Comment\",\"target\":[\"https:\/\/fine-weddings.de\/blog\/interview-sueddeutsche-zeitung\/#respond\"]}]},{\"@type\":\"WebPage\",\"@id\":\"https:\/\/fine-weddings.de\/blog\/interview-sueddeutsche-zeitung\/\",\"url\":\"https:\/\/fine-weddings.de\/blog\/interview-sueddeutsche-zeitung\/\",\"name\":\"Heiraten auf Mallorca und Hochzeit auf dem zauberhaften Mallorca\",\"isPartOf\":{\"@id\":\"https:\/\/fine-weddings.de\/blog\/#website\"},\"datePublished\":\"2018-06-09T14:55:36+00:00\",\"dateModified\":\"2018-06-09T19:53:02+00:00\",\"description\":\"Heiraten auf Mallorca und Hochzeit auf dem zauberhaften Mallorca\",\"breadcrumb\":{\"@id\":\"https:\/\/fine-weddings.de\/blog\/interview-sueddeutsche-zeitung\/#breadcrumb\"},\"inLanguage\":\"de\",\"potentialAction\":[{\"@type\":\"ReadAction\",\"target\":[\"https:\/\/fine-weddings.de\/blog\/interview-sueddeutsche-zeitung\/\"]}]},{\"@type\":\"BreadcrumbList\",\"@id\":\"https:\/\/fine-weddings.de\/blog\/interview-sueddeutsche-zeitung\/#breadcrumb\",\"itemListElement\":[{\"@type\":\"ListItem\",\"position\":1,\"name\":\"Home\",\"item\":\"https:\/\/fine-weddings.de\/blog\/\"},{\"@type\":\"ListItem\",\"position\":2,\"name\":\"Mein Interview mit der S\u00fcddeutschen Zeitung\"}]},{\"@type\":\"WebSite\",\"@id\":\"https:\/\/fine-weddings.de\/blog\/#website\",\"url\":\"https:\/\/fine-weddings.de\/blog\/\",\"name\":\"FINE WEDDINGS BLOG\",\"description\":\"Trends und News rund ums Heiraten\",\"publisher\":{\"@id\":\"https:\/\/fine-weddings.de\/blog\/#organization\"},\"potentialAction\":[{\"@type\":\"SearchAction\",\"target\":{\"@type\":\"EntryPoint\",\"urlTemplate\":\"https:\/\/fine-weddings.de\/blog\/?s={search_term_string}\"},\"query-input\":\"required name=search_term_string\"}],\"inLanguage\":\"de\"},{\"@type\":\"Organization\",\"@id\":\"https:\/\/fine-weddings.de\/blog\/#organization\",\"name\":\"Fine Weddings & Parties\",\"url\":\"https:\/\/fine-weddings.de\/blog\/\",\"logo\":{\"@type\":\"ImageObject\",\"inLanguage\":\"de\",\"@id\":\"https:\/\/fine-weddings.de\/blog\/#\/schema\/logo\/image\/\",\"url\":\"https:\/\/www.fine-weddings.de\/blog\/wp-content\/uploads\/2021\/05\/FW-Logo.png\",\"contentUrl\":\"https:\/\/www.fine-weddings.de\/blog\/wp-content\/uploads\/2021\/05\/FW-Logo.png\",\"width\":500,\"height\":458,\"caption\":\"Fine Weddings & Parties\"},\"image\":{\"@id\":\"https:\/\/fine-weddings.de\/blog\/#\/schema\/logo\/image\/\"}},{\"@type\":\"Person\",\"@id\":\"https:\/\/fine-weddings.de\/blog\/#\/schema\/person\/87220e91a4a062b03e05ff505288330b\",\"name\":\"Fine Weddings\"}]}<\/script>\n<!-- \/ Yoast SEO plugin. -->","yoast_head_json":{"title":"Heiraten auf Mallorca und Hochzeit auf dem zauberhaften Mallorca","description":"Heiraten auf Mallorca und Hochzeit auf dem zauberhaften Mallorca","robots":{"index":"index","follow":"follow","max-snippet":"max-snippet:-1","max-image-preview":"max-image-preview:large","max-video-preview":"max-video-preview:-1"},"canonical":"https:\/\/fine-weddings.de\/blog\/interview-sueddeutsche-zeitung\/","og_locale":"de_DE","og_type":"article","og_title":"Heiraten auf Mallorca und Hochzeit auf dem zauberhaften Mallorca","og_description":"Heiraten auf Mallorca und Hochzeit auf dem zauberhaften Mallorca","og_url":"https:\/\/fine-weddings.de\/blog\/interview-sueddeutsche-zeitung\/","og_site_name":"FINE WEDDINGS BLOG","article_published_time":"2018-06-09T14:55:36+00:00","article_modified_time":"2018-06-09T19:53:02+00:00","og_image":[{"width":1512,"height":2016,"url":"https:\/\/fine-weddings.de\/blog\/wp-content\/uploads\/2018\/06\/unnamed-13.jpg","type":"image\/jpeg"}],"author":"Fine Weddings","twitter_card":"summary_large_image","twitter_misc":{"Verfasst von":"Fine Weddings","Gesch\u00e4tzte Lesezeit":"3\u00a0Minuten"},"schema":{"@context":"https:\/\/schema.org","@graph":[{"@type":"Article","@id":"https:\/\/fine-weddings.de\/blog\/interview-sueddeutsche-zeitung\/#article","isPartOf":{"@id":"https:\/\/fine-weddings.de\/blog\/interview-sueddeutsche-zeitung\/"},"author":{"name":"Fine Weddings","@id":"https:\/\/fine-weddings.de\/blog\/#\/schema\/person\/87220e91a4a062b03e05ff505288330b"},"headline":"Mein Interview mit der S\u00fcddeutschen Zeitung","datePublished":"2018-06-09T14:55:36+00:00","dateModified":"2018-06-09T19:53:02+00:00","mainEntityOfPage":{"@id":"https:\/\/fine-weddings.de\/blog\/interview-sueddeutsche-zeitung\/"},"wordCount":596,"commentCount":0,"publisher":{"@id":"https:\/\/fine-weddings.de\/blog\/#organization"},"articleSection":["News"],"inLanguage":"de","potentialAction":[{"@type":"CommentAction","name":"Comment","target":["https:\/\/fine-weddings.de\/blog\/interview-sueddeutsche-zeitung\/#respond"]}]},{"@type":"WebPage","@id":"https:\/\/fine-weddings.de\/blog\/interview-sueddeutsche-zeitung\/","url":"https:\/\/fine-weddings.de\/blog\/interview-sueddeutsche-zeitung\/","name":"Heiraten auf Mallorca und Hochzeit auf dem zauberhaften Mallorca","isPartOf":{"@id":"https:\/\/fine-weddings.de\/blog\/#website"},"datePublished":"2018-06-09T14:55:36+00:00","dateModified":"2018-06-09T19:53:02+00:00","description":"Heiraten auf Mallorca und Hochzeit auf dem zauberhaften Mallorca","breadcrumb":{"@id":"https:\/\/fine-weddings.de\/blog\/interview-sueddeutsche-zeitung\/#breadcrumb"},"inLanguage":"de","potentialAction":[{"@type":"ReadAction","target":["https:\/\/fine-weddings.de\/blog\/interview-sueddeutsche-zeitung\/"]}]},{"@type":"BreadcrumbList","@id":"https:\/\/fine-weddings.de\/blog\/interview-sueddeutsche-zeitung\/#breadcrumb","itemListElement":[{"@type":"ListItem","position":1,"name":"Home","item":"https:\/\/fine-weddings.de\/blog\/"},{"@type":"ListItem","position":2,"name":"Mein Interview mit der S\u00fcddeutschen Zeitung"}]},{"@type":"WebSite","@id":"https:\/\/fine-weddings.de\/blog\/#website","url":"https:\/\/fine-weddings.de\/blog\/","name":"FINE WEDDINGS BLOG","description":"Trends und News rund ums Heiraten","publisher":{"@id":"https:\/\/fine-weddings.de\/blog\/#organization"},"potentialAction":[{"@type":"SearchAction","target":{"@type":"EntryPoint","urlTemplate":"https:\/\/fine-weddings.de\/blog\/?s={search_term_string}"},"query-input":"required name=search_term_string"}],"inLanguage":"de"},{"@type":"Organization","@id":"https:\/\/fine-weddings.de\/blog\/#organization","name":"Fine Weddings & Parties","url":"https:\/\/fine-weddings.de\/blog\/","logo":{"@type":"ImageObject","inLanguage":"de","@id":"https:\/\/fine-weddings.de\/blog\/#\/schema\/logo\/image\/","url":"https:\/\/www.fine-weddings.de\/blog\/wp-content\/uploads\/2021\/05\/FW-Logo.png","contentUrl":"https:\/\/www.fine-weddings.de\/blog\/wp-content\/uploads\/2021\/05\/FW-Logo.png","width":500,"height":458,"caption":"Fine Weddings & Parties"},"image":{"@id":"https:\/\/fine-weddings.de\/blog\/#\/schema\/logo\/image\/"}},{"@type":"Person","@id":"https:\/\/fine-weddings.de\/blog\/#\/schema\/person\/87220e91a4a062b03e05ff505288330b","name":"Fine Weddings"}]}},"_links":{"self":[{"href":"https:\/\/fine-weddings.de\/blog\/wp-json\/wp\/v2\/posts\/14884"}],"collection":[{"href":"https:\/\/fine-weddings.de\/blog\/wp-json\/wp\/v2\/posts"}],"about":[{"href":"https:\/\/fine-weddings.de\/blog\/wp-json\/wp\/v2\/types\/post"}],"author":[{"embeddable":true,"href":"https:\/\/fine-weddings.de\/blog\/wp-json\/wp\/v2\/users\/2"}],"replies":[{"embeddable":true,"href":"https:\/\/fine-weddings.de\/blog\/wp-json\/wp\/v2\/comments?post=14884"}],"version-history":[{"count":9,"href":"https:\/\/fine-weddings.de\/blog\/wp-json\/wp\/v2\/posts\/14884\/revisions"}],"predecessor-version":[{"id":14910,"href":"https:\/\/fine-weddings.de\/blog\/wp-json\/wp\/v2\/posts\/14884\/revisions\/14910"}],"wp:featuredmedia":[{"embeddable":true,"href":"https:\/\/fine-weddings.de\/blog\/wp-json\/wp\/v2\/media\/14890"}],"wp:attachment":[{"href":"https:\/\/fine-weddings.de\/blog\/wp-json\/wp\/v2\/media?parent=14884"}],"wp:term":[{"taxonomy":"category","embeddable":true,"href":"https:\/\/fine-weddings.de\/blog\/wp-json\/wp\/v2\/categories?post=14884"},{"taxonomy":"post_tag","embeddable":true,"href":"https:\/\/fine-weddings.de\/blog\/wp-json\/wp\/v2\/tags?post=14884"}],"curies":[{"name":"wp","href":"https:\/\/api.w.org\/{rel}","templated":true}]}}