{"id":14841,"date":"2018-05-20T10:09:07","date_gmt":"2018-05-20T08:09:07","guid":{"rendered":"http:\/\/fine-weddings.de\/?p=14841"},"modified":"2021-06-15T12:13:17","modified_gmt":"2021-06-15T10:13:17","slug":"sie-haben-es-getan","status":"publish","type":"post","link":"https:\/\/fine-weddings.de\/blog\/sie-haben-es-getan\/","title":{"rendered":"Harry und Meghan \u2013 sie haben es getan!"},"content":{"rendered":"<section class=\"wpb-content-wrapper\"><p>[vc_row][vc_column][vc_column_text]<\/p>\n<p style=\"text-align: left;\">Traumhafter als in Windsor kann die Kulisse f\u00fcr eine Hochzeit nun wirklich nicht sein! Dazu Sonne satt und lauter gl\u00fcckliche Gesichter \u2013 eine perfekte Hochzeit f\u00fcr Prinz Harry, den Herzog von Sussex, und Meghan Markle, die jetzige Herzogin von Sussex. Ich freue mich sehr f\u00fcr die beiden, und ich freue mich, dass die Hochzeit so wundersch\u00f6n und ohne weitere Skandale oder Ausf\u00e4lle verlaufen ist. Und trotzdem: Ich bin gespannt, was die n\u00e4chsten Tage noch in der Boulevardpresse passiert.<\/p>\n<p>[\/vc_column_text][\/vc_column][\/vc_row][vc_row][vc_column width=&#8220;1\/2&#8243;][vc_single_image image=&#8220;14853&#8243; img_size=&#8220;large&#8220; css=&#8220;.vc_custom_1526804938972{padding-top: 20px !important;padding-right: 10px !important;padding-bottom: 20px !important;padding-left: 10px !important;}&#8220;][\/vc_column][vc_column width=&#8220;1\/2&#8243;][vc_single_image image=&#8220;14852&#8243; img_size=&#8220;large&#8220; css=&#8220;.vc_custom_1526804954011{padding-top: 20px !important;padding-right: 10px !important;padding-bottom: 20px !important;padding-left: 10px !important;}&#8220;][\/vc_column][\/vc_row][vc_row][vc_column][vc_column_text]<\/p>\n<p style=\"text-align: left;\"><strong>Endlich, das Kleid.<\/strong><\/p>\n<p style=\"text-align: left;\">Darauf haben alle gewartet, seit Monaten. In welchem Kleid w\u00fcrde Meghan vor den Traualtar treten, wer sollte der Designer sein? Was f\u00fcr eine Aufregung! Und, alles anders als erwartet, damit hatte keiner gerechnet \u2013 weder britisch, noch US-amerikanisch oder kanadisch, unglaublich. Die Wahl fiel auf das franz\u00f6sische Label Givenchy, ganz konkret durfte die neue Chefdesignerin Clare Waight Keller\u00a0das begehrte St\u00fcck entwerfen. Das Givenchy Kleid war sehr puristisch, ohne Schn\u00f6rkel, l\u00e4ssig und vor allem mit zeitloser Eleganz. Der gro\u00dfe Kracher folgte dann aber hinterher in Form einer f\u00fcnf Meter langen Schleppe. Und, was soll ich sagen, die Kunst liegt nat\u00fcrlich im Detail: Denn welche k\u00f6nigliche Braut lie\u00df sich bisher in einem schulterfreien Kleid trauen?! Eigentlich sollte man doch denken, das ginge gar nicht. Darum finde ich: Umwerfend sch\u00f6n, puristisch und mutig zugleich.<\/p>\n<p style=\"text-align: left;\">Der Brautstrau\u00df mit Farbnuancen aus Wei\u00df und Gr\u00fcn, mit Maigl\u00f6ckchen, Vergissmeinnicht und Myrte. Und aufgepasst, ein besonders romantisches Detail kam gerade noch ans Licht: Harry soll viele Blumen f\u00fcr den Brautstrau\u00df selbst in seinem privaten Garten auf dem Gel\u00e4nde des Kensington Palastes gepfl\u00fcckt haben. Da fliegen ihm doch alle Herzen zu, oder? Meins hat er jedenfalls gewonnen. Hatte er aber auch schon vorher. Aufbinden durfte den Strau\u00df nat\u00fcrlich dann aber doch die Starfloristin <a href=\"https:\/\/www.philippacraddock.com\" target=\"_blank\" rel=\"noopener\"><u>Phillipa Craddock<\/u><\/a>. Sie sorgte auch f\u00fcr das Wahnsinns Flower Design in der Kirche, und der Torbogen am Eingang war einfach nur absolut zauberhaft geschm\u00fcckt, ein Traum.<\/p>\n<p>[\/vc_column_text][vc_column_text][\/vc_column_text][\/vc_column][\/vc_row][vc_row][vc_column width=&#8220;1\/3&#8243;][vc_single_image image=&#8220;14837&#8243; img_size=&#8220;large&#8220; css=&#8220;.vc_custom_1526804394558{padding-top: 20px !important;padding-right: 10px !important;padding-bottom: 20px !important;padding-left: 10px !important;}&#8220;][\/vc_column][vc_column width=&#8220;1\/3&#8243;][vc_single_image image=&#8220;14838&#8243; img_size=&#8220;large&#8220; css=&#8220;.vc_custom_1526804428140{padding-top: 20px !important;padding-right: 10px !important;padding-bottom: 20px !important;padding-left: 10px !important;}&#8220;][\/vc_column][vc_column width=&#8220;1\/3&#8243;][vc_single_image image=&#8220;14840&#8243; img_size=&#8220;large&#8220; css=&#8220;.vc_custom_1526804469533{padding-top: 20px !important;padding-right: 10px !important;padding-bottom: 20px !important;padding-left: 10px !important;}&#8220;][\/vc_column][\/vc_row][vc_row][vc_column][vc_column_text]<\/p>\n<p style=\"text-align: left;\"><strong>Harry mit Drei-Tage-Bart.<\/strong><\/p>\n<p style=\"text-align: left;\">Bei Harry war nat\u00fcrlich alles viel traditioneller, und damit auch weniger aufregend. Er kam einfach in Milit\u00e4runiform. Wobei.. Ein spezielles Detail gab es doch. Der junge Royal lie\u00df sich einen Drei-Tage-Bart stehen \u2013 es leben die Revoluzzer! \ud83d\ude09 Wenngleich frisch getrimmt, aber immerhin.<\/p>\n<p style=\"text-align: left;\">Harry und Meghan hielten sich also an die royale Etikette, brachten aber trotzdem ihren eigenen Stil ein und brachen die Tradition eher im Detail. Dazu verliebte Blicke, viele Ber\u00fchrungen, liebevolle kleine Gespr\u00e4che in der Kirche \u2013 das alles h\u00e4tte es noch vor einigen Jahren nicht gegeben. Wie sch\u00f6n zu sehen, dass sich auch die Royals in Gro\u00dfbritannien endlich zu menschlichen Gef\u00fchlen bekennen.<\/p>\n<p>[\/vc_column_text][\/vc_column][\/vc_row][vc_row][vc_column width=&#8220;1\/2&#8243;][vc_single_image image=&#8220;14839&#8243; img_size=&#8220;large&#8220; css=&#8220;.vc_custom_1526753422153{padding-top: 20px !important;padding-right: 10px !important;padding-bottom: 20px !important;padding-left: 10px !important;}&#8220;][\/vc_column][vc_column width=&#8220;1\/2&#8243;][vc_column_text]<\/p>\n<p style=\"text-align: left;\"><strong>Liebe und Feuer &#8211; der Gottesdienst.<\/strong><\/p>\n<p style=\"text-align: left;\">Gut gefallen hat mir pers\u00f6nlich auch der Gottesdienst \u2013 weniger traditionell und daf\u00fcr umso multikultureller. Die leidenschaftliche Predigt von Bischof Michael Curry fand ich Spitze, mit seiner gro\u00dfartigen K\u00f6rpersprache und dem Fokus auf der Liebe und dem Feuer. Wie hie\u00df es da doch so sch\u00f6n: Wissen ist Macht. Aber wahre Liebe ist noch m\u00e4chtiger. Da halte ich es wie er. Seien wir mal ehrlich \u2013 h\u00e4ufig ist die Predigt sonst doch der Teil einer Hochzeit, die viele Hochzeitsg\u00e4ste f\u00fcr eine kleine mentale Auszeit nutzen. Das ist hier sicher nicht passiert.<\/p>\n<p style=\"text-align: left;\">Zu guter Letzt, ein wenig am\u00fcsiert war ich, als das frisch verm\u00e4hlte Paar in die Hochzeitskutsche stieg. Wer die royalen Vorbereitungen die letzten Tage etwas intensiver beobachtet hat, wusste, dass die eingespannten Pferde Vater Storm und Sohn Tyron waren, wobei einer der beiden etwas aufgeregt wirkte. Sicher der Pferde-Sohn.<\/p>\n<p>[\/vc_column_text][\/vc_column][\/vc_row][vc_row][vc_column]<div class=\"ult-spacer spacer-69f36e2ae6980\" data-id=\"69f36e2ae6980\" data-height=\"10\" data-height-mobile=\"10\" data-height-tab=\"\" data-height-tab-portrait=\"\" data-height-mobile-landscape=\"\" style=\"clear:both;display:block;\"><\/div>[\/vc_column][\/vc_row][vc_row][vc_column][vc_column_text]<\/p>\n<p style=\"text-align: left;\">Ist es nicht Wahnsinn, wie weit das Interesse an solch royalen Events geht \u2013 Social Media macht\u2018s m\u00f6glich! Der Nachteil, der sich aus dem gro\u00dfen Interesse an Fotos f\u00fcr das Social Web ergab, war nat\u00fcrlich, dass tosender Applaus, Jubel und Gekreische weitgehend ausblieben. Alle waren vor allem damit besch\u00e4ftigt, mit ihren Smartphones die besten Fotos vom Brautpaar zu schie\u00dfen. Oder Selfies mit royalen Hintergrundmotiven. \ud83d\ude09<\/p>\n<p style=\"text-align: left;\">Jetzt bleibt mir nur noch eins: Ich w\u00fcnsche dem Brautpaar alles Gl\u00fcck der Welt!<\/p>\n<p style=\"text-align: left;\">Feiert die Liebe und genie\u00dft den Sonnenschein,<\/p>\n<p style=\"text-align: left;\">Eure Nadine<\/p>\n<p style=\"text-align: left;\">PS. Das zweite Kleid, das Meghan nach der Trauung trug, war von der britischen Designerin <a href=\"https:\/\/www.instagram.com\/explore\/tags\/stellamccartney\/\" target=\"_blank\" rel=\"noopener\">Stella McCartney<\/a>. Hier wurde es dann eben doch \u201every British\u201c.<\/p>\n<p>[\/vc_column_text][\/vc_column][\/vc_row][vc_row][vc_column][vc_single_image image=&#8220;14578&#8243;][\/vc_column][\/vc_row][vc_row][vc_column][vc_column_text]<\/p>\n<p style=\"text-align: left;\">Photos:\u00a0Instagram <a href=\"https:\/\/www.instagram.com\/kensingtonroyal\/\" target=\"_blank\" rel=\"noopener\">kensingtonroyal<\/a><\/p>\n<p>[\/vc_column_text][\/vc_column][\/vc_row]<\/p>\n<\/section>","protected":false},"excerpt":{"rendered":"<p>Traumhafter als in Windsor kann die Kulisse f\u00fcr eine Hochzeit nun wirklich nicht sein! Dazu Sonne satt und lauter gl\u00fcckliche Gesichter \u2013 eine perfekte Hochzeit f\u00fcr Prinz Harry, den Herzog von Sussex, und Meghan Markle, die jetzige Herzogin von Sussex. Ich freue mich sehr f\u00fcr die beiden.<\/p>\n","protected":false},"author":2,"featured_media":14838,"comment_status":"open","ping_status":"open","sticky":false,"template":"","format":"standard","meta":[],"categories":[69],"tags":[],"acf":[],"yoast_head":"<!-- This site is optimized with the Yoast SEO plugin v20.2 - https:\/\/yoast.com\/wordpress\/plugins\/seo\/ -->\n<title>Harry und Meghan \u2013 sie haben es getan! - FINE WEDDINGS BLOG<\/title>\n<meta name=\"robots\" content=\"index, follow, max-snippet:-1, max-image-preview:large, max-video-preview:-1\" \/>\n<link rel=\"canonical\" href=\"https:\/\/www.fine-weddings.de\/blog\/sie-haben-es-getan\/\" \/>\n<meta property=\"og:locale\" content=\"de_DE\" \/>\n<meta property=\"og:type\" content=\"article\" \/>\n<meta property=\"og:title\" content=\"Harry und Meghan \u2013 sie haben es getan! - FINE WEDDINGS BLOG\" \/>\n<meta property=\"og:description\" content=\"Traumhafter als in Windsor kann die Kulisse f\u00fcr eine Hochzeit nun wirklich nicht sein! Dazu Sonne satt und lauter gl\u00fcckliche Gesichter \u2013 eine perfekte Hochzeit f\u00fcr Prinz Harry, den Herzog von Sussex, und Meghan Markle, die jetzige Herzogin von Sussex. Ich freue mich sehr f\u00fcr die beiden.\" \/>\n<meta property=\"og:url\" content=\"https:\/\/www.fine-weddings.de\/blog\/sie-haben-es-getan\/\" \/>\n<meta property=\"og:site_name\" content=\"FINE WEDDINGS BLOG\" \/>\n<meta property=\"article:published_time\" content=\"2018-05-20T08:09:07+00:00\" \/>\n<meta property=\"article:modified_time\" content=\"2021-06-15T10:13:17+00:00\" \/>\n<meta property=\"og:image\" content=\"https:\/\/www.fine-weddings.de\/blog\/wp-content\/uploads\/2018\/05\/Screenshot-2018-05-19-19.50.17.png\" \/>\n\t<meta property=\"og:image:width\" content=\"1002\" \/>\n\t<meta property=\"og:image:height\" content=\"800\" \/>\n\t<meta property=\"og:image:type\" content=\"image\/png\" \/>\n<meta name=\"author\" content=\"Fine Weddings\" \/>\n<meta name=\"twitter:card\" content=\"summary_large_image\" \/>\n<meta name=\"twitter:label1\" content=\"Verfasst von\" \/>\n\t<meta name=\"twitter:data1\" content=\"Fine Weddings\" \/>\n\t<meta name=\"twitter:label2\" content=\"Gesch\u00e4tzte Lesezeit\" \/>\n\t<meta name=\"twitter:data2\" content=\"5\u00a0Minuten\" \/>\n<script type=\"application\/ld+json\" class=\"yoast-schema-graph\">{\"@context\":\"https:\/\/schema.org\",\"@graph\":[{\"@type\":\"Article\",\"@id\":\"https:\/\/www.fine-weddings.de\/blog\/sie-haben-es-getan\/#article\",\"isPartOf\":{\"@id\":\"https:\/\/www.fine-weddings.de\/blog\/sie-haben-es-getan\/\"},\"author\":{\"name\":\"Fine Weddings\",\"@id\":\"https:\/\/fine-weddings.de\/blog\/#\/schema\/person\/87220e91a4a062b03e05ff505288330b\"},\"headline\":\"Harry und Meghan \u2013 sie haben es getan!\",\"datePublished\":\"2018-05-20T08:09:07+00:00\",\"dateModified\":\"2021-06-15T10:13:17+00:00\",\"mainEntityOfPage\":{\"@id\":\"https:\/\/www.fine-weddings.de\/blog\/sie-haben-es-getan\/\"},\"wordCount\":1023,\"commentCount\":1,\"publisher\":{\"@id\":\"https:\/\/fine-weddings.de\/blog\/#organization\"},\"articleSection\":[\"News\"],\"inLanguage\":\"de\",\"potentialAction\":[{\"@type\":\"CommentAction\",\"name\":\"Comment\",\"target\":[\"https:\/\/www.fine-weddings.de\/blog\/sie-haben-es-getan\/#respond\"]}]},{\"@type\":\"WebPage\",\"@id\":\"https:\/\/www.fine-weddings.de\/blog\/sie-haben-es-getan\/\",\"url\":\"https:\/\/www.fine-weddings.de\/blog\/sie-haben-es-getan\/\",\"name\":\"Harry und Meghan \u2013 sie haben es getan! - FINE WEDDINGS BLOG\",\"isPartOf\":{\"@id\":\"https:\/\/fine-weddings.de\/blog\/#website\"},\"datePublished\":\"2018-05-20T08:09:07+00:00\",\"dateModified\":\"2021-06-15T10:13:17+00:00\",\"breadcrumb\":{\"@id\":\"https:\/\/www.fine-weddings.de\/blog\/sie-haben-es-getan\/#breadcrumb\"},\"inLanguage\":\"de\",\"potentialAction\":[{\"@type\":\"ReadAction\",\"target\":[\"https:\/\/www.fine-weddings.de\/blog\/sie-haben-es-getan\/\"]}]},{\"@type\":\"BreadcrumbList\",\"@id\":\"https:\/\/www.fine-weddings.de\/blog\/sie-haben-es-getan\/#breadcrumb\",\"itemListElement\":[{\"@type\":\"ListItem\",\"position\":1,\"name\":\"Home\",\"item\":\"https:\/\/fine-weddings.de\/blog\/\"},{\"@type\":\"ListItem\",\"position\":2,\"name\":\"Harry und Meghan \u2013 sie haben es getan!\"}]},{\"@type\":\"WebSite\",\"@id\":\"https:\/\/fine-weddings.de\/blog\/#website\",\"url\":\"https:\/\/fine-weddings.de\/blog\/\",\"name\":\"FINE WEDDINGS BLOG\",\"description\":\"Trends und News rund ums Heiraten\",\"publisher\":{\"@id\":\"https:\/\/fine-weddings.de\/blog\/#organization\"},\"potentialAction\":[{\"@type\":\"SearchAction\",\"target\":{\"@type\":\"EntryPoint\",\"urlTemplate\":\"https:\/\/fine-weddings.de\/blog\/?s={search_term_string}\"},\"query-input\":\"required name=search_term_string\"}],\"inLanguage\":\"de\"},{\"@type\":\"Organization\",\"@id\":\"https:\/\/fine-weddings.de\/blog\/#organization\",\"name\":\"Fine Weddings & Parties\",\"url\":\"https:\/\/fine-weddings.de\/blog\/\",\"logo\":{\"@type\":\"ImageObject\",\"inLanguage\":\"de\",\"@id\":\"https:\/\/fine-weddings.de\/blog\/#\/schema\/logo\/image\/\",\"url\":\"https:\/\/www.fine-weddings.de\/blog\/wp-content\/uploads\/2021\/05\/FW-Logo.png\",\"contentUrl\":\"https:\/\/www.fine-weddings.de\/blog\/wp-content\/uploads\/2021\/05\/FW-Logo.png\",\"width\":500,\"height\":458,\"caption\":\"Fine Weddings & Parties\"},\"image\":{\"@id\":\"https:\/\/fine-weddings.de\/blog\/#\/schema\/logo\/image\/\"}},{\"@type\":\"Person\",\"@id\":\"https:\/\/fine-weddings.de\/blog\/#\/schema\/person\/87220e91a4a062b03e05ff505288330b\",\"name\":\"Fine Weddings\"}]}<\/script>\n<!-- \/ Yoast SEO plugin. -->","yoast_head_json":{"title":"Harry und Meghan \u2013 sie haben es getan! - FINE WEDDINGS BLOG","robots":{"index":"index","follow":"follow","max-snippet":"max-snippet:-1","max-image-preview":"max-image-preview:large","max-video-preview":"max-video-preview:-1"},"canonical":"https:\/\/www.fine-weddings.de\/blog\/sie-haben-es-getan\/","og_locale":"de_DE","og_type":"article","og_title":"Harry und Meghan \u2013 sie haben es getan! - FINE WEDDINGS BLOG","og_description":"Traumhafter als in Windsor kann die Kulisse f\u00fcr eine Hochzeit nun wirklich nicht sein! Dazu Sonne satt und lauter gl\u00fcckliche Gesichter \u2013 eine perfekte Hochzeit f\u00fcr Prinz Harry, den Herzog von Sussex, und Meghan Markle, die jetzige Herzogin von Sussex. Ich freue mich sehr f\u00fcr die beiden.","og_url":"https:\/\/www.fine-weddings.de\/blog\/sie-haben-es-getan\/","og_site_name":"FINE WEDDINGS BLOG","article_published_time":"2018-05-20T08:09:07+00:00","article_modified_time":"2021-06-15T10:13:17+00:00","og_image":[{"width":1002,"height":800,"url":"https:\/\/www.fine-weddings.de\/blog\/wp-content\/uploads\/2018\/05\/Screenshot-2018-05-19-19.50.17.png","type":"image\/png"}],"author":"Fine Weddings","twitter_card":"summary_large_image","twitter_misc":{"Verfasst von":"Fine Weddings","Gesch\u00e4tzte Lesezeit":"5\u00a0Minuten"},"schema":{"@context":"https:\/\/schema.org","@graph":[{"@type":"Article","@id":"https:\/\/www.fine-weddings.de\/blog\/sie-haben-es-getan\/#article","isPartOf":{"@id":"https:\/\/www.fine-weddings.de\/blog\/sie-haben-es-getan\/"},"author":{"name":"Fine Weddings","@id":"https:\/\/fine-weddings.de\/blog\/#\/schema\/person\/87220e91a4a062b03e05ff505288330b"},"headline":"Harry und Meghan \u2013 sie haben es getan!","datePublished":"2018-05-20T08:09:07+00:00","dateModified":"2021-06-15T10:13:17+00:00","mainEntityOfPage":{"@id":"https:\/\/www.fine-weddings.de\/blog\/sie-haben-es-getan\/"},"wordCount":1023,"commentCount":1,"publisher":{"@id":"https:\/\/fine-weddings.de\/blog\/#organization"},"articleSection":["News"],"inLanguage":"de","potentialAction":[{"@type":"CommentAction","name":"Comment","target":["https:\/\/www.fine-weddings.de\/blog\/sie-haben-es-getan\/#respond"]}]},{"@type":"WebPage","@id":"https:\/\/www.fine-weddings.de\/blog\/sie-haben-es-getan\/","url":"https:\/\/www.fine-weddings.de\/blog\/sie-haben-es-getan\/","name":"Harry und Meghan \u2013 sie haben es getan! - FINE WEDDINGS BLOG","isPartOf":{"@id":"https:\/\/fine-weddings.de\/blog\/#website"},"datePublished":"2018-05-20T08:09:07+00:00","dateModified":"2021-06-15T10:13:17+00:00","breadcrumb":{"@id":"https:\/\/www.fine-weddings.de\/blog\/sie-haben-es-getan\/#breadcrumb"},"inLanguage":"de","potentialAction":[{"@type":"ReadAction","target":["https:\/\/www.fine-weddings.de\/blog\/sie-haben-es-getan\/"]}]},{"@type":"BreadcrumbList","@id":"https:\/\/www.fine-weddings.de\/blog\/sie-haben-es-getan\/#breadcrumb","itemListElement":[{"@type":"ListItem","position":1,"name":"Home","item":"https:\/\/fine-weddings.de\/blog\/"},{"@type":"ListItem","position":2,"name":"Harry und Meghan \u2013 sie haben es getan!"}]},{"@type":"WebSite","@id":"https:\/\/fine-weddings.de\/blog\/#website","url":"https:\/\/fine-weddings.de\/blog\/","name":"FINE WEDDINGS BLOG","description":"Trends und News rund ums Heiraten","publisher":{"@id":"https:\/\/fine-weddings.de\/blog\/#organization"},"potentialAction":[{"@type":"SearchAction","target":{"@type":"EntryPoint","urlTemplate":"https:\/\/fine-weddings.de\/blog\/?s={search_term_string}"},"query-input":"required name=search_term_string"}],"inLanguage":"de"},{"@type":"Organization","@id":"https:\/\/fine-weddings.de\/blog\/#organization","name":"Fine Weddings & Parties","url":"https:\/\/fine-weddings.de\/blog\/","logo":{"@type":"ImageObject","inLanguage":"de","@id":"https:\/\/fine-weddings.de\/blog\/#\/schema\/logo\/image\/","url":"https:\/\/www.fine-weddings.de\/blog\/wp-content\/uploads\/2021\/05\/FW-Logo.png","contentUrl":"https:\/\/www.fine-weddings.de\/blog\/wp-content\/uploads\/2021\/05\/FW-Logo.png","width":500,"height":458,"caption":"Fine Weddings & Parties"},"image":{"@id":"https:\/\/fine-weddings.de\/blog\/#\/schema\/logo\/image\/"}},{"@type":"Person","@id":"https:\/\/fine-weddings.de\/blog\/#\/schema\/person\/87220e91a4a062b03e05ff505288330b","name":"Fine Weddings"}]}},"_links":{"self":[{"href":"https:\/\/fine-weddings.de\/blog\/wp-json\/wp\/v2\/posts\/14841"}],"collection":[{"href":"https:\/\/fine-weddings.de\/blog\/wp-json\/wp\/v2\/posts"}],"about":[{"href":"https:\/\/fine-weddings.de\/blog\/wp-json\/wp\/v2\/types\/post"}],"author":[{"embeddable":true,"href":"https:\/\/fine-weddings.de\/blog\/wp-json\/wp\/v2\/users\/2"}],"replies":[{"embeddable":true,"href":"https:\/\/fine-weddings.de\/blog\/wp-json\/wp\/v2\/comments?post=14841"}],"version-history":[{"count":12,"href":"https:\/\/fine-weddings.de\/blog\/wp-json\/wp\/v2\/posts\/14841\/revisions"}],"predecessor-version":[{"id":14843,"href":"https:\/\/fine-weddings.de\/blog\/wp-json\/wp\/v2\/posts\/14841\/revisions\/14843"}],"wp:featuredmedia":[{"embeddable":true,"href":"https:\/\/fine-weddings.de\/blog\/wp-json\/wp\/v2\/media\/14838"}],"wp:attachment":[{"href":"https:\/\/fine-weddings.de\/blog\/wp-json\/wp\/v2\/media?parent=14841"}],"wp:term":[{"taxonomy":"category","embeddable":true,"href":"https:\/\/fine-weddings.de\/blog\/wp-json\/wp\/v2\/categories?post=14841"},{"taxonomy":"post_tag","embeddable":true,"href":"https:\/\/fine-weddings.de\/blog\/wp-json\/wp\/v2\/tags?post=14841"}],"curies":[{"name":"wp","href":"https:\/\/api.w.org\/{rel}","templated":true}]}}