{"id":14638,"date":"2018-04-23T11:19:16","date_gmt":"2018-04-23T09:19:16","guid":{"rendered":"http:\/\/fine-weddings.de\/?p=14638"},"modified":"2018-04-24T12:51:24","modified_gmt":"2018-04-24T10:51:24","slug":"stardesigner-naeem-khan-auf-der-bridal-fashion-week-new-york","status":"publish","type":"post","link":"https:\/\/fine-weddings.de\/blog\/stardesigner-naeem-khan-auf-der-bridal-fashion-week-new-york\/","title":{"rendered":"Stardesigner Naeem Khan auf der Bridal Fashion Week in New York"},"content":{"rendered":"<section class=\"wpb-content-wrapper\"><p>[vc_row][vc_column][vc_column_text]<\/p>\n<p style=\"text-align: left;\">Gerade komme ich von der Bridal Fashion Week in New York zur\u00fcck, es war ph\u00e4nomenal! Mein absolutes Highlight war die Bridal Couture Pr\u00e4sentation der neuen Kollektion des amerikanischen Stardesigners Naeem Khan. Darum m\u00f6chte ich euch topaktuell davon berichten. Kein Wunder, dass sich Stars und Sternchen so gern von ihm einkleiden lassen \u2013 es war der Hammer und auch f\u00fcr mich unglaublich inspirierend. Ich nehme f\u00fcr meine Hochzeiten immer jede Menge neue Ideen mit, und glaubt mir, Naeem Khan war eine Offenbarung!<\/p>\n<p>[\/vc_column_text][\/vc_column][\/vc_row][vc_row][vc_column width=&#8220;1\/3&#8243;][vc_single_image image=&#8220;14682&#8243; img_size=&#8220;large&#8220; css=&#8220;.vc_custom_1524564137189{padding-top: 20px !important;padding-right: 10px !important;padding-bottom: 20px !important;padding-left: 10px !important;}&#8220;][\/vc_column][vc_column width=&#8220;1\/3&#8243;][vc_single_image image=&#8220;14699&#8243; img_size=&#8220;large&#8220; css=&#8220;.vc_custom_1524564155412{padding-top: 20px !important;padding-right: 10px !important;padding-bottom: 20px !important;padding-left: 10px !important;}&#8220;][\/vc_column][vc_column width=&#8220;1\/3&#8243;][vc_single_image image=&#8220;14683&#8243; img_size=&#8220;large&#8220; css=&#8220;.vc_custom_1524564172374{padding-top: 20px !important;padding-right: 10px !important;padding-bottom: 20px !important;padding-left: 10px !important;}&#8220;][\/vc_column][\/vc_row][vc_row][vc_column]<div class=\"ult-spacer spacer-69edc5d3918a7\" data-id=\"69edc5d3918a7\" data-height=\"20\" data-height-mobile=\"10\" data-height-tab=\"\" data-height-tab-portrait=\"\" data-height-mobile-landscape=\"\" style=\"clear:both;display:block;\"><\/div>[vc_column_text]<\/p>\n<h3 style=\"text-align: left;\"><strong>Hochzeit mit Big Bang-Effekt<\/strong><\/h3>\n<div class=\"mceTemp\"><\/div>\n<p>[\/vc_column_text]<div class=\"ult-spacer spacer-69edc5d3918c2\" data-id=\"69edc5d3918c2\" data-height=\"20\" data-height-mobile=\"10\" data-height-tab=\"\" data-height-tab-portrait=\"\" data-height-mobile-landscape=\"\" style=\"clear:both;display:block;\"><\/div>[vc_column_text]<\/p>\n<p style=\"text-align: left;\">Naeem zeigte seine Kollektion Fr\u00fchjahr 2019 mit insgesamt 22 Hochzeitskleidern. Ich kann euch sagen \u2013 bei ihm ist der gro\u00dfe \u201eBang\u201c in Sachen Hochzeit angesagt, Zur\u00fcckhaltung war gestern. Die Models sahen aus wie Rockstar Brides und erinnerten mich stark an David Bowie \u2013 mit aufwendigen Frisuren und unglaublichen Kleidern. Ich bin immer noch total begeistert, wenn ich daran denke.<\/p>\n<p style=\"text-align: left;\">Die Brautkleider kamen in Wei\u00df mit ausgefallenen Goldeins\u00e4tzen daher, es gab sogar welche, die sich komplett vom traditionellen Wei\u00df verabschiedeten \u2013 Gold ist voll angesagt und im Trend. Dazu gab es unglaublich viele Federn, Fransen und Glitzer, die Outfits waren absolut ungew\u00f6hnlich und stylisch, so m\u00f6chte sich \u201efrau\u201c an ihrem so besonderen Tag ganz sicher einh\u00fcllen. Die Materialien waren vielf\u00e4ltig und nat\u00fcrlich hochwertig \u2013 ich bin sicher, dass sie sich auf der Haut absolut einzigartig anf\u00fchlen.<\/p>\n<p style=\"text-align: left;\">Gold liegt voll im Trend!<\/p>\n<p>[\/vc_column_text][\/vc_column][vc_column]<div class=\"ult-spacer spacer-69edc5d3918d4\" data-id=\"69edc5d3918d4\" data-height=\"20\" data-height-mobile=\"10\" data-height-tab=\"\" data-height-tab-portrait=\"\" data-height-mobile-landscape=\"\" style=\"clear:both;display:block;\"><\/div>[\/vc_column][\/vc_row][vc_row][vc_column width=&#8220;1\/3&#8243;][vc_single_image image=&#8220;14696&#8243; img_size=&#8220;large&#8220; css=&#8220;.vc_custom_1524563498133{padding-top: 20px !important;padding-right: 10px !important;padding-bottom: 20px !important;padding-left: 10px !important;}&#8220;][\/vc_column][vc_column width=&#8220;1\/3&#8243;][vc_single_image image=&#8220;14692&#8243; img_size=&#8220;large&#8220; css=&#8220;.vc_custom_1524561984970{padding-top: 20px !important;padding-right: 10px !important;padding-bottom: 20px !important;padding-left: 10px !important;}&#8220;][\/vc_column][vc_column width=&#8220;1\/3&#8243;][vc_single_image image=&#8220;14691&#8243; img_size=&#8220;large&#8220; css=&#8220;.vc_custom_1524562001105{padding-top: 20px !important;padding-right: 10px !important;padding-bottom: 20px !important;padding-left: 10px !important;}&#8220;][\/vc_column][\/vc_row][vc_row][vc_column]<div class=\"ult-spacer spacer-69edc5d3918e4\" data-id=\"69edc5d3918e4\" data-height=\"20\" data-height-mobile=\"10\" data-height-tab=\"\" data-height-tab-portrait=\"\" data-height-mobile-landscape=\"\" style=\"clear:both;display:block;\"><\/div>[vc_column_text]<\/p>\n<h3 style=\"text-align: left;\"><strong>Heiraten im Jumpsuit<\/strong><\/h3>\n<p>[\/vc_column_text]<div class=\"ult-spacer spacer-69edc5d3918f4\" data-id=\"69edc5d3918f4\" data-height=\"20\" data-height-mobile=\"10\" data-height-tab=\"\" data-height-tab-portrait=\"\" data-height-mobile-landscape=\"\" style=\"clear:both;display:block;\"><\/div>[vc_column_text]<\/p>\n<p style=\"text-align: left;\">Und dann eines meiner absoluten Highlights, weil einfach so neu und ungew\u00f6hnlich: Heiraten im Jumpsuit \u2013 f\u00fcr die Braut, die sich traut, wow! Naeem bedeckte seine Models mit einem Hauch wei\u00dfer durchsichtiger Spitze, teils angedeuteten R\u00f6cken oder Schleppen und mega Spitzen-Overknees. Unglaublich sexy, das war der Wahnsinn! Ich freue mich schon jetzt darauf, wenn dieser Trend nach Deutschland kommt.<\/p>\n<p>[\/vc_column_text]<div class=\"ult-spacer spacer-69edc5d391902\" data-id=\"69edc5d391902\" data-height=\"20\" data-height-mobile=\"10\" data-height-tab=\"\" data-height-tab-portrait=\"\" data-height-mobile-landscape=\"\" style=\"clear:both;display:block;\"><\/div>[\/vc_column][\/vc_row][vc_row][vc_column width=&#8220;1\/3&#8243;][vc_single_image image=&#8220;14690&#8243; img_size=&#8220;large&#8220; css=&#8220;.vc_custom_1524562038056{padding-top: 20px !important;padding-right: 10px !important;padding-bottom: 20px !important;padding-left: 10px !important;}&#8220;][\/vc_column][vc_column width=&#8220;1\/3&#8243;][vc_single_image image=&#8220;14689&#8243; img_size=&#8220;large&#8220; css=&#8220;.vc_custom_1524562019878{padding-top: 20px !important;padding-right: 10px !important;padding-bottom: 20px !important;padding-left: 10px !important;}&#8220;][\/vc_column][vc_column width=&#8220;1\/3&#8243;][vc_single_image image=&#8220;14688&#8243; img_size=&#8220;large&#8220; css=&#8220;.vc_custom_1524562069673{padding-top: 20px !important;padding-right: 10px !important;padding-bottom: 20px !important;padding-left: 10px !important;}&#8220;][\/vc_column][\/vc_row][vc_row][vc_column width=&#8220;1\/3&#8243;][vc_single_image image=&#8220;14684&#8243; img_size=&#8220;large&#8220; css=&#8220;.vc_custom_1524562161356{padding-top: 20px !important;padding-right: 10px !important;padding-bottom: 20px !important;padding-left: 10px !important;}&#8220;][\/vc_column][vc_column width=&#8220;1\/3&#8243;][vc_single_image image=&#8220;14685&#8243; img_size=&#8220;large&#8220; css=&#8220;.vc_custom_1524562126001{padding-top: 20px !important;padding-right: 10px !important;padding-bottom: 20px !important;padding-left: 10px !important;}&#8220;][\/vc_column][vc_column width=&#8220;1\/3&#8243;][vc_single_image image=&#8220;14681&#8243; img_size=&#8220;large&#8220; css=&#8220;.vc_custom_1524562105434{padding-top: 20px !important;padding-right: 10px !important;padding-bottom: 20px !important;padding-left: 10px !important;}&#8220;][\/vc_column][\/vc_row][vc_row][vc_column][vc_column_text]<\/p>\n<p style=\"text-align: left;\">Ich habe mit meinem Handy ordentlich draufgehalten &#8211; ich hoffe, die Fotos gefallen euch. Und nat\u00fcrlich hab ich nach der Pr\u00e4sentation auch noch ein Foto mit Naeem selbst gemacht.<\/p>\n<p style=\"text-align: left;\">Eure Nadine<\/p>\n<p>[\/vc_column_text][\/vc_column][\/vc_row][vc_row][vc_column][vc_column_text]<img decoding=\"async\" loading=\"lazy\" class=\"wp-image-14657 aligncenter\" src=\"http:\/\/fine-weddings.de\/wp-content\/uploads\/2018\/04\/Naeem-Kahn_17.jpeg\" alt=\"\" width=\"434\" height=\"585\" \/><\/p>\n<p>&nbsp;<\/p>\n<p><img decoding=\"async\" loading=\"lazy\" class=\"alignnone size-full wp-image-14578 aligncenter\" src=\"http:\/\/fine-weddings.de\/wp-content\/uploads\/2015\/07\/2_Siegel_50x50.png\" alt=\"\" width=\"50\" height=\"50\" \/>[\/vc_column_text][\/vc_column][\/vc_row]<\/p>\n<\/section>","protected":false},"excerpt":{"rendered":"<p>Gerade komme ich von der Bridal Fashion Week in New York zur\u00fcck, es war ph\u00e4nomenal! Mein absolutes Highlight war die Bridal Couture Pr\u00e4sentation der neuen Kollektion des amerikanischen Stardesigners Naeem Khan. Darum m\u00f6chte ich euch topaktuell davon berichten [&#8230;]<\/p>\n","protected":false},"author":2,"featured_media":14680,"comment_status":"open","ping_status":"open","sticky":false,"template":"","format":"standard","meta":[],"categories":[74,75,1],"tags":[82,191,267,107,268,83,195,196,198],"acf":[],"yoast_head":"<!-- This site is optimized with the Yoast SEO plugin v20.2 - https:\/\/yoast.com\/wordpress\/plugins\/seo\/ -->\n<title>Pr\u00e4sentation von Stardesigner Naeem Khan in New York<\/title>\n<meta name=\"description\" content=\"Mein Highlight auf der Bridal Fashion Week in New York: die Pr\u00e4sentation des amerikanischen Stardesigners Naeem Khan.\" \/>\n<meta name=\"robots\" content=\"index, follow, max-snippet:-1, max-image-preview:large, max-video-preview:-1\" \/>\n<link rel=\"canonical\" href=\"https:\/\/fine-weddings.de\/blog\/stardesigner-naeem-khan-auf-der-bridal-fashion-week-new-york\/\" \/>\n<meta property=\"og:locale\" content=\"de_DE\" \/>\n<meta property=\"og:type\" content=\"article\" \/>\n<meta property=\"og:title\" content=\"Pr\u00e4sentation von Stardesigner Naeem Khan in New York\" \/>\n<meta property=\"og:description\" content=\"Mein Highlight auf der Bridal Fashion Week in New York: die Pr\u00e4sentation des amerikanischen Stardesigners Naeem Khan.\" \/>\n<meta property=\"og:url\" content=\"https:\/\/fine-weddings.de\/blog\/stardesigner-naeem-khan-auf-der-bridal-fashion-week-new-york\/\" \/>\n<meta property=\"og:site_name\" content=\"FINE WEDDINGS BLOG\" \/>\n<meta property=\"article:published_time\" content=\"2018-04-23T09:19:16+00:00\" \/>\n<meta property=\"article:modified_time\" content=\"2018-04-24T10:51:24+00:00\" \/>\n<meta property=\"og:image\" content=\"https:\/\/fine-weddings.de\/blog\/wp-content\/uploads\/2018\/04\/Naeem-Kahn_04.jpeg\" \/>\n\t<meta property=\"og:image:width\" content=\"3024\" \/>\n\t<meta property=\"og:image:height\" content=\"4032\" \/>\n\t<meta property=\"og:image:type\" content=\"image\/jpeg\" \/>\n<meta name=\"author\" content=\"Fine Weddings\" \/>\n<meta name=\"twitter:card\" content=\"summary_large_image\" \/>\n<meta name=\"twitter:label1\" content=\"Verfasst von\" \/>\n\t<meta name=\"twitter:data1\" content=\"Fine Weddings\" \/>\n\t<meta name=\"twitter:label2\" content=\"Gesch\u00e4tzte Lesezeit\" \/>\n\t<meta name=\"twitter:data2\" content=\"4\u00a0Minuten\" \/>\n<script type=\"application\/ld+json\" class=\"yoast-schema-graph\">{\"@context\":\"https:\/\/schema.org\",\"@graph\":[{\"@type\":\"Article\",\"@id\":\"https:\/\/fine-weddings.de\/blog\/stardesigner-naeem-khan-auf-der-bridal-fashion-week-new-york\/#article\",\"isPartOf\":{\"@id\":\"https:\/\/fine-weddings.de\/blog\/stardesigner-naeem-khan-auf-der-bridal-fashion-week-new-york\/\"},\"author\":{\"name\":\"Fine Weddings\",\"@id\":\"https:\/\/www.fine-weddings.de\/blog\/#\/schema\/person\/87220e91a4a062b03e05ff505288330b\"},\"headline\":\"Stardesigner Naeem Khan auf der Bridal Fashion Week in New York\",\"datePublished\":\"2018-04-23T09:19:16+00:00\",\"dateModified\":\"2018-04-24T10:51:24+00:00\",\"mainEntityOfPage\":{\"@id\":\"https:\/\/fine-weddings.de\/blog\/stardesigner-naeem-khan-auf-der-bridal-fashion-week-new-york\/\"},\"wordCount\":806,\"commentCount\":0,\"publisher\":{\"@id\":\"https:\/\/www.fine-weddings.de\/blog\/#organization\"},\"keywords\":[\"Brautmode\",\"Bridal Couture\",\"Bridal Fashion Week\",\"Hochzeit\",\"Hochzeitsmode\",\"Hochzeitstrends\",\"Naeem Khan\",\"New York\",\"New Yorker Designer Naeem Khan\"],\"articleSection\":[\"Bridal Fashion\",\"Daily dose of inspiration\",\"Wedding Trends\"],\"inLanguage\":\"de\",\"potentialAction\":[{\"@type\":\"CommentAction\",\"name\":\"Comment\",\"target\":[\"https:\/\/fine-weddings.de\/blog\/stardesigner-naeem-khan-auf-der-bridal-fashion-week-new-york\/#respond\"]}]},{\"@type\":\"WebPage\",\"@id\":\"https:\/\/fine-weddings.de\/blog\/stardesigner-naeem-khan-auf-der-bridal-fashion-week-new-york\/\",\"url\":\"https:\/\/fine-weddings.de\/blog\/stardesigner-naeem-khan-auf-der-bridal-fashion-week-new-york\/\",\"name\":\"Pr\u00e4sentation von Stardesigner Naeem Khan in New York\",\"isPartOf\":{\"@id\":\"https:\/\/www.fine-weddings.de\/blog\/#website\"},\"datePublished\":\"2018-04-23T09:19:16+00:00\",\"dateModified\":\"2018-04-24T10:51:24+00:00\",\"description\":\"Mein Highlight auf der Bridal Fashion Week in New York: die Pr\u00e4sentation des amerikanischen Stardesigners Naeem Khan.\",\"breadcrumb\":{\"@id\":\"https:\/\/fine-weddings.de\/blog\/stardesigner-naeem-khan-auf-der-bridal-fashion-week-new-york\/#breadcrumb\"},\"inLanguage\":\"de\",\"potentialAction\":[{\"@type\":\"ReadAction\",\"target\":[\"https:\/\/fine-weddings.de\/blog\/stardesigner-naeem-khan-auf-der-bridal-fashion-week-new-york\/\"]}]},{\"@type\":\"BreadcrumbList\",\"@id\":\"https:\/\/fine-weddings.de\/blog\/stardesigner-naeem-khan-auf-der-bridal-fashion-week-new-york\/#breadcrumb\",\"itemListElement\":[{\"@type\":\"ListItem\",\"position\":1,\"name\":\"Home\",\"item\":\"https:\/\/www.fine-weddings.de\/blog\/\"},{\"@type\":\"ListItem\",\"position\":2,\"name\":\"Stardesigner Naeem Khan auf der Bridal Fashion Week in New York\"}]},{\"@type\":\"WebSite\",\"@id\":\"https:\/\/www.fine-weddings.de\/blog\/#website\",\"url\":\"https:\/\/www.fine-weddings.de\/blog\/\",\"name\":\"FINE WEDDINGS BLOG\",\"description\":\"Trends und News rund ums Heiraten\",\"publisher\":{\"@id\":\"https:\/\/www.fine-weddings.de\/blog\/#organization\"},\"potentialAction\":[{\"@type\":\"SearchAction\",\"target\":{\"@type\":\"EntryPoint\",\"urlTemplate\":\"https:\/\/www.fine-weddings.de\/blog\/?s={search_term_string}\"},\"query-input\":\"required name=search_term_string\"}],\"inLanguage\":\"de\"},{\"@type\":\"Organization\",\"@id\":\"https:\/\/www.fine-weddings.de\/blog\/#organization\",\"name\":\"Fine Weddings & Parties\",\"url\":\"https:\/\/www.fine-weddings.de\/blog\/\",\"logo\":{\"@type\":\"ImageObject\",\"inLanguage\":\"de\",\"@id\":\"https:\/\/www.fine-weddings.de\/blog\/#\/schema\/logo\/image\/\",\"url\":\"https:\/\/www.fine-weddings.de\/blog\/wp-content\/uploads\/2021\/05\/FW-Logo.png\",\"contentUrl\":\"https:\/\/www.fine-weddings.de\/blog\/wp-content\/uploads\/2021\/05\/FW-Logo.png\",\"width\":500,\"height\":458,\"caption\":\"Fine Weddings & Parties\"},\"image\":{\"@id\":\"https:\/\/www.fine-weddings.de\/blog\/#\/schema\/logo\/image\/\"}},{\"@type\":\"Person\",\"@id\":\"https:\/\/www.fine-weddings.de\/blog\/#\/schema\/person\/87220e91a4a062b03e05ff505288330b\",\"name\":\"Fine Weddings\"}]}<\/script>\n<!-- \/ Yoast SEO plugin. -->","yoast_head_json":{"title":"Pr\u00e4sentation von Stardesigner Naeem Khan in New York","description":"Mein Highlight auf der Bridal Fashion Week in New York: die Pr\u00e4sentation des amerikanischen Stardesigners Naeem Khan.","robots":{"index":"index","follow":"follow","max-snippet":"max-snippet:-1","max-image-preview":"max-image-preview:large","max-video-preview":"max-video-preview:-1"},"canonical":"https:\/\/fine-weddings.de\/blog\/stardesigner-naeem-khan-auf-der-bridal-fashion-week-new-york\/","og_locale":"de_DE","og_type":"article","og_title":"Pr\u00e4sentation von Stardesigner Naeem Khan in New York","og_description":"Mein Highlight auf der Bridal Fashion Week in New York: die Pr\u00e4sentation des amerikanischen Stardesigners Naeem Khan.","og_url":"https:\/\/fine-weddings.de\/blog\/stardesigner-naeem-khan-auf-der-bridal-fashion-week-new-york\/","og_site_name":"FINE WEDDINGS BLOG","article_published_time":"2018-04-23T09:19:16+00:00","article_modified_time":"2018-04-24T10:51:24+00:00","og_image":[{"width":3024,"height":4032,"url":"https:\/\/fine-weddings.de\/blog\/wp-content\/uploads\/2018\/04\/Naeem-Kahn_04.jpeg","type":"image\/jpeg"}],"author":"Fine Weddings","twitter_card":"summary_large_image","twitter_misc":{"Verfasst von":"Fine Weddings","Gesch\u00e4tzte Lesezeit":"4\u00a0Minuten"},"schema":{"@context":"https:\/\/schema.org","@graph":[{"@type":"Article","@id":"https:\/\/fine-weddings.de\/blog\/stardesigner-naeem-khan-auf-der-bridal-fashion-week-new-york\/#article","isPartOf":{"@id":"https:\/\/fine-weddings.de\/blog\/stardesigner-naeem-khan-auf-der-bridal-fashion-week-new-york\/"},"author":{"name":"Fine Weddings","@id":"https:\/\/www.fine-weddings.de\/blog\/#\/schema\/person\/87220e91a4a062b03e05ff505288330b"},"headline":"Stardesigner Naeem Khan auf der Bridal Fashion Week in New York","datePublished":"2018-04-23T09:19:16+00:00","dateModified":"2018-04-24T10:51:24+00:00","mainEntityOfPage":{"@id":"https:\/\/fine-weddings.de\/blog\/stardesigner-naeem-khan-auf-der-bridal-fashion-week-new-york\/"},"wordCount":806,"commentCount":0,"publisher":{"@id":"https:\/\/www.fine-weddings.de\/blog\/#organization"},"keywords":["Brautmode","Bridal Couture","Bridal Fashion Week","Hochzeit","Hochzeitsmode","Hochzeitstrends","Naeem Khan","New York","New Yorker Designer Naeem Khan"],"articleSection":["Bridal Fashion","Daily dose of inspiration","Wedding Trends"],"inLanguage":"de","potentialAction":[{"@type":"CommentAction","name":"Comment","target":["https:\/\/fine-weddings.de\/blog\/stardesigner-naeem-khan-auf-der-bridal-fashion-week-new-york\/#respond"]}]},{"@type":"WebPage","@id":"https:\/\/fine-weddings.de\/blog\/stardesigner-naeem-khan-auf-der-bridal-fashion-week-new-york\/","url":"https:\/\/fine-weddings.de\/blog\/stardesigner-naeem-khan-auf-der-bridal-fashion-week-new-york\/","name":"Pr\u00e4sentation von Stardesigner Naeem Khan in New York","isPartOf":{"@id":"https:\/\/www.fine-weddings.de\/blog\/#website"},"datePublished":"2018-04-23T09:19:16+00:00","dateModified":"2018-04-24T10:51:24+00:00","description":"Mein Highlight auf der Bridal Fashion Week in New York: die Pr\u00e4sentation des amerikanischen Stardesigners Naeem Khan.","breadcrumb":{"@id":"https:\/\/fine-weddings.de\/blog\/stardesigner-naeem-khan-auf-der-bridal-fashion-week-new-york\/#breadcrumb"},"inLanguage":"de","potentialAction":[{"@type":"ReadAction","target":["https:\/\/fine-weddings.de\/blog\/stardesigner-naeem-khan-auf-der-bridal-fashion-week-new-york\/"]}]},{"@type":"BreadcrumbList","@id":"https:\/\/fine-weddings.de\/blog\/stardesigner-naeem-khan-auf-der-bridal-fashion-week-new-york\/#breadcrumb","itemListElement":[{"@type":"ListItem","position":1,"name":"Home","item":"https:\/\/www.fine-weddings.de\/blog\/"},{"@type":"ListItem","position":2,"name":"Stardesigner Naeem Khan auf der Bridal Fashion Week in New York"}]},{"@type":"WebSite","@id":"https:\/\/www.fine-weddings.de\/blog\/#website","url":"https:\/\/www.fine-weddings.de\/blog\/","name":"FINE WEDDINGS BLOG","description":"Trends und News rund ums Heiraten","publisher":{"@id":"https:\/\/www.fine-weddings.de\/blog\/#organization"},"potentialAction":[{"@type":"SearchAction","target":{"@type":"EntryPoint","urlTemplate":"https:\/\/www.fine-weddings.de\/blog\/?s={search_term_string}"},"query-input":"required name=search_term_string"}],"inLanguage":"de"},{"@type":"Organization","@id":"https:\/\/www.fine-weddings.de\/blog\/#organization","name":"Fine Weddings & Parties","url":"https:\/\/www.fine-weddings.de\/blog\/","logo":{"@type":"ImageObject","inLanguage":"de","@id":"https:\/\/www.fine-weddings.de\/blog\/#\/schema\/logo\/image\/","url":"https:\/\/www.fine-weddings.de\/blog\/wp-content\/uploads\/2021\/05\/FW-Logo.png","contentUrl":"https:\/\/www.fine-weddings.de\/blog\/wp-content\/uploads\/2021\/05\/FW-Logo.png","width":500,"height":458,"caption":"Fine Weddings & Parties"},"image":{"@id":"https:\/\/www.fine-weddings.de\/blog\/#\/schema\/logo\/image\/"}},{"@type":"Person","@id":"https:\/\/www.fine-weddings.de\/blog\/#\/schema\/person\/87220e91a4a062b03e05ff505288330b","name":"Fine Weddings"}]}},"_links":{"self":[{"href":"https:\/\/fine-weddings.de\/blog\/wp-json\/wp\/v2\/posts\/14638"}],"collection":[{"href":"https:\/\/fine-weddings.de\/blog\/wp-json\/wp\/v2\/posts"}],"about":[{"href":"https:\/\/fine-weddings.de\/blog\/wp-json\/wp\/v2\/types\/post"}],"author":[{"embeddable":true,"href":"https:\/\/fine-weddings.de\/blog\/wp-json\/wp\/v2\/users\/2"}],"replies":[{"embeddable":true,"href":"https:\/\/fine-weddings.de\/blog\/wp-json\/wp\/v2\/comments?post=14638"}],"version-history":[{"count":35,"href":"https:\/\/fine-weddings.de\/blog\/wp-json\/wp\/v2\/posts\/14638\/revisions"}],"predecessor-version":[{"id":14716,"href":"https:\/\/fine-weddings.de\/blog\/wp-json\/wp\/v2\/posts\/14638\/revisions\/14716"}],"wp:featuredmedia":[{"embeddable":true,"href":"https:\/\/fine-weddings.de\/blog\/wp-json\/wp\/v2\/media\/14680"}],"wp:attachment":[{"href":"https:\/\/fine-weddings.de\/blog\/wp-json\/wp\/v2\/media?parent=14638"}],"wp:term":[{"taxonomy":"category","embeddable":true,"href":"https:\/\/fine-weddings.de\/blog\/wp-json\/wp\/v2\/categories?post=14638"},{"taxonomy":"post_tag","embeddable":true,"href":"https:\/\/fine-weddings.de\/blog\/wp-json\/wp\/v2\/tags?post=14638"}],"curies":[{"name":"wp","href":"https:\/\/api.w.org\/{rel}","templated":true}]}}