{"id":14596,"date":"2018-02-16T09:10:50","date_gmt":"2018-02-16T08:10:50","guid":{"rendered":"http:\/\/fine-weddings.de\/?p=14596"},"modified":"2018-02-16T14:37:48","modified_gmt":"2018-02-16T13:37:48","slug":"haute-couture-trends-2018-auf-der-pariser-fashion-week","status":"publish","type":"post","link":"https:\/\/fine-weddings.de\/blog\/haute-couture-trends-2018-auf-der-pariser-fashion-week\/","title":{"rendered":"Haute Couture Trends 2018 auf der Pariser Fashion Week"},"content":{"rendered":"<section class=\"wpb-content-wrapper\"><p>[vc_row][vc_column][vc_column_text]<\/p>\n<p style=\"text-align: left;\">Was sind die Brautmoden-Trends 2018? Eine sehr spannende Frage, die man nirgendwo besser beantworten kann, als in DER Stadt der Mode schlechthin. Genau, Paris! Denn am 22. Januar startete dort die Haute Couture Fashion Week. Da darf das <a href=\"http:\/\/fine-weddings.de\/ein-perfektes-team-hochzeitsfotografin-zuzu-birkhof-und-premium-wedding-expertin-nadine-metgenberg\/\" target=\"_blank\" rel=\"noopener\">Team von\u00a0Fine Weddings &amp; Parties<\/a> nat\u00fcrlich nicht fehlen &#8230;<\/p>\n<h3 style=\"text-align: left;\">Fashion Week in Paris<\/h3>\n<p style=\"text-align: left;\">Hier treffen sich Mode- und Lifestyle-Redakteure, Stylisten, Modeeink\u00e4ufer und Blogger, um die neuesten Couture-Kreationen auf den Pariser Laufstegen zu bestaunen. Und mittendrin die <a href=\"http:\/\/www.zuzubirkhof.com\/de\/\" target=\"_blank\" rel=\"noopener\">beste Fotografin Zuzu<\/a> und ich im Auftrag von <a href=\"https:\/\/www.perfectweddingmagazine.com\/\" target=\"_blank\" rel=\"noopener\">Perfect Wedding Magazine<\/a>, die aktuellen Trends aus der internationalen Modewelt einzufangen. So \u00fcbernahmen wir den Instagram Kanal\u00a0<a class=\"notranslate\" href=\"https:\/\/www.instagram.com\/PerfectWeddMag\/\" target=\"_blank\" rel=\"noopener\">@PerfectWeddMag<\/a>\u00a0und berichteten live von den Pariser Catwalks. Die Liste unserer Fashionshows war zweifellos genauso glamour\u00f6s,\u00a0wie die Stadt Paris selbst: <a href=\"http:\/\/georgeshobeika.com\/\" target=\"_blank\" rel=\"noopener\">Georges Hobeika<\/a>, <a href=\"http:\/\/www.laskariscouture.com\/\" target=\"_blank\" rel=\"noopener\">Laskaris<\/a>, <a href=\"http:\/\/www.ranizakhem.com\/\" target=\"_blank\" rel=\"noopener\">Rani Zakhem<\/a>, <a href=\"https:\/\/ralphandrusso.com\/\" target=\"_blank\" rel=\"noopener\">Ralph &amp; Russo<\/a> und <a href=\"http:\/\/www.eliesaab.com\/de\" target=\"_blank\" rel=\"noopener\">Elie Saab<\/a>.<\/p>\n<h3 style=\"text-align: left;\">Die Haute Couture Trends 2018<\/h3>\n<p style=\"text-align: left;\">Auf den Laufstegen der angesagtesten Haute Couture Fashion Designer dominierten opulente Kleider mit viel T\u00fcll im Stil griechischer G\u00f6ttinnen. Wundersch\u00f6n ausgefallene Bl\u00fctenapplikationen, Ornamente und Stickereien schm\u00fccken die Luxus-Roben. Auch Schleier und Headpieces sind wieder im Kommen. Jedoch gibt es nicht nur den einen Trend zur Opulenz und F\u00fclle, sondern auch minimalistische Tendenzen in der Brautmode sind zu erkennen. So besticht etwa die neue Kollektion von Laskaris durch klare Linien, einfache Designs und besonderen H\u00f6hepunkten wie goldene Haarkr\u00e4nze mit nat\u00fcrlichen Motiven aus der Natur wie Bl\u00fcten und Bl\u00e4tter. Aber seht selbst und lasst euch inspirieren &#8230;<\/p>\n<figure id=\"attachment_14601\" class=\"thumbnail wp-caption aligncenter\" style=\"width: 605px\"><img decoding=\"async\" loading=\"lazy\" class=\"size-full wp-image-14601\" src=\"http:\/\/fine-weddings.de\/wp-content\/uploads\/2018\/02\/KIM_0792_klein.jpg\" alt=\"ELIE SAAB - Bridal - Fr\u00fchling 2018\" width=\"605\" height=\"1075\" srcset=\"https:\/\/fine-weddings.de\/blog\/wp-content\/uploads\/2018\/02\/KIM_0792_klein.jpg 605w, https:\/\/fine-weddings.de\/blog\/wp-content\/uploads\/2018\/02\/KIM_0792_klein-169x300.jpg 169w, https:\/\/fine-weddings.de\/blog\/wp-content\/uploads\/2018\/02\/KIM_0792_klein-576x1024.jpg 576w\" sizes=\"(max-width: 605px) 100vw, 605px\" \/><figcaption class=\"caption wp-caption-text\">ELIE SAAB &#8211; Bridal &#8211; Fr\u00fchling 2018<\/figcaption><\/figure>\n<figure id=\"attachment_14602\" class=\"thumbnail wp-caption aligncenter\" style=\"width: 512px\"><img decoding=\"async\" loading=\"lazy\" class=\"size-full wp-image-14602\" src=\"http:\/\/fine-weddings.de\/wp-content\/uploads\/2018\/02\/GEORGES-HOBEIKA-HC-SS-18-LOOK41-1200x1800_klein.jpg\" alt=\"GEORGES HOBEIKA Haute Couture Fashion\" width=\"512\" height=\"911\" srcset=\"https:\/\/fine-weddings.de\/blog\/wp-content\/uploads\/2018\/02\/GEORGES-HOBEIKA-HC-SS-18-LOOK41-1200x1800_klein.jpg 512w, https:\/\/fine-weddings.de\/blog\/wp-content\/uploads\/2018\/02\/GEORGES-HOBEIKA-HC-SS-18-LOOK41-1200x1800_klein-169x300.jpg 169w\" sizes=\"(max-width: 512px) 100vw, 512px\" \/><figcaption class=\"caption wp-caption-text\">GEORGES HOBEIKA Haute Couture Fashion<\/figcaption><\/figure>\n<figure id=\"attachment_14603\" class=\"thumbnail wp-caption aligncenter\" style=\"width: 524px\"><img decoding=\"async\" loading=\"lazy\" class=\"size-full wp-image-14603\" src=\"http:\/\/fine-weddings.de\/wp-content\/uploads\/2018\/02\/Foto-22.01.18-13-37-36_klein.jpg\" alt=\"GEORGES HOBEIKA Haute Couture Fashion\" width=\"524\" height=\"563\" srcset=\"https:\/\/fine-weddings.de\/blog\/wp-content\/uploads\/2018\/02\/Foto-22.01.18-13-37-36_klein.jpg 524w, https:\/\/fine-weddings.de\/blog\/wp-content\/uploads\/2018\/02\/Foto-22.01.18-13-37-36_klein-279x300.jpg 279w\" sizes=\"(max-width: 524px) 100vw, 524px\" \/><figcaption class=\"caption wp-caption-text\">GEORGES HOBEIKA Haute Couture Fashion<\/figcaption><\/figure>\n<figure id=\"attachment_14604\" class=\"thumbnail wp-caption aligncenter\" style=\"width: 554px\"><img decoding=\"async\" loading=\"lazy\" class=\"size-full wp-image-14604\" src=\"http:\/\/fine-weddings.de\/wp-content\/uploads\/2018\/02\/Foto-22.01.18-16-08-42_klein.jpg\" alt=\"Laskaris Couture\" width=\"554\" height=\"739\" srcset=\"https:\/\/fine-weddings.de\/blog\/wp-content\/uploads\/2018\/02\/Foto-22.01.18-16-08-42_klein.jpg 554w, https:\/\/fine-weddings.de\/blog\/wp-content\/uploads\/2018\/02\/Foto-22.01.18-16-08-42_klein-225x300.jpg 225w\" sizes=\"(max-width: 554px) 100vw, 554px\" \/><figcaption class=\"caption wp-caption-text\">Laskaris Couture<\/figcaption><\/figure>\n<figure id=\"attachment_14605\" class=\"thumbnail wp-caption aligncenter\" style=\"width: 554px\"><img decoding=\"async\" loading=\"lazy\" class=\"size-full wp-image-14605\" src=\"http:\/\/fine-weddings.de\/wp-content\/uploads\/2018\/02\/Foto-22.01.18-16-24-25_klein.jpg\" alt=\"Laskaris Couture\" width=\"554\" height=\"739\" srcset=\"https:\/\/fine-weddings.de\/blog\/wp-content\/uploads\/2018\/02\/Foto-22.01.18-16-24-25_klein.jpg 554w, https:\/\/fine-weddings.de\/blog\/wp-content\/uploads\/2018\/02\/Foto-22.01.18-16-24-25_klein-225x300.jpg 225w\" sizes=\"(max-width: 554px) 100vw, 554px\" \/><figcaption class=\"caption wp-caption-text\">Laskaris Couture<\/figcaption><\/figure>\n<figure id=\"attachment_14606\" class=\"thumbnail wp-caption aligncenter\" style=\"width: 516px\"><img decoding=\"async\" loading=\"lazy\" class=\"size-full wp-image-14606\" src=\"http:\/\/fine-weddings.de\/wp-content\/uploads\/2018\/02\/Foto-22.01.18-16-54-42_klein.jpg\" alt=\"Griechische Designer Laskaris Valavanis mit Nadine Metgenberg\" width=\"516\" height=\"688\" srcset=\"https:\/\/fine-weddings.de\/blog\/wp-content\/uploads\/2018\/02\/Foto-22.01.18-16-54-42_klein.jpg 516w, https:\/\/fine-weddings.de\/blog\/wp-content\/uploads\/2018\/02\/Foto-22.01.18-16-54-42_klein-225x300.jpg 225w\" sizes=\"(max-width: 516px) 100vw, 516px\" \/><figcaption class=\"caption wp-caption-text\">Der Griechische Designer Laskaris Valavanis mit Nadine Metgenberg<\/figcaption><\/figure>\n<figure id=\"attachment_14607\" class=\"thumbnail wp-caption aligncenter\" style=\"width: 570px\"><img decoding=\"async\" loading=\"lazy\" class=\"size-full wp-image-14607\" src=\"http:\/\/fine-weddings.de\/wp-content\/uploads\/2018\/02\/KIM_0678_klein.jpg\" alt=\"Ralph &amp; Russo Spring Summer 2018\" width=\"570\" height=\"1013\" srcset=\"https:\/\/fine-weddings.de\/blog\/wp-content\/uploads\/2018\/02\/KIM_0678_klein.jpg 570w, https:\/\/fine-weddings.de\/blog\/wp-content\/uploads\/2018\/02\/KIM_0678_klein-169x300.jpg 169w\" sizes=\"(max-width: 570px) 100vw, 570px\" \/><figcaption class=\"caption wp-caption-text\">Ralph &amp; Russo Spring Summer 2018<\/figcaption><\/figure>\n<figure id=\"attachment_14608\" class=\"thumbnail wp-caption aligncenter\" style=\"width: 524px\"><img decoding=\"async\" loading=\"lazy\" class=\"size-full wp-image-14608\" src=\"http:\/\/fine-weddings.de\/wp-content\/uploads\/2018\/02\/IMG_9998_klein.jpg\" alt=\"Ralph &amp; Russo Spring Summer 2018\" width=\"524\" height=\"699\" srcset=\"https:\/\/fine-weddings.de\/blog\/wp-content\/uploads\/2018\/02\/IMG_9998_klein.jpg 524w, https:\/\/fine-weddings.de\/blog\/wp-content\/uploads\/2018\/02\/IMG_9998_klein-225x300.jpg 225w\" sizes=\"(max-width: 524px) 100vw, 524px\" \/><figcaption class=\"caption wp-caption-text\">Ralph &amp; Russo Spring Summer 2018<\/figcaption><\/figure>\n<figure id=\"attachment_14609\" class=\"thumbnail wp-caption aligncenter\" style=\"width: 524px\"><img decoding=\"async\" loading=\"lazy\" class=\"size-full wp-image-14609\" src=\"http:\/\/fine-weddings.de\/wp-content\/uploads\/2018\/02\/IMG_0008.png\" alt=\"Ralph &amp; Russo Spring Summer 2018\" width=\"524\" height=\"699\" srcset=\"https:\/\/fine-weddings.de\/blog\/wp-content\/uploads\/2018\/02\/IMG_0008.png 524w, https:\/\/fine-weddings.de\/blog\/wp-content\/uploads\/2018\/02\/IMG_0008-225x300.png 225w\" sizes=\"(max-width: 524px) 100vw, 524px\" \/><figcaption class=\"caption wp-caption-text\">Ralph &amp; Russo Spring Summer 2018<\/figcaption><\/figure>\n<figure id=\"attachment_14610\" class=\"thumbnail wp-caption aligncenter\" style=\"width: 524px\"><img decoding=\"async\" loading=\"lazy\" class=\"size-full wp-image-14610\" src=\"http:\/\/fine-weddings.de\/wp-content\/uploads\/2018\/02\/IMG_0017_klein.jpg\" alt=\"Nadine Metgenberg in Paris zur Fashion Show Januar 2018\" width=\"524\" height=\"699\" srcset=\"https:\/\/fine-weddings.de\/blog\/wp-content\/uploads\/2018\/02\/IMG_0017_klein.jpg 524w, https:\/\/fine-weddings.de\/blog\/wp-content\/uploads\/2018\/02\/IMG_0017_klein-225x300.jpg 225w\" sizes=\"(max-width: 524px) 100vw, 524px\" \/><figcaption class=\"caption wp-caption-text\">Nadine Metgenberg in Paris zur Fashion Show Januar 2018<\/figcaption><\/figure>\n<figure id=\"attachment_14611\" class=\"thumbnail wp-caption aligncenter\" style=\"width: 652px\"><img decoding=\"async\" loading=\"lazy\" class=\"size-full wp-image-14611\" src=\"http:\/\/fine-weddings.de\/wp-content\/uploads\/2018\/02\/Foto-22.01.18-15-39-08_klein.jpg\" alt=\"Die wunderbare Hochzeitsfotografin Zuzu Birkhof\" width=\"652\" height=\"869\" srcset=\"https:\/\/fine-weddings.de\/blog\/wp-content\/uploads\/2018\/02\/Foto-22.01.18-15-39-08_klein.jpg 652w, https:\/\/fine-weddings.de\/blog\/wp-content\/uploads\/2018\/02\/Foto-22.01.18-15-39-08_klein-225x300.jpg 225w\" sizes=\"(max-width: 652px) 100vw, 652px\" \/><figcaption class=\"caption wp-caption-text\">Die wunderbare Hochzeitsfotografin Zuzu Birkhof<\/figcaption><\/figure>\n<figure id=\"attachment_14612\" class=\"thumbnail wp-caption aligncenter\" style=\"width: 551px\"><img decoding=\"async\" loading=\"lazy\" class=\"size-full wp-image-14612\" src=\"http:\/\/fine-weddings.de\/wp-content\/uploads\/2018\/02\/Foto-22.01.18-15-41-14_klein.jpg\" alt=\"WE LOVE PARIS ....\" width=\"551\" height=\"735\" srcset=\"https:\/\/fine-weddings.de\/blog\/wp-content\/uploads\/2018\/02\/Foto-22.01.18-15-41-14_klein.jpg 551w, https:\/\/fine-weddings.de\/blog\/wp-content\/uploads\/2018\/02\/Foto-22.01.18-15-41-14_klein-225x300.jpg 225w\" sizes=\"(max-width: 551px) 100vw, 551px\" \/><figcaption class=\"caption wp-caption-text\">WE LOVE PARIS &#8230;.<\/figcaption><\/figure>\n<p>[\/vc_column_text][\/vc_column][\/vc_row]<\/p>\n<\/section>","protected":false},"excerpt":{"rendered":"<p>Was sind die Brautmoden-Trends 2018? Eine sehr spannende Frage, dir man nirgendwo besser beantworten kann, als in DER Stadt der Mode schlechthin. Genau, Paris! Denn am 22. Januar startete dort die Haute Couture Fashion Week. Da darf das Team von\u00a0Fine Weddings &#038; Parties nat\u00fcrlich nicht fehlen [&#8230;]<\/p>\n","protected":false},"author":3,"featured_media":14599,"comment_status":"open","ping_status":"open","sticky":false,"template":"","format":"standard","meta":[],"categories":[75,76,69,1],"tags":[81,82,141,266,261,262,120,97,107,89,110,83,263,265,264,137,84],"acf":[],"yoast_head":"<!-- This site is optimized with the Yoast SEO plugin v20.2 - https:\/\/yoast.com\/wordpress\/plugins\/seo\/ -->\n<title>Haute Couture Trends 2018 auf der Pariser Fashion Week<\/title>\n<meta name=\"description\" content=\"Was sind die Brautmoden-Trends 2018? Eine sehr spannende Frage, dir man nirgendwo besser beantworten kann, als auf der Paris Haute Couture Fashion Week\" \/>\n<meta name=\"robots\" content=\"index, follow, max-snippet:-1, max-image-preview:large, max-video-preview:-1\" \/>\n<link rel=\"canonical\" href=\"https:\/\/fine-weddings.de\/blog\/haute-couture-trends-2018-auf-der-pariser-fashion-week\/\" \/>\n<meta property=\"og:locale\" content=\"de_DE\" \/>\n<meta property=\"og:type\" content=\"article\" \/>\n<meta property=\"og:title\" content=\"Haute Couture Trends 2018 auf der Pariser Fashion Week\" \/>\n<meta property=\"og:description\" content=\"Was sind die Brautmoden-Trends 2018? Eine sehr spannende Frage, dir man nirgendwo besser beantworten kann, als auf der Paris Haute Couture Fashion Week\" \/>\n<meta property=\"og:url\" content=\"https:\/\/fine-weddings.de\/blog\/haute-couture-trends-2018-auf-der-pariser-fashion-week\/\" \/>\n<meta property=\"og:site_name\" content=\"FINE WEDDINGS BLOG\" \/>\n<meta property=\"article:published_time\" content=\"2018-02-16T08:10:50+00:00\" \/>\n<meta property=\"article:modified_time\" content=\"2018-02-16T13:37:48+00:00\" \/>\n<meta property=\"og:image\" content=\"https:\/\/fine-weddings.de\/blog\/wp-content\/uploads\/2018\/02\/Teaser.jpg\" \/>\n\t<meta property=\"og:image:width\" content=\"916\" \/>\n\t<meta property=\"og:image:height\" content=\"687\" \/>\n\t<meta property=\"og:image:type\" content=\"image\/jpeg\" \/>\n<meta name=\"author\" content=\"Fine Weddings Team\" \/>\n<meta name=\"twitter:card\" content=\"summary_large_image\" \/>\n<meta name=\"twitter:label1\" content=\"Verfasst von\" \/>\n\t<meta name=\"twitter:data1\" content=\"Fine Weddings Team\" \/>\n\t<meta name=\"twitter:label2\" content=\"Gesch\u00e4tzte Lesezeit\" \/>\n\t<meta name=\"twitter:data2\" content=\"2\u00a0Minuten\" \/>\n<script type=\"application\/ld+json\" class=\"yoast-schema-graph\">{\"@context\":\"https:\/\/schema.org\",\"@graph\":[{\"@type\":\"Article\",\"@id\":\"https:\/\/fine-weddings.de\/blog\/haute-couture-trends-2018-auf-der-pariser-fashion-week\/#article\",\"isPartOf\":{\"@id\":\"https:\/\/fine-weddings.de\/blog\/haute-couture-trends-2018-auf-der-pariser-fashion-week\/\"},\"author\":{\"name\":\"Fine Weddings Team\",\"@id\":\"https:\/\/www.fine-weddings.de\/blog\/#\/schema\/person\/ce1c343d34d9b6392a4e44d0e2d8c119\"},\"headline\":\"Haute Couture Trends 2018 auf der Pariser Fashion Week\",\"datePublished\":\"2018-02-16T08:10:50+00:00\",\"dateModified\":\"2018-02-16T13:37:48+00:00\",\"mainEntityOfPage\":{\"@id\":\"https:\/\/fine-weddings.de\/blog\/haute-couture-trends-2018-auf-der-pariser-fashion-week\/\"},\"wordCount\":407,\"commentCount\":0,\"publisher\":{\"@id\":\"https:\/\/www.fine-weddings.de\/blog\/#organization\"},\"keywords\":[\"Brautkleid\",\"Brautmode\",\"Bridal Fashion\",\"Elie Saab\",\"Fashion Week Paris\",\"Georges Hobeika\",\"Haute Couture\",\"Heiraten\",\"Hochzeit\",\"Hochzeitsinspiration\",\"Hochzeitsplanung\",\"Hochzeitstrends\",\"Laskaris\",\"Ralph &amp; Russo\",\"Rani Zakhem\",\"Weddingplanner\",\"Weddingtrends\"],\"articleSection\":[\"Daily dose of inspiration\",\"Experten-Tipps\",\"News\",\"Wedding Trends\"],\"inLanguage\":\"de\",\"potentialAction\":[{\"@type\":\"CommentAction\",\"name\":\"Comment\",\"target\":[\"https:\/\/fine-weddings.de\/blog\/haute-couture-trends-2018-auf-der-pariser-fashion-week\/#respond\"]}]},{\"@type\":\"WebPage\",\"@id\":\"https:\/\/fine-weddings.de\/blog\/haute-couture-trends-2018-auf-der-pariser-fashion-week\/\",\"url\":\"https:\/\/fine-weddings.de\/blog\/haute-couture-trends-2018-auf-der-pariser-fashion-week\/\",\"name\":\"Haute Couture Trends 2018 auf der Pariser Fashion Week\",\"isPartOf\":{\"@id\":\"https:\/\/www.fine-weddings.de\/blog\/#website\"},\"datePublished\":\"2018-02-16T08:10:50+00:00\",\"dateModified\":\"2018-02-16T13:37:48+00:00\",\"description\":\"Was sind die Brautmoden-Trends 2018? Eine sehr spannende Frage, dir man nirgendwo besser beantworten kann, als auf der Paris Haute Couture Fashion Week\",\"breadcrumb\":{\"@id\":\"https:\/\/fine-weddings.de\/blog\/haute-couture-trends-2018-auf-der-pariser-fashion-week\/#breadcrumb\"},\"inLanguage\":\"de\",\"potentialAction\":[{\"@type\":\"ReadAction\",\"target\":[\"https:\/\/fine-weddings.de\/blog\/haute-couture-trends-2018-auf-der-pariser-fashion-week\/\"]}]},{\"@type\":\"BreadcrumbList\",\"@id\":\"https:\/\/fine-weddings.de\/blog\/haute-couture-trends-2018-auf-der-pariser-fashion-week\/#breadcrumb\",\"itemListElement\":[{\"@type\":\"ListItem\",\"position\":1,\"name\":\"Home\",\"item\":\"https:\/\/www.fine-weddings.de\/blog\/\"},{\"@type\":\"ListItem\",\"position\":2,\"name\":\"Haute Couture Trends 2018 auf der Pariser Fashion Week\"}]},{\"@type\":\"WebSite\",\"@id\":\"https:\/\/www.fine-weddings.de\/blog\/#website\",\"url\":\"https:\/\/www.fine-weddings.de\/blog\/\",\"name\":\"FINE WEDDINGS BLOG\",\"description\":\"Trends und News rund ums Heiraten\",\"publisher\":{\"@id\":\"https:\/\/www.fine-weddings.de\/blog\/#organization\"},\"potentialAction\":[{\"@type\":\"SearchAction\",\"target\":{\"@type\":\"EntryPoint\",\"urlTemplate\":\"https:\/\/www.fine-weddings.de\/blog\/?s={search_term_string}\"},\"query-input\":\"required name=search_term_string\"}],\"inLanguage\":\"de\"},{\"@type\":\"Organization\",\"@id\":\"https:\/\/www.fine-weddings.de\/blog\/#organization\",\"name\":\"Fine Weddings & Parties\",\"url\":\"https:\/\/www.fine-weddings.de\/blog\/\",\"logo\":{\"@type\":\"ImageObject\",\"inLanguage\":\"de\",\"@id\":\"https:\/\/www.fine-weddings.de\/blog\/#\/schema\/logo\/image\/\",\"url\":\"https:\/\/www.fine-weddings.de\/blog\/wp-content\/uploads\/2021\/05\/FW-Logo.png\",\"contentUrl\":\"https:\/\/www.fine-weddings.de\/blog\/wp-content\/uploads\/2021\/05\/FW-Logo.png\",\"width\":500,\"height\":458,\"caption\":\"Fine Weddings & Parties\"},\"image\":{\"@id\":\"https:\/\/www.fine-weddings.de\/blog\/#\/schema\/logo\/image\/\"}},{\"@type\":\"Person\",\"@id\":\"https:\/\/www.fine-weddings.de\/blog\/#\/schema\/person\/ce1c343d34d9b6392a4e44d0e2d8c119\",\"name\":\"Fine Weddings Team\"}]}<\/script>\n<!-- \/ Yoast SEO plugin. -->","yoast_head_json":{"title":"Haute Couture Trends 2018 auf der Pariser Fashion Week","description":"Was sind die Brautmoden-Trends 2018? Eine sehr spannende Frage, dir man nirgendwo besser beantworten kann, als auf der Paris Haute Couture Fashion Week","robots":{"index":"index","follow":"follow","max-snippet":"max-snippet:-1","max-image-preview":"max-image-preview:large","max-video-preview":"max-video-preview:-1"},"canonical":"https:\/\/fine-weddings.de\/blog\/haute-couture-trends-2018-auf-der-pariser-fashion-week\/","og_locale":"de_DE","og_type":"article","og_title":"Haute Couture Trends 2018 auf der Pariser Fashion Week","og_description":"Was sind die Brautmoden-Trends 2018? Eine sehr spannende Frage, dir man nirgendwo besser beantworten kann, als auf der Paris Haute Couture Fashion Week","og_url":"https:\/\/fine-weddings.de\/blog\/haute-couture-trends-2018-auf-der-pariser-fashion-week\/","og_site_name":"FINE WEDDINGS BLOG","article_published_time":"2018-02-16T08:10:50+00:00","article_modified_time":"2018-02-16T13:37:48+00:00","og_image":[{"width":916,"height":687,"url":"https:\/\/fine-weddings.de\/blog\/wp-content\/uploads\/2018\/02\/Teaser.jpg","type":"image\/jpeg"}],"author":"Fine Weddings Team","twitter_card":"summary_large_image","twitter_misc":{"Verfasst von":"Fine Weddings Team","Gesch\u00e4tzte Lesezeit":"2\u00a0Minuten"},"schema":{"@context":"https:\/\/schema.org","@graph":[{"@type":"Article","@id":"https:\/\/fine-weddings.de\/blog\/haute-couture-trends-2018-auf-der-pariser-fashion-week\/#article","isPartOf":{"@id":"https:\/\/fine-weddings.de\/blog\/haute-couture-trends-2018-auf-der-pariser-fashion-week\/"},"author":{"name":"Fine Weddings Team","@id":"https:\/\/www.fine-weddings.de\/blog\/#\/schema\/person\/ce1c343d34d9b6392a4e44d0e2d8c119"},"headline":"Haute Couture Trends 2018 auf der Pariser Fashion Week","datePublished":"2018-02-16T08:10:50+00:00","dateModified":"2018-02-16T13:37:48+00:00","mainEntityOfPage":{"@id":"https:\/\/fine-weddings.de\/blog\/haute-couture-trends-2018-auf-der-pariser-fashion-week\/"},"wordCount":407,"commentCount":0,"publisher":{"@id":"https:\/\/www.fine-weddings.de\/blog\/#organization"},"keywords":["Brautkleid","Brautmode","Bridal Fashion","Elie Saab","Fashion Week Paris","Georges Hobeika","Haute Couture","Heiraten","Hochzeit","Hochzeitsinspiration","Hochzeitsplanung","Hochzeitstrends","Laskaris","Ralph &amp; Russo","Rani Zakhem","Weddingplanner","Weddingtrends"],"articleSection":["Daily dose of inspiration","Experten-Tipps","News","Wedding Trends"],"inLanguage":"de","potentialAction":[{"@type":"CommentAction","name":"Comment","target":["https:\/\/fine-weddings.de\/blog\/haute-couture-trends-2018-auf-der-pariser-fashion-week\/#respond"]}]},{"@type":"WebPage","@id":"https:\/\/fine-weddings.de\/blog\/haute-couture-trends-2018-auf-der-pariser-fashion-week\/","url":"https:\/\/fine-weddings.de\/blog\/haute-couture-trends-2018-auf-der-pariser-fashion-week\/","name":"Haute Couture Trends 2018 auf der Pariser Fashion Week","isPartOf":{"@id":"https:\/\/www.fine-weddings.de\/blog\/#website"},"datePublished":"2018-02-16T08:10:50+00:00","dateModified":"2018-02-16T13:37:48+00:00","description":"Was sind die Brautmoden-Trends 2018? Eine sehr spannende Frage, dir man nirgendwo besser beantworten kann, als auf der Paris Haute Couture Fashion Week","breadcrumb":{"@id":"https:\/\/fine-weddings.de\/blog\/haute-couture-trends-2018-auf-der-pariser-fashion-week\/#breadcrumb"},"inLanguage":"de","potentialAction":[{"@type":"ReadAction","target":["https:\/\/fine-weddings.de\/blog\/haute-couture-trends-2018-auf-der-pariser-fashion-week\/"]}]},{"@type":"BreadcrumbList","@id":"https:\/\/fine-weddings.de\/blog\/haute-couture-trends-2018-auf-der-pariser-fashion-week\/#breadcrumb","itemListElement":[{"@type":"ListItem","position":1,"name":"Home","item":"https:\/\/www.fine-weddings.de\/blog\/"},{"@type":"ListItem","position":2,"name":"Haute Couture Trends 2018 auf der Pariser Fashion Week"}]},{"@type":"WebSite","@id":"https:\/\/www.fine-weddings.de\/blog\/#website","url":"https:\/\/www.fine-weddings.de\/blog\/","name":"FINE WEDDINGS BLOG","description":"Trends und News rund ums Heiraten","publisher":{"@id":"https:\/\/www.fine-weddings.de\/blog\/#organization"},"potentialAction":[{"@type":"SearchAction","target":{"@type":"EntryPoint","urlTemplate":"https:\/\/www.fine-weddings.de\/blog\/?s={search_term_string}"},"query-input":"required name=search_term_string"}],"inLanguage":"de"},{"@type":"Organization","@id":"https:\/\/www.fine-weddings.de\/blog\/#organization","name":"Fine Weddings & Parties","url":"https:\/\/www.fine-weddings.de\/blog\/","logo":{"@type":"ImageObject","inLanguage":"de","@id":"https:\/\/www.fine-weddings.de\/blog\/#\/schema\/logo\/image\/","url":"https:\/\/www.fine-weddings.de\/blog\/wp-content\/uploads\/2021\/05\/FW-Logo.png","contentUrl":"https:\/\/www.fine-weddings.de\/blog\/wp-content\/uploads\/2021\/05\/FW-Logo.png","width":500,"height":458,"caption":"Fine Weddings & Parties"},"image":{"@id":"https:\/\/www.fine-weddings.de\/blog\/#\/schema\/logo\/image\/"}},{"@type":"Person","@id":"https:\/\/www.fine-weddings.de\/blog\/#\/schema\/person\/ce1c343d34d9b6392a4e44d0e2d8c119","name":"Fine Weddings Team"}]}},"_links":{"self":[{"href":"https:\/\/fine-weddings.de\/blog\/wp-json\/wp\/v2\/posts\/14596"}],"collection":[{"href":"https:\/\/fine-weddings.de\/blog\/wp-json\/wp\/v2\/posts"}],"about":[{"href":"https:\/\/fine-weddings.de\/blog\/wp-json\/wp\/v2\/types\/post"}],"author":[{"embeddable":true,"href":"https:\/\/fine-weddings.de\/blog\/wp-json\/wp\/v2\/users\/3"}],"replies":[{"embeddable":true,"href":"https:\/\/fine-weddings.de\/blog\/wp-json\/wp\/v2\/comments?post=14596"}],"version-history":[{"count":7,"href":"https:\/\/fine-weddings.de\/blog\/wp-json\/wp\/v2\/posts\/14596\/revisions"}],"predecessor-version":[{"id":14617,"href":"https:\/\/fine-weddings.de\/blog\/wp-json\/wp\/v2\/posts\/14596\/revisions\/14617"}],"wp:featuredmedia":[{"embeddable":true,"href":"https:\/\/fine-weddings.de\/blog\/wp-json\/wp\/v2\/media\/14599"}],"wp:attachment":[{"href":"https:\/\/fine-weddings.de\/blog\/wp-json\/wp\/v2\/media?parent=14596"}],"wp:term":[{"taxonomy":"category","embeddable":true,"href":"https:\/\/fine-weddings.de\/blog\/wp-json\/wp\/v2\/categories?post=14596"},{"taxonomy":"post_tag","embeddable":true,"href":"https:\/\/fine-weddings.de\/blog\/wp-json\/wp\/v2\/tags?post=14596"}],"curies":[{"name":"wp","href":"https:\/\/api.w.org\/{rel}","templated":true}]}}